{"id":1633,"date":"2024-01-23T09:31:30","date_gmt":"2024-01-23T09:31:30","guid":{"rendered":"https:\/\/www.automakers.cz\/?p=1633"},"modified":"2024-01-24T10:44:39","modified_gmt":"2024-01-24T10:44:39","slug":"anketa-auto-roku-2024-se-chysta-na-finale","status":"publish","type":"post","link":"https:\/\/www.automakers.cz\/?p=1633","title":{"rendered":"Anketa Auto roku 2024 se chyst\u00e1 na fin\u00e1le"},"content":{"rendered":"<p><strong>Porotci ankety Auto roku 2024 v \u010cR ukon\u010dili fin\u00e1ln\u00ed hlasov\u00e1n\u00ed a posledn\u00ed sch\u016fzku p\u0159ed vyhl\u00e1\u0161en\u00edm v\u00fdsledk\u016f leto\u0161n\u00edho ro\u010dn\u00edku m\u011bla tak\u00e9 pracovn\u00ed skupina sout\u011b\u017ee. V centr\u00e1le SDA se 19. ledna se\u0161li z\u00e1stupci svazu a novin\u00e1\u0159sk\u00fdch klub\u016f aby prodiskutovali sc\u00e9n\u00e1\u0159 slavnostn\u00edho zakon\u010den\u00ed ankety.<\/strong><!--more--><\/p>\n<p>Sch\u016fzka pracovn\u00ed skupiny nav\u00e1zala na fin\u00e1lov\u00e9 testy, kter\u00e9 se uskute\u010dnily 3. ledna v hotelu \u010certousy v Horn\u00edch Po\u010dernic\u00edch.<\/p>\n<p>Diskutoval se sc\u00e9n\u00e1\u0159 slavnostn\u00edho vyhl\u00e1\u0161en\u00ed sout\u011b\u017ee, kde krom\u011b v\u00edt\u011bze hlavn\u00ed kategorie budou vyhl\u00e1\u0161eny i v\u00fdsledky ankety PR roku 2023 a Dodavatel pro Auto roku 2024. Organiza\u010dn\u00ed v\u00fdbor mimo to posoudil seznam pozvan\u00fdch host\u016f. <span id=\"more-426\"><\/span><span id=\"more-1199\"><\/span><\/p>\n<p>Vlastn\u00ed slavnostn\u00ed vyhl\u00e1\u0161en\u00ed v\u00edt\u011bze jubilejn\u00edho, t\u0159ic\u00e1t\u00e9ho ro\u010dn\u00edku ankety Auto roku 2024 v \u010cesk\u00e9 republice p\u0159ipravuje jej\u00ed po\u0159adatel \u2013 Svaz dovozc\u016f automobil\u016f v pra\u017esk\u00e9m Kongresov\u00e9m centru na \u00fater\u00fd 6. \u00fanora 2024, od 14. hodin.<\/p>\n<p><strong>V\u00fdsledky 2. kola ankety<\/strong><\/p>\n<p>Porota byla ve sv\u00e9m v\u00fdb\u011bru pro 2. kolo neb\u00fdvale jednotn\u00e1 a p\u011btice finalist\u016f z\u00edskala ze 100 mo\u017en\u00fdch cel\u00fdch 65 hlas\u016f, v lo\u0148sk\u00e9m roce to bylo v pom\u011bru 50:50.<\/p>\n<p><strong><b>Finalist\u00e9 ankety Auto roku 2024 v \u010cesk\u00e9 republice (v abecedn\u00edm po\u0159ad\u00ed):<\/b><\/strong><\/p>\n<p>BMW \u0159ady 5<\/p>\n<p>Hyundai Ioniq6<\/p>\n<p>Kia EV9<\/p>\n<p>Mercedes-Benz t\u0159\u00eddy E<\/p>\n<p>Subaru Crosstrek<\/p>\n<p><img loading=\"lazy\" decoding=\"async\" class=\"alignnone size-medium wp-image-1204\" src=\"http:\/\/www.automakers.cz\/wp-content\/uploads\/2024\/01\/Auto-roku-Certousy-2024-Kia-Mercedes-Hyundai-900x675.jpg\" alt=\"\" width=\"900\" height=\"675\" \/><\/p>\n<p><strong><b>Nominovan\u00e9 vozy: <\/b><\/strong><\/p>\n<p>Alfa Romeo Tonale Q4 PHEV, Audi Q8 e-tron, BMW \u0159ady 5, Citroen C4 X, Ford Bronco, Honda CR-V, Hyundai Ioniq6, Hyundai Kona Electric, Jeep Avenger, Kia EV9, Lexus LM, Lexus RX, Lexus RZ, Mercedes-Benz t\u0159\u00eddy E, MG4 Electric, Mitsubishi ASX, Opel Astra ST GSE, Porsche Cayenne, Renault Espace, Subaru Crosstrek, Toyota Prius PHEV<\/p>\n<p><strong><b> Odborn\u00e1 porota: <\/b><\/strong><\/p>\n<p>B\u011bhal Ond\u0159ej (Autosalon.tv), Borsk\u00fd Michal (CNN Prima News), Busta Michal (Business Car), Dittrich Luk\u00e1\u0161 (Autosalon.tv), Kv\u00e1\u0161ov\u00e1 Sabina (\u017dena v aut\u011b), Hanke Petr (Automobil Revue), Hyan Tom\u00e1\u0161 (TH Auto), K\u00e1\u0148a Leo\u0161 (Sv\u011bt motor\u016f), Kolman Stanislav (Gar\u00e1\u017e.cz), La\u017eansk\u00fd Milan (Novinky.cz), Majurn\u00edk Jan (Gar\u00e1\u017e.cz), Mi\u010dka Jan (Autorevue.cz), M\u00fcller Martin (MM Automotive), Pec\u00e1k Radek (Den\u00edk.cz), Rejlek Jakub (Faster), Rybeck\u00fd Vladim\u00edr (Autoweek), Hole\u010dek Petr (Metro\/idnes.cz), \u0160idl\u00e1k Martin (Flotila), Srpov\u00e1 Eva (Hospod\u00e1\u0159sk\u00e9 noviny), Tom\u00ed\u0161ek Marek (fdrive.cz)<\/p>\n<p><img loading=\"lazy\" decoding=\"async\" class=\"alignnone size-medium wp-image-1205\" src=\"http:\/\/www.automakers.cz\/wp-content\/uploads\/2024\/01\/Certousy-2024-Kia-Mercedes-900x675.jpg\" alt=\"\" width=\"900\" height=\"675\" \/><\/p>\n<p>&nbsp;<\/p>\n<figure class=\"wp-block-embed wp-block-embed-youtube is-type-video is-provider-youtube epyt-figure\">\n<div class=\"wp-block-embed__wrapper\"><iframe loading=\"lazy\" id=\"_ytid_29125\" class=\"__youtube_prefs__ no-lazyload\" title=\"AUTO ROKU 2024: Prvn\u00ed kolo j\u00edzd poroty\" src=\"https:\/\/www.youtube.com\/embed\/TBzbTJOmlv8?enablejsapi=1&amp;autoplay=0&amp;cc_load_policy=0&amp;cc_lang_pref=&amp;iv_load_policy=1&amp;loop=0&amp;modestbranding=0&amp;rel=1&amp;fs=1&amp;playsinline=0&amp;autohide=2&amp;theme=dark&amp;color=red&amp;controls=1&amp;\" width=\"640\" height=\"360\" allowfullscreen=\"allowfullscreen\" data-origwidth=\"640\" data-origheight=\"360\" data-no-lazy=\"1\" data-skipgform_ajax_framebjll=\"\" data-mce-fragment=\"1\"><\/iframe><\/div>\n<\/figure>\n<p><strong>Zdroj: Erich Handl, organiza\u010dn\u00ed v\u00fdbor ankety, VIDEO: Lud\u011bk Kortus<\/strong><\/p>\n<p>&nbsp;<\/p>\n","protected":false},"excerpt":{"rendered":"<p>Porotci ankety Auto roku 2024 v \u010cR ukon\u010dili fin\u00e1ln\u00ed hlasov\u00e1n\u00ed a posledn\u00ed sch\u016fzku p\u0159ed vyhl\u00e1\u0161en\u00edm&#8230;<\/p>\n","protected":false},"author":1,"featured_media":1590,"comment_status":"open","ping_status":"open","sticky":false,"template":"","format":"standard","meta":{"footnotes":""},"categories":[32,27],"tags":[],"class_list":["post-1633","post","type-post","status-publish","format-standard","has-post-thumbnail","hentry","category-ankety","category-novinari"],"_links":{"self":[{"href":"https:\/\/www.automakers.cz\/index.php?rest_route=\/wp\/v2\/posts\/1633","targetHints":{"allow":["GET"]}}],"collection":[{"href":"https:\/\/www.automakers.cz\/index.php?rest_route=\/wp\/v2\/posts"}],"about":[{"href":"https:\/\/www.automakers.cz\/index.php?rest_route=\/wp\/v2\/types\/post"}],"author":[{"embeddable":true,"href":"https:\/\/www.automakers.cz\/index.php?rest_route=\/wp\/v2\/users\/1"}],"replies":[{"embeddable":true,"href":"https:\/\/www.automakers.cz\/index.php?rest_route=%2Fwp%2Fv2%2Fcomments&post=1633"}],"version-history":[{"count":3,"href":"https:\/\/www.automakers.cz\/index.php?rest_route=\/wp\/v2\/posts\/1633\/revisions"}],"predecessor-version":[{"id":1661,"href":"https:\/\/www.automakers.cz\/index.php?rest_route=\/wp\/v2\/posts\/1633\/revisions\/1661"}],"wp:featuredmedia":[{"embeddable":true,"href":"https:\/\/www.automakers.cz\/index.php?rest_route=\/wp\/v2\/media\/1590"}],"wp:attachment":[{"href":"https:\/\/www.automakers.cz\/index.php?rest_route=%2Fwp%2Fv2%2Fmedia&parent=1633"}],"wp:term":[{"taxonomy":"category","embeddable":true,"href":"https:\/\/www.automakers.cz\/index.php?rest_route=%2Fwp%2Fv2%2Fcategories&post=1633"},{"taxonomy":"post_tag","embeddable":true,"href":"https:\/\/www.automakers.cz\/index.php?rest_route=%2Fwp%2Fv2%2Ftags&post=1633"}],"curies":[{"name":"wp","href":"https:\/\/api.w.org\/{rel}","templated":true}]}}