{"id":16340,"date":"2025-09-16T09:38:40","date_gmt":"2025-09-16T09:38:40","guid":{"rendered":"https:\/\/www.automakers.cz\/?p=16340"},"modified":"2025-09-16T09:41:56","modified_gmt":"2025-09-16T09:41:56","slug":"hodnota-byd-na-burze-spadla-o-tretinu","status":"publish","type":"post","link":"https:\/\/www.automakers.cz\/?p=16340","title":{"rendered":"Hodnota BYD na burze spadla o t\u0159etinu"},"content":{"rendered":"<p class=\"c_bs j_if speakable\" data-dot=\"ogm-article-perex\"><strong>Akcie automobilky BYD, kotovan\u00e9 na frankfurtsk\u00e9 burze, v uplynul\u00fdch \u010dty\u0159ech m\u011bs\u00edc\u00edch odepsaly zhruba t\u0159etinu sv\u00e9 hodnoty. Doporu\u010den\u00ed prodat akcie nav\u00edc vydalo nejv\u00edce analytik\u016f za posledn\u00ed t\u0159i roky, p\u00ed\u0161\u00ed novinky.cz.<\/strong><!--more--><\/p>\n<div class=\"_67f5fff6d27cec3392ad16c3 ogm-container\">\n<div class=\"j_ip\" data-e2e=\"ogm-article-layout\">\n<article class=\"j_ir\" role=\"article\" aria-labelledby=\"accessibility-article\">\n<div class=\"j_iq\" data-dot=\"ogm-article-content\">\n<div class=\"f_fu f_bx f_bx\">\n<div class=\"f_bs speakable\" data-dot=\"mol-paragraph\">\n<div class=\"f_bs speakable\" data-dot=\"mol-paragraph\">\n<p class=\"c_bs\"><span class=\"c_fT\">Cenn\u00e9 pap\u00edry firmy dos\u00e1hly nejvy\u0161\u0161\u00ed hodnoty na konci kv\u011btna. Jedna akcie se tehdy obchodovala za 19,71\u00a0dolaru, tedy v\u00edce ne\u017e 400\u00a0korun.<strong> Minul\u00fd p\u00e1tek to bylo jen 13,34 dolaru, asi 275 korun.<\/strong> Hodnota cel\u00e9 firmy v\u00a0d\u016fsledku toho za zm\u00edn\u011bn\u00e9 obdob\u00ed propadla o\u00a0zhruba 930\u00a0miliard korun.<\/span><\/p>\n<\/div>\n<div class=\"f_bs speakable\" data-dot=\"mol-paragraph\">\n<p class=\"c_bs\"><span class=\"c_fT\">K poklesu p\u0159isp\u011bla i data o hospoda\u0159en\u00ed za druh\u00e9 \u010dtvrtlet\u00ed. Spole\u010dnost vyk\u00e1zala propad zisku o 30 procent. Byl to v\u016fbec prvn\u00ed pokles za v\u00edce ne\u017e t\u0159i roky.<\/span><\/p>\n<\/div>\n<p class=\"c_bs\"><span class=\"c_fT\">\u201eI kdy\u017e se domn\u00edv\u00e1m, \u017ee si investo\u0159i zachovaj\u00ed pozitivn\u00ed dlouhodob\u00fd pohled, existuj\u00ed obavy z agresivn\u00ed strategie spole\u010dnosti BYD,\u201c \u0159ekl pro Bloomberg<strong> Kevin Net, vedouc\u00ed asijsk\u00fdch akci\u00ed ve spole\u010dnosti Financiere de L Echiquier.<\/strong><\/span><\/p>\n<\/div>\n<div class=\"f_bs speakable\" data-dot=\"mol-paragraph\">\n<p class=\"c_bs\"><span class=\"c_fT\">Nar\u00e1\u017eel pr\u00e1v\u011b na zm\u00edn\u011bnou snahu z\u00edskat z\u00e1kazn\u00edky extr\u00e9mn\u011b n\u00edzk\u00fdmi cenami. BYD v\u00a0\u010c\u00edn\u011b letos zlevnilo elektromobily tak, \u017ee se tam v\u00a0p\u0159epo\u010dtu prod\u00e1vaj\u00ed za m\u00e9n\u011b ne\u017e 170\u00a0tis\u00edc korun.<\/span><\/p>\n<figure id=\"attachment_15999\" aria-describedby=\"caption-attachment-15999\" style=\"width: 900px\" class=\"wp-caption alignnone\"><img loading=\"lazy\" decoding=\"async\" class=\"size-medium wp-image-15999\" src=\"http:\/\/www.automakers.cz\/wp-content\/uploads\/2025\/09\/BYD-Seal-Touring-900x506.jpg\" alt=\"\" width=\"900\" height=\"506\" srcset=\"https:\/\/www.automakers.cz\/wp-content\/uploads\/2025\/09\/BYD-Seal-Touring-900x506.jpg 900w, https:\/\/www.automakers.cz\/wp-content\/uploads\/2025\/09\/BYD-Seal-Touring-1024x576.jpg 1024w, https:\/\/www.automakers.cz\/wp-content\/uploads\/2025\/09\/BYD-Seal-Touring-768x432.jpg 768w, https:\/\/www.automakers.cz\/wp-content\/uploads\/2025\/09\/BYD-Seal-Touring-1536x864.jpg 1536w, https:\/\/www.automakers.cz\/wp-content\/uploads\/2025\/09\/BYD-Seal-Touring-1280x720.jpg 1280w, https:\/\/www.automakers.cz\/wp-content\/uploads\/2025\/09\/BYD-Seal-Touring.jpg 2048w\" sizes=\"auto, (max-width: 900px) 100vw, 900px\" \/><figcaption id=\"caption-attachment-15999\" class=\"wp-caption-text\"><strong>Posledn\u00ed prezentaci v \u010cR m\u011bl BYD na za\u010d\u00e1tku z\u00e1\u0159\u00ed ve Vod\u011br\u00e1dk\u00e1ch u Prahy; FOTO: Erich Handl<\/strong><\/figcaption><\/figure>\n<\/div>\n<div class=\"f_hl js-ad f_bw\">\n<div class=\"f_fw f_gn mol-document-link--advert f_gp\" data-dot=\"mol-document-link-advert\">\n<div><\/div>\n<div class=\"f_gg\"><span class=\"c_fT\">Z\u00e1sadn\u00ed pro dal\u0161\u00ed v\u00fdvoj bude p\u0159edstaven\u00ed nov\u00fdch model\u016f v prvn\u00edm kvart\u00e1le p\u0159\u00ed\u0161t\u00edho roku. Spole\u010dnost prezentaci novinek odlo\u017eila, aby vozidla u\u010dinila konkurenceschopn\u011bj\u0161\u00edmi.<\/span><\/div>\n<div><\/div>\n<div><strong>Zdroj: novinky.cz, burza\u00a0<\/strong><\/div>\n<\/div>\n<\/div>\n<\/div>\n<\/div>\n<\/article>\n<\/div>\n<\/div>\n","protected":false},"excerpt":{"rendered":"<p>Akcie automobilky BYD, kotovan\u00e9 na frankfurtsk\u00e9 burze, v uplynul\u00fdch \u010dty\u0159ech m\u011bs\u00edc\u00edch odepsaly zhruba t\u0159etinu sv\u00e9&#8230;<\/p>\n","protected":false},"author":1,"featured_media":15080,"comment_status":"closed","ping_status":"closed","sticky":false,"template":"","format":"standard","meta":{"footnotes":""},"categories":[42,98],"tags":[],"class_list":["post-16340","post","type-post","status-publish","format-standard","has-post-thumbnail","hentry","category-analyza","category-burza"],"_links":{"self":[{"href":"https:\/\/www.automakers.cz\/index.php?rest_route=\/wp\/v2\/posts\/16340","targetHints":{"allow":["GET"]}}],"collection":[{"href":"https:\/\/www.automakers.cz\/index.php?rest_route=\/wp\/v2\/posts"}],"about":[{"href":"https:\/\/www.automakers.cz\/index.php?rest_route=\/wp\/v2\/types\/post"}],"author":[{"embeddable":true,"href":"https:\/\/www.automakers.cz\/index.php?rest_route=\/wp\/v2\/users\/1"}],"replies":[{"embeddable":true,"href":"https:\/\/www.automakers.cz\/index.php?rest_route=%2Fwp%2Fv2%2Fcomments&post=16340"}],"version-history":[{"count":2,"href":"https:\/\/www.automakers.cz\/index.php?rest_route=\/wp\/v2\/posts\/16340\/revisions"}],"predecessor-version":[{"id":16343,"href":"https:\/\/www.automakers.cz\/index.php?rest_route=\/wp\/v2\/posts\/16340\/revisions\/16343"}],"wp:featuredmedia":[{"embeddable":true,"href":"https:\/\/www.automakers.cz\/index.php?rest_route=\/wp\/v2\/media\/15080"}],"wp:attachment":[{"href":"https:\/\/www.automakers.cz\/index.php?rest_route=%2Fwp%2Fv2%2Fmedia&parent=16340"}],"wp:term":[{"taxonomy":"category","embeddable":true,"href":"https:\/\/www.automakers.cz\/index.php?rest_route=%2Fwp%2Fv2%2Fcategories&post=16340"},{"taxonomy":"post_tag","embeddable":true,"href":"https:\/\/www.automakers.cz\/index.php?rest_route=%2Fwp%2Fv2%2Ftags&post=16340"}],"curies":[{"name":"wp","href":"https:\/\/api.w.org\/{rel}","templated":true}]}}