{"id":16344,"date":"2025-09-16T15:35:05","date_gmt":"2025-09-16T15:35:05","guid":{"rendered":"https:\/\/www.automakers.cz\/?p=16344"},"modified":"2025-09-16T15:35:05","modified_gmt":"2025-09-16T15:35:05","slug":"arval-telematiku-ma-v-autech-47-firem","status":"publish","type":"post","link":"https:\/\/www.automakers.cz\/?p=16344","title":{"rendered":"Arval: Telematiku m\u00e1 v autech 47 % firem"},"content":{"rendered":"<p><strong>\u010cesk\u00e9 firmy maj\u00ed ve sv\u00fdch vozov\u00fdch parc\u00edch telematiku nej\u010dast\u011bji v cel\u00e9 Evrop\u011b. Alespo\u0148 \u010d\u00e1st vozov\u00e9ho parku m\u00e1 t\u00edmto \u0159e\u0161en\u00edm propojen\u00fdch 47 % tuzemsk\u00fdch firem, evropsk\u00fd pr\u016fm\u011br je p\u0159itom 38 %. Uv\u00e1d\u00ed to aktu\u00e1ln\u00ed pr\u016fzkum Arval Mobility Observatory.<\/strong><!--more--><\/p>\n<p>Pod\u00edl \u010desk\u00fdch firem, kter\u00e9 maj\u00ed vozidla propojen\u00e1 telematikou vzrostl podle pr\u016fzkumu Arvalu meziro\u010dn\u011b o 5 procentn\u00edch bod\u016f, nejv\u00edce vzrostlo vyu\u017eit\u00ed telematiky ve firemn\u00edch flotil\u00e1ch u mal\u00fdch firem, ze 42 na 52 %.<\/p>\n<p><strong>R\u016fst telematiky v \u010cesku p\u0159ekonal zbytek Evropy<\/strong><\/p>\n<p>Propojen\u00ed firemn\u00edch vozidel telematikou v \u010cesku p\u0159ekonalo podle pr\u016fzkumu Arvalu zbytek Evropy. V tuzemsk\u00fdch firm\u00e1ch vzrostl pod\u00edl firemn\u00edch vozidel s telematikou o 5 procentn\u00edch bod\u016f na 47 %, evropsk\u00fd pr\u016fm\u011br je p\u0159itom 38 %. \u010cesk\u00e9 firmy p\u0159edehnaly v Norsko (46 %) a D\u00e1nsko (43 %) a dotahuj\u00ed sv\u011btov\u00e9 l\u00eddry Turecko (53 %) nebo Spojen\u00e9 st\u00e1ty americk\u00e9 (51 %).<\/p>\n<p>\u201e\u010cesk\u00e9 firmy jsou v zapojov\u00e1n\u00ed telematick\u00fdch n\u00e1stroj\u016f do firemn\u00edch flotil v\u00fdrazn\u011b nap\u0159ed p\u0159ed zbytkem Evropy. V tuzemsk\u00fdch firm\u00e1ch je n\u011bjak\u00e1 forma monitoringu slu\u017eebn\u00edch vozidel b\u011b\u017enou sou\u010d\u00e1st\u00ed spr\u00e1vy fleet\u016f ji\u017e mnoho let. Se zdokonalov\u00e1n\u00edm telematick\u00fdch n\u00e1stroj\u016f a aplikac\u00ed na n\u011b p\u0159ech\u00e1z\u00ed st\u00e1le v\u011bt\u0161\u00ed mno\u017estv\u00ed firem,\u201c konstatuje Tom\u00e1\u0161 Kade\u0159\u00e1bek, \u0161\u00e9fkonzultant leasingov\u00e9 spole\u010dnosti Arval.<\/p>\n<p><img loading=\"lazy\" decoding=\"async\" class=\"alignnone wp-image-16347\" src=\"http:\/\/www.automakers.cz\/wp-content\/uploads\/2025\/09\/TZ-Arval-Telematika_ilustracni-2-900x600.jpg\" alt=\"\" width=\"1100\" height=\"733\" srcset=\"https:\/\/www.automakers.cz\/wp-content\/uploads\/2025\/09\/TZ-Arval-Telematika_ilustracni-2-900x600.jpg 900w, https:\/\/www.automakers.cz\/wp-content\/uploads\/2025\/09\/TZ-Arval-Telematika_ilustracni-2-1024x683.jpg 1024w, https:\/\/www.automakers.cz\/wp-content\/uploads\/2025\/09\/TZ-Arval-Telematika_ilustracni-2-768x512.jpg 768w, https:\/\/www.automakers.cz\/wp-content\/uploads\/2025\/09\/TZ-Arval-Telematika_ilustracni-2.jpg 1536w\" sizes=\"auto, (max-width: 1100px) 100vw, 1100px\" \/><strong>Telematika vede ke sn\u00ed\u017een\u00ed provozn\u00edch n\u00e1klad\u016f i emis\u00ed<\/strong><\/p>\n<p>Telematick\u00e9 aplikace budou v bl\u00edzk\u00e9 budoucnosti p\u0159isp\u00edvat ke sn\u00ed\u017een\u00ed uhl\u00edkov\u00e9 stopy firemn\u00edch fleet\u016f. Ukazuje to Sustainability Playbook od britsk\u00e9 spole\u010dnosti MiX Telematics, podle kter\u00e9 m\u016f\u017ee monitorov\u00e1n\u00ed firemn\u00edch j\u00edzd sn\u00ed\u017eit o 10 \u2013 20 % emise CO2 z dopravy. Z\u00e1rove\u0148 firm\u00e1m dok\u00e1\u017ee uspo\u0159it n\u00e1klady na provoz vozidel a\u017e o 15 %.<\/p>\n<p>\u201eTelematick\u00e9 n\u00e1stroje vedou ke zv\u00fd\u0161en\u00ed efektivity tras, umo\u017e\u0148uj\u00ed monitorovat j\u00edzdy a \u010dinit opat\u0159en\u00ed ke sn\u00ed\u017een\u00ed spot\u0159eby paliva. To v\u0161e \u0161et\u0159\u00ed firemn\u00ed rozpo\u010det na mobilitu, ale tak\u00e9 to vede k v\u00fdznamn\u00e9mu sn\u00ed\u017een\u00ed emis\u00ed,\u201c konstatuje Tom\u00e1\u0161 Kade\u0159\u00e1bek z Arvalu.<\/p>\n<p><img loading=\"lazy\" decoding=\"async\" class=\"alignnone wp-image-16348\" src=\"http:\/\/www.automakers.cz\/wp-content\/uploads\/2025\/09\/TZ-Arval-Telematika_ilustracni-3-900x491.jpg\" alt=\"\" width=\"1072\" height=\"585\" srcset=\"https:\/\/www.automakers.cz\/wp-content\/uploads\/2025\/09\/TZ-Arval-Telematika_ilustracni-3-900x491.jpg 900w, https:\/\/www.automakers.cz\/wp-content\/uploads\/2025\/09\/TZ-Arval-Telematika_ilustracni-3-1024x559.jpg 1024w, https:\/\/www.automakers.cz\/wp-content\/uploads\/2025\/09\/TZ-Arval-Telematika_ilustracni-3-768x419.jpg 768w, https:\/\/www.automakers.cz\/wp-content\/uploads\/2025\/09\/TZ-Arval-Telematika_ilustracni-3-1536x838.jpg 1536w, https:\/\/www.automakers.cz\/wp-content\/uploads\/2025\/09\/TZ-Arval-Telematika_ilustracni-3.jpg 1600w\" sizes=\"auto, (max-width: 1072px) 100vw, 1072px\" \/><strong>\u010cesk\u00e9 firmy telematiku maj\u00ed, vyhodnocov\u00e1n\u00ed dat z n\u00ed zat\u00edm jen zva\u017euj\u00ed<\/strong><\/p>\n<p>P\u0159esto\u017ee maj\u00ed tuzemsk\u00e9 firmy nejv\u011bt\u0161\u00ed pod\u00edl propojen\u00fdch vozidel v Evrop\u011b, pravidelnou a d\u016fkladnou pr\u00e1ci s daty z\u00edskan\u00fdmi z telematiky spole\u010dnosti zat\u00edm sp\u00ed\u0161e zva\u017euj\u00ed. Jen 13 % firem, kter\u00e9 maj\u00ed propojen\u00e1 vozidla telematikou, vyu\u017e\u00edv\u00e1 jej\u00ed data pro dal\u0161\u00ed pr\u00e1ci s \u0159idi\u010di nad r\u00e1mec prost\u00e9 tvorby knihy j\u00edzd, dal\u0161\u00edch 50 % o tom uva\u017euje v n\u00e1sleduj\u00edc\u00edch t\u0159ech letech. Mezi evropsk\u00fdmi firmami, kter\u00e9 maj\u00ed ve fleetech telematiku, pracuje s daty 14 % dotazovan\u00fdch firem, dal\u0161\u00edch 47 % pl\u00e1nuje jejich vyu\u017eit\u00ed v p\u0159\u00ed\u0161t\u00edch t\u0159ech letech.<\/p>\n<p>\u201eTelematick\u00e9 n\u00e1stroje umo\u017e\u0148uj\u00ed firm\u00e1m vyhodnocovat spot\u0159ebu paliva, styl j\u00edzdy jednotliv\u00fdch \u0159idi\u010d\u016f nebo nap\u0159\u00edklad dodr\u017eov\u00e1n\u00ed povinn\u00fdch p\u0159est\u00e1vek. Nav\u00edc umo\u017e\u0148uj\u00ed optimalizovat trasy \u010di pl\u00e1novat servis dle technick\u00e9ho stavu jednotliv\u00fdch vozidel ve fleetu. Aby firma dos\u00e1hla \u00faspor, je t\u0159eba hledat ve vozov\u00fdch parc\u00edch neefektivity a ty odstra\u0148ovat. V tom mohou telematick\u00e1 data p\u0159i optim\u00e1ln\u00edm vyu\u017e\u00edv\u00e1n\u00ed pomoci,\u201c uzav\u00edr\u00e1 Tom\u00e1\u0161 Kade\u0159\u00e1bek z Arvalu.<\/p>\n<p><img loading=\"lazy\" decoding=\"async\" class=\"alignnone wp-image-16346\" src=\"http:\/\/www.automakers.cz\/wp-content\/uploads\/2025\/09\/TZ-ARVAL-Telematika_ilustracni-4-900x600.jpg\" alt=\"\" width=\"1106\" height=\"737\" srcset=\"https:\/\/www.automakers.cz\/wp-content\/uploads\/2025\/09\/TZ-ARVAL-Telematika_ilustracni-4-900x600.jpg 900w, https:\/\/www.automakers.cz\/wp-content\/uploads\/2025\/09\/TZ-ARVAL-Telematika_ilustracni-4-1024x682.jpg 1024w, https:\/\/www.automakers.cz\/wp-content\/uploads\/2025\/09\/TZ-ARVAL-Telematika_ilustracni-4-768x512.jpg 768w, https:\/\/www.automakers.cz\/wp-content\/uploads\/2025\/09\/TZ-ARVAL-Telematika_ilustracni-4.jpg 1280w\" sizes=\"auto, (max-width: 1106px) 100vw, 1106px\" \/><\/p>\n","protected":false},"excerpt":{"rendered":"<p>\u010cesk\u00e9 firmy maj\u00ed ve sv\u00fdch vozov\u00fdch parc\u00edch telematiku nej\u010dast\u011bji v cel\u00e9 Evrop\u011b. Alespo\u0148 \u010d\u00e1st vozov\u00e9ho&#8230;<\/p>\n","protected":false},"author":2,"featured_media":16345,"comment_status":"closed","ping_status":"closed","sticky":false,"template":"","format":"standard","meta":{"footnotes":""},"categories":[57,60,10,40],"tags":[],"class_list":["post-16344","post","type-post","status-publish","format-standard","has-post-thumbnail","hentry","category-emise","category-software","category-statistika","category-technologie"],"_links":{"self":[{"href":"https:\/\/www.automakers.cz\/index.php?rest_route=\/wp\/v2\/posts\/16344","targetHints":{"allow":["GET"]}}],"collection":[{"href":"https:\/\/www.automakers.cz\/index.php?rest_route=\/wp\/v2\/posts"}],"about":[{"href":"https:\/\/www.automakers.cz\/index.php?rest_route=\/wp\/v2\/types\/post"}],"author":[{"embeddable":true,"href":"https:\/\/www.automakers.cz\/index.php?rest_route=\/wp\/v2\/users\/2"}],"replies":[{"embeddable":true,"href":"https:\/\/www.automakers.cz\/index.php?rest_route=%2Fwp%2Fv2%2Fcomments&post=16344"}],"version-history":[{"count":4,"href":"https:\/\/www.automakers.cz\/index.php?rest_route=\/wp\/v2\/posts\/16344\/revisions"}],"predecessor-version":[{"id":16352,"href":"https:\/\/www.automakers.cz\/index.php?rest_route=\/wp\/v2\/posts\/16344\/revisions\/16352"}],"wp:featuredmedia":[{"embeddable":true,"href":"https:\/\/www.automakers.cz\/index.php?rest_route=\/wp\/v2\/media\/16345"}],"wp:attachment":[{"href":"https:\/\/www.automakers.cz\/index.php?rest_route=%2Fwp%2Fv2%2Fmedia&parent=16344"}],"wp:term":[{"taxonomy":"category","embeddable":true,"href":"https:\/\/www.automakers.cz\/index.php?rest_route=%2Fwp%2Fv2%2Fcategories&post=16344"},{"taxonomy":"post_tag","embeddable":true,"href":"https:\/\/www.automakers.cz\/index.php?rest_route=%2Fwp%2Fv2%2Ftags&post=16344"}],"curies":[{"name":"wp","href":"https:\/\/api.w.org\/{rel}","templated":true}]}}