{"id":16364,"date":"2025-09-17T05:08:17","date_gmt":"2025-09-17T05:08:17","guid":{"rendered":"https:\/\/www.automakers.cz\/?p=16364"},"modified":"2025-09-17T05:08:41","modified_gmt":"2025-09-17T05:08:41","slug":"ford-rusi-v-koline-nad-rynem-dalsich-1000-mist","status":"publish","type":"post","link":"https:\/\/www.automakers.cz\/?p=16364","title":{"rendered":"Ford ru\u0161\u00ed v Kol\u00edn\u011b nad R\u00fdnem dal\u0161\u00edch 1000 m\u00edst"},"content":{"rendered":"<p class=\"c_bs j_if speakable\" data-dot=\"ogm-article-perex\"><strong>Ford zru\u0161\u00ed v Kol\u00edn\u011b nad R\u00fdnem do ledna p\u0159\u00ed\u0161t\u00edho roku dal\u0161\u00edch 1000 pozic. Je to nad r\u00e1mec schv\u00e1len\u00e9ho \u00fasporn\u00e9ho pl\u00e1nu, p\u00ed\u0161\u00ed n\u011bmeck\u00e1 m\u00e9dia. V\u00fdroba m\u00e1 p\u0159ej\u00edt z dosavadn\u00edho dvousm\u011bnn\u00e9ho provozu na jednosm\u011bnn\u00fd. D\u016fvodem je slab\u00e1 popt\u00e1vka po elektromobilech.<\/strong><!--more--><\/p>\n<div class=\"_67f5fff6d27cec3392ad16c3 ogm-container\">\n<div class=\"j_ip\" data-e2e=\"ogm-article-layout\">\n<article class=\"j_ir\" role=\"article\" aria-labelledby=\"accessibility-article\">\n<div class=\"j_iq\" data-dot=\"ogm-article-content\">\n<div class=\"f_fu f_bx f_bx\">\n<div class=\"f_bs speakable\" data-dot=\"mol-paragraph\">\n<p class=\"c_bs\"><span class=\"c_fT\">Veden\u00ed spole\u010dnosti se rozhodlo pro \u00fasporn\u00fd program u\u017e loni. Pl\u00e1n po\u010d\u00edtal s\u00a0t\u00edm, \u017ee do konce roku 2027\u00a0se zru\u0161\u00ed celkem 2900\u00a0pracovn\u00edch m\u00edst &#8211; od administrativy, rozvoje p\u0159es dal\u0161\u00ed odd\u011blen\u00ed firmy. Zam\u011bstnanci maj\u00ed odej\u00edt dobrovoln\u011b a\u00a0pob\u00edrat odstupn\u00e9 nebo odej\u00edt do \u010d\u00e1ste\u010dn\u00e9ho d\u016fchodu. Tento \u00fasporn\u00fd pl\u00e1n se nyn\u00ed roz\u0161i\u0159uje o\u00a0dal\u0161\u00edch 1000\u00a0pracovn\u00edch m\u00edst.<\/span><\/p>\n<\/div>\n<div class=\"f_bs speakable\" data-dot=\"mol-paragraph\">\n<p class=\"c_bs\"><span class=\"c_fT\">\u201eJsme si v\u011bdomi dopadu na na\u0161e zam\u011bstnance a jsme odhodl\u00e1ni poskytnout posti\u017een\u00fdm nejlep\u0161\u00ed mo\u017enou podporu,\u201c uvedlo veden\u00ed automobilky. Zat\u00edm se nebude propou\u0161t\u011bt \u201enatvrdo\u201c, pokud ale dobrovoln\u011b odejde p\u0159\u00edli\u0161 m\u00e1lo zam\u011bstnanc\u016f, chce Ford tlak zv\u00fd\u0161it \u2013 a propou\u0161t\u011bn\u00ed by mohlo n\u00e1sledovat, p\u00ed\u0161e Focus.<\/span><\/p>\n<\/div>\n<div class=\"f_bs speakable\" data-dot=\"mol-paragraph\">\n<p class=\"c_bs\"><span class=\"c_fT\">\u00dasporn\u00fd pl\u00e1n vyvolal v automobilce poprv\u00e9 v jej\u00ed stolet\u00e9 historii st\u00e1vku. Nakonec zam\u011bstnanci \u00fasporn\u00fd program p\u0159ijali. Nyn\u00ed p\u0159ich\u00e1z\u00ed dal\u0161\u00ed \u00fader.<\/span><\/p>\n<\/div>\n<div class=\"f_bs speakable\" data-dot=\"mol-paragraph\">\n<p class=\"c_bs\"><span class=\"c_fT\">Ford v posledn\u00edch letech investoval dv\u011b miliardy dolar\u016f do p\u0159em\u011bny kol\u00ednsk\u00e9ho z\u00e1vodu na centrum v\u00fdroby elektromobil\u016f, ale stagnuj\u00edc\u00ed popt\u00e1vka a pomal\u00e9 tempo v\u00fdstavby infrastruktury pro nab\u00edjen\u00ed zpomaluj\u00ed n\u00e1vratnost investice.<\/span><\/p>\n<p><img loading=\"lazy\" decoding=\"async\" class=\"alignnone size-medium wp-image-12108\" src=\"http:\/\/www.automakers.cz\/wp-content\/uploads\/2025\/04\/2023Ford_NewElectricExplorer_Norway_09-2-900x686.jpg\" alt=\"\" width=\"900\" height=\"686\" srcset=\"https:\/\/www.automakers.cz\/wp-content\/uploads\/2025\/04\/2023Ford_NewElectricExplorer_Norway_09-2-900x686.jpg 900w, https:\/\/www.automakers.cz\/wp-content\/uploads\/2025\/04\/2023Ford_NewElectricExplorer_Norway_09-2-1024x781.jpg 1024w, https:\/\/www.automakers.cz\/wp-content\/uploads\/2025\/04\/2023Ford_NewElectricExplorer_Norway_09-2-768x586.jpg 768w, https:\/\/www.automakers.cz\/wp-content\/uploads\/2025\/04\/2023Ford_NewElectricExplorer_Norway_09-2-1536x1171.jpg 1536w, https:\/\/www.automakers.cz\/wp-content\/uploads\/2025\/04\/2023Ford_NewElectricExplorer_Norway_09-2.jpg 1782w\" sizes=\"auto, (max-width: 900px) 100vw, 900px\" \/><span class=\"c_fT\"><strong>Podle Spolkov\u00e9ho \u00fa\u0159adu pro motorovou dopravu (KBA)<\/strong> bylo v N\u011bmecku letos v obdob\u00ed m\u011bs\u00edc\u00edch leden a\u017e srpen registrov\u00e1no p\u0159ibli\u017en\u011b 74 tis\u00edc osobn\u00edch automobil\u016f Ford, z toho p\u0159ibli\u017en\u011b 20 tis\u00edc s elektrick\u00fdm pohonem. Pat\u0159\u00ed sem i dal\u0161\u00ed elektromobily od spole\u010dnosti Ford, kter\u00e9 se v Kol\u00edn\u011b nad R\u00fdnem nevyr\u00e1b\u011bj\u00ed. Nen\u00ed zn\u00e1mo, kolik kol\u00ednsk\u00fdch elektromobil\u016f se prodalo. Faktem je, \u017ee za prvn\u00ed polovinu leto\u0161n\u00edho roku automobilka zaznamenala meziro\u010dn\u00ed pokles prodej\u016f o 1,5 procenta, a jej\u00ed zastoupen\u00ed na evropsk\u00e9m trhu se smrsklo na 3,3 procenta.<\/span><\/p>\n<\/div>\n<div class=\"f_bs speakable\" data-dot=\"mol-paragraph\">\n<p><strong>Zdroj: novinky.cz<\/strong><\/p>\n<\/div>\n<\/div>\n<\/div>\n<\/article>\n<\/div>\n<\/div>\n","protected":false},"excerpt":{"rendered":"<p>Ford zru\u0161\u00ed v Kol\u00edn\u011b nad R\u00fdnem do ledna p\u0159\u00ed\u0161t\u00edho roku dal\u0161\u00edch 1000 pozic. Je to&#8230;<\/p>\n","protected":false},"author":1,"featured_media":12107,"comment_status":"closed","ping_status":"closed","sticky":false,"template":"","format":"standard","meta":{"footnotes":""},"categories":[5,18],"tags":[],"class_list":["post-16364","post","type-post","status-publish","format-standard","has-post-thumbnail","hentry","category-personalie","category-vyroba"],"_links":{"self":[{"href":"https:\/\/www.automakers.cz\/index.php?rest_route=\/wp\/v2\/posts\/16364","targetHints":{"allow":["GET"]}}],"collection":[{"href":"https:\/\/www.automakers.cz\/index.php?rest_route=\/wp\/v2\/posts"}],"about":[{"href":"https:\/\/www.automakers.cz\/index.php?rest_route=\/wp\/v2\/types\/post"}],"author":[{"embeddable":true,"href":"https:\/\/www.automakers.cz\/index.php?rest_route=\/wp\/v2\/users\/1"}],"replies":[{"embeddable":true,"href":"https:\/\/www.automakers.cz\/index.php?rest_route=%2Fwp%2Fv2%2Fcomments&post=16364"}],"version-history":[{"count":3,"href":"https:\/\/www.automakers.cz\/index.php?rest_route=\/wp\/v2\/posts\/16364\/revisions"}],"predecessor-version":[{"id":16367,"href":"https:\/\/www.automakers.cz\/index.php?rest_route=\/wp\/v2\/posts\/16364\/revisions\/16367"}],"wp:featuredmedia":[{"embeddable":true,"href":"https:\/\/www.automakers.cz\/index.php?rest_route=\/wp\/v2\/media\/12107"}],"wp:attachment":[{"href":"https:\/\/www.automakers.cz\/index.php?rest_route=%2Fwp%2Fv2%2Fmedia&parent=16364"}],"wp:term":[{"taxonomy":"category","embeddable":true,"href":"https:\/\/www.automakers.cz\/index.php?rest_route=%2Fwp%2Fv2%2Fcategories&post=16364"},{"taxonomy":"post_tag","embeddable":true,"href":"https:\/\/www.automakers.cz\/index.php?rest_route=%2Fwp%2Fv2%2Ftags&post=16364"}],"curies":[{"name":"wp","href":"https:\/\/api.w.org\/{rel}","templated":true}]}}