{"id":16392,"date":"2025-09-17T10:39:16","date_gmt":"2025-09-17T10:39:16","guid":{"rendered":"https:\/\/www.automakers.cz\/?p=16392"},"modified":"2025-09-17T10:56:10","modified_gmt":"2025-09-17T10:56:10","slug":"araver-otevira-prvni-showroom-byd-v-cr","status":"publish","type":"post","link":"https:\/\/www.automakers.cz\/?p=16392","title":{"rendered":"Araver otev\u00edr\u00e1 prvn\u00ed showroom BYD v \u010cR"},"content":{"rendered":"<p><span style=\"color: #000000;\"><span style=\"font-family: Times New Roman, serif;\"><span style=\"font-size: large;\"><strong>Araver ze skupiny Auto UH otev\u00edr\u00e1 17. z\u00e1\u0159\u00ed <\/strong><\/span><\/span><\/span><span style=\"color: #000000;\"><span style=\"font-family: Times New Roman, serif;\"><span style=\"font-size: large;\"><strong>prvn\u00ed showroom BYD v \u010cesku. <\/strong><\/span><\/span><\/span><strong>Slavnostn\u00ed ve\u010der ur\u010den\u00fd VIP z\u00e1kazn\u00edk\u016fm, obchodn\u00edm partner\u016fm a m\u00e9di\u00edm nab\u00eddne krom\u011b p\u0159est\u0159i\u017een\u00ed p\u00e1sky p\u0159edstaven\u00ed prvn\u00edho kombi zna\u010dky a setk\u00e1n\u00ed s ambasadorem zna\u010dky BYD, hercem a automobilov\u00fdm nad\u0161encem Janem R\u00e9vaiem.<\/strong><!--more--><\/p>\n<p>Nebude chyb\u011bt ani fotbalov\u00e1 legenda <strong>Tom\u00e1\u0161 Skuhrav\u00fd,<\/strong> jen\u017e zastupuje AUTO UH na 1. FC Slov\u00e1cko.<\/p>\n<p>Sou\u010d\u00e1st\u00ed programu bude tak\u00e9 vyhl\u00e1\u0161en\u00ed <strong>ankety Sportovec okresu Uhersk\u00e9 Hradi\u0161t\u011b<\/strong> 2024, p\u0159ed\u00e1n\u00ed Ceny Pavla Bur\u00e1n\u011b pro sportovce s handicapem a k\u0159est knihy Velk\u00fd \u0160\u00e9f za \u00fa\u010dasti <strong>Milana Hnili\u010dky<\/strong>. Na n\u00e1v\u0161t\u011bvn\u00edky \u010dek\u00e1 i charitativn\u00ed dra\u017eba dres\u016f \u010desk\u00fdch a slovensk\u00fdch hokejist\u016f, jej\u00ed\u017e v\u00fdt\u011b\u017eek poputuje neziskov\u00e9 organizaci Korunka pom\u00e1h\u00e1. Hudebn\u00ed doprovod a energickou atmosf\u00e9ru zajist\u00ed DJ Kharma.<\/p>\n<p><strong>Pl\u00e1ny automobilky BYD pro \u010cR<\/strong><\/p>\n<p><span style=\"color: #000000;\"><span style=\"font-size: large;\">BYD <\/span><\/span><span style=\"color: #000000;\"><span style=\"font-size: large;\">otev\u0159e<\/span><\/span><span style=\"color: #000000;\"><span style=\"font-size: large;\"> v \u010cR do konce z\u00e1\u0159\u00ed <\/span><\/span><span style=\"color: #000000;\"><span style=\"font-size: large;\">podle vlastn\u00edch informac\u00ed <\/span><\/span><span style=\"color: #000000;\"><span style=\"font-size: large;\">dal\u0161\u00edch <\/span><\/span><strong><span style=\"color: #000000;\"><span style=\"font-size: large;\">p\u011bt funguj\u00edc\u00edch prodejn\u00edch a servisn\u00edch m\u00edst<\/span><\/span><\/strong><span style=\"color: #000000;\"><span style=\"font-size: large;\">. <\/span><\/span><span style=\"color: #000000;\"><span style=\"font-size: large;\">Krom\u011b Uhersk\u00e9ho Hradi\u0161t\u011b p\u016fjde <\/span><\/span><span style=\"color: #000000;\"><span style=\"font-size: large;\">o <\/span><\/span><span style=\"color: #000000;\"><span style=\"font-size: large;\">Prah<\/span><\/span><span style=\"color: #000000;\"><span style=\"font-size: large;\">u<\/span><\/span><span style=\"color: #000000;\"><span style=\"font-size: large;\"> a Pod\u011bbrady<\/span><\/span><span style=\"color: #000000;\"><span style=\"font-size: large;\"> a <\/span><\/span><span style=\"color: #000000;\"><span style=\"font-size: large;\">dal\u0161\u00ed <\/span><\/span><span style=\"color: #000000;\"><span style=\"font-size: large;\">dv\u011b lokace<\/span><\/span> <span style=\"color: #000000;\"><span style=\"font-size: large;\">na Morav\u011b (Ostrav<\/span><\/span><span style=\"color: #000000;\"><span style=\"font-size: large;\">u<\/span><\/span><span style=\"color: #000000;\"><span style=\"font-size: large;\"> a Zl\u00edn). <\/span><\/span><\/p>\n<p><span style=\"color: #000000;\"><span style=\"font-size: large;\">K dal\u0161\u00edm <\/span><\/span><span style=\"color: #000000;\"><span style=\"font-size: large;\">m\u011bst\u016fm <\/span><\/span><span style=\"color: #000000;\"><span style=\"font-size: large;\">chystan\u00fdm na konec roku m\u00e1 pat\u0159it <\/span><\/span><span style=\"color: #000000;\"><span style=\"font-size: large;\">Brno, Olomouc, Pardubice, Hradec Kr\u00e1lov\u00e9 a Trutnov. Ve f\u00e1zi autorizace pak maj\u00ed b\u00fdt dal\u0161\u00ed kandid\u00e1ti \u2013 \u010dty\u0159i partne\u0159i v Praze a po jednom v Liberci, \u00dast\u00ed nad Labem, \u010cesk\u00fdch Bud\u011bjovic\u00edch a Jihlav\u011b. <\/span><\/span><\/p>\n<p><img loading=\"lazy\" decoding=\"async\" class=\"alignnone size-medium wp-image-13429\" src=\"http:\/\/www.automakers.cz\/wp-content\/uploads\/2025\/05\/Showroom-BYD-Uh.-Hradiste-900x450.jpg\" alt=\"\" width=\"900\" height=\"450\" \/><strong><span style=\"color: #000000;\"><span style=\"font-size: large;\">\u201eDo konce roku bude zna\u010dka BYD v \u010cR zastoupena 20 dealery,\u201c <\/span><\/span><\/strong><strong><span style=\"color: #000000;\"><span style=\"font-size: large;\">odhalila sv\u00e9 pl\u00e1ny automobilka.<\/span><\/span><\/strong><\/p>\n<p><strong>Zdroj: Auto UH, archiv<\/strong><\/p>\n","protected":false},"excerpt":{"rendered":"<p>Araver ze skupiny Auto UH otev\u00edr\u00e1 17. z\u00e1\u0159\u00ed prvn\u00ed showroom BYD v \u010cesku. Slavnostn\u00ed ve\u010der&#8230;<\/p>\n","protected":false},"author":1,"featured_media":16394,"comment_status":"closed","ping_status":"closed","sticky":false,"template":"","format":"standard","meta":{"footnotes":""},"categories":[17,26,12],"tags":[],"class_list":["post-16392","post","type-post","status-publish","format-standard","has-post-thumbnail","hentry","category-dealeri","category-eventy","category-premiery"],"_links":{"self":[{"href":"https:\/\/www.automakers.cz\/index.php?rest_route=\/wp\/v2\/posts\/16392","targetHints":{"allow":["GET"]}}],"collection":[{"href":"https:\/\/www.automakers.cz\/index.php?rest_route=\/wp\/v2\/posts"}],"about":[{"href":"https:\/\/www.automakers.cz\/index.php?rest_route=\/wp\/v2\/types\/post"}],"author":[{"embeddable":true,"href":"https:\/\/www.automakers.cz\/index.php?rest_route=\/wp\/v2\/users\/1"}],"replies":[{"embeddable":true,"href":"https:\/\/www.automakers.cz\/index.php?rest_route=%2Fwp%2Fv2%2Fcomments&post=16392"}],"version-history":[{"count":5,"href":"https:\/\/www.automakers.cz\/index.php?rest_route=\/wp\/v2\/posts\/16392\/revisions"}],"predecessor-version":[{"id":16398,"href":"https:\/\/www.automakers.cz\/index.php?rest_route=\/wp\/v2\/posts\/16392\/revisions\/16398"}],"wp:featuredmedia":[{"embeddable":true,"href":"https:\/\/www.automakers.cz\/index.php?rest_route=\/wp\/v2\/media\/16394"}],"wp:attachment":[{"href":"https:\/\/www.automakers.cz\/index.php?rest_route=%2Fwp%2Fv2%2Fmedia&parent=16392"}],"wp:term":[{"taxonomy":"category","embeddable":true,"href":"https:\/\/www.automakers.cz\/index.php?rest_route=%2Fwp%2Fv2%2Fcategories&post=16392"},{"taxonomy":"post_tag","embeddable":true,"href":"https:\/\/www.automakers.cz\/index.php?rest_route=%2Fwp%2Fv2%2Ftags&post=16392"}],"curies":[{"name":"wp","href":"https:\/\/api.w.org\/{rel}","templated":true}]}}