{"id":164,"date":"2023-11-09T14:26:45","date_gmt":"2023-11-09T14:26:45","guid":{"rendered":"https:\/\/www.automakers.cz\/?p=164"},"modified":"2023-11-09T14:27:19","modified_gmt":"2023-11-09T14:27:19","slug":"europoslanci-schvalili-postoj-k-norme-euro-7","status":"publish","type":"post","link":"https:\/\/www.automakers.cz\/?p=164","title":{"rendered":"Europoslanci hlasovali o norm\u011b Euro 7"},"content":{"rendered":"<p class=\"big\"><strong>Europoslanci dnes v Bruselu schv\u00e1lili sv\u016fj postoj k emisn\u00ed norm\u011b Euro 7, kter\u00e1 hovo\u0159\u00ed o limitech v\u00fdfukov\u00fdch zplodin pro osobn\u00ed i n\u00e1kladn\u00ed automobily. Zpr\u00e1vu podpo\u0159ilo 329 europoslanc\u016f, 230 jich bylo proti a 41 se zdr\u017eelo.<\/strong><!--more--><\/p>\n<p class=\"big\">Nov\u00e9 na\u0159\u00edzen\u00ed aktualizuje limity pro emise v\u00fdfukov\u00fdch plyn\u016f, jako jsou nap\u0159\u00edklad oxidy dus\u00edku, pevn\u00e9 \u010d\u00e1stice, oxid uhelnat\u00fd a amoniak, a zav\u00e1d\u00ed nov\u00e1 opat\u0159en\u00ed ke sn\u00ed\u017een\u00ed emis\u00ed z pneumatik a brzd a ke zv\u00fd\u0161en\u00ed \u017eivotnosti bateri\u00ed.<\/p>\n<div class=\"box-offer-mob-perex\">\n<div id=\"mobFullPerexBan\">Jak\u00e1 bude kone\u010dn\u00e1 verze na\u0159\u00edzen\u00ed, uk\u00e1\u017eou a\u017e p\u0159\u00ed\u0161t\u00ed t\u00fddny. Nyn\u00ed budou n\u00e1sledovat jedn\u00e1n\u00ed z\u00e1stupc\u016f Evropsk\u00e9ho parlamentu, Evropsk\u00e9 komise a \u0161pan\u011blsk\u00e9ho p\u0159edsednictv\u00ed Rady EU. Europoslanec Alexandr Vondra (ODS), kter\u00fd je zpravodajem n\u00e1vrhu v EP, u\u017e d\u0159\u00edve uvedl, \u017ee douf\u00e1, \u017ee se kone\u010dn\u00e9 dohody poda\u0159\u00ed dos\u00e1hnout do konce leto\u0161n\u00edho roku.<\/div>\n<\/div>\n","protected":false},"excerpt":{"rendered":"<p>Europoslanci dnes v Bruselu schv\u00e1lili sv\u016fj postoj k emisn\u00ed norm\u011b Euro 7, kter\u00e1 hovo\u0159\u00ed o&#8230;<\/p>\n","protected":false},"author":1,"featured_media":165,"comment_status":"open","ping_status":"open","sticky":false,"template":"","format":"standard","meta":{"footnotes":""},"categories":[25],"tags":[],"class_list":["post-164","post","type-post","status-publish","format-standard","has-post-thumbnail","hentry","category-legislativa"],"_links":{"self":[{"href":"https:\/\/www.automakers.cz\/index.php?rest_route=\/wp\/v2\/posts\/164","targetHints":{"allow":["GET"]}}],"collection":[{"href":"https:\/\/www.automakers.cz\/index.php?rest_route=\/wp\/v2\/posts"}],"about":[{"href":"https:\/\/www.automakers.cz\/index.php?rest_route=\/wp\/v2\/types\/post"}],"author":[{"embeddable":true,"href":"https:\/\/www.automakers.cz\/index.php?rest_route=\/wp\/v2\/users\/1"}],"replies":[{"embeddable":true,"href":"https:\/\/www.automakers.cz\/index.php?rest_route=%2Fwp%2Fv2%2Fcomments&post=164"}],"version-history":[{"count":3,"href":"https:\/\/www.automakers.cz\/index.php?rest_route=\/wp\/v2\/posts\/164\/revisions"}],"predecessor-version":[{"id":167,"href":"https:\/\/www.automakers.cz\/index.php?rest_route=\/wp\/v2\/posts\/164\/revisions\/167"}],"wp:featuredmedia":[{"embeddable":true,"href":"https:\/\/www.automakers.cz\/index.php?rest_route=\/wp\/v2\/media\/165"}],"wp:attachment":[{"href":"https:\/\/www.automakers.cz\/index.php?rest_route=%2Fwp%2Fv2%2Fmedia&parent=164"}],"wp:term":[{"taxonomy":"category","embeddable":true,"href":"https:\/\/www.automakers.cz\/index.php?rest_route=%2Fwp%2Fv2%2Fcategories&post=164"},{"taxonomy":"post_tag","embeddable":true,"href":"https:\/\/www.automakers.cz\/index.php?rest_route=%2Fwp%2Fv2%2Ftags&post=164"}],"curies":[{"name":"wp","href":"https:\/\/api.w.org\/{rel}","templated":true}]}}