{"id":16422,"date":"2025-09-18T11:25:19","date_gmt":"2025-09-18T11:25:19","guid":{"rendered":"https:\/\/www.automakers.cz\/?p=16422"},"modified":"2025-09-18T11:25:19","modified_gmt":"2025-09-18T11:25:19","slug":"bmw-autowallis-nabidlo-klientum-golf-na-vinori","status":"publish","type":"post","link":"https:\/\/www.automakers.cz\/?p=16422","title":{"rendered":"BMW AutoWallis nab\u00eddlo klient\u016fm golf na Vino\u0159i"},"content":{"rendered":"<p><strong>BMW AutoWallis p\u0159i\u0161lo s novinkou, kter\u00e1 m\u00e1 posunout z\u00e1kaznick\u00fd servis na novou \u00farove\u0148. Zat\u00edmco technici pe\u010duj\u00ed o v\u016fz b\u011bhem servisn\u00ed prohl\u00eddky, klient m\u016f\u017ee str\u00e1vit \u010das na golfov\u00e9m h\u0159i\u0161ti. <\/strong><!--more--><\/p>\n<p>V r\u00e1mci spolupr\u00e1ce s<strong> golfov\u00fdm h\u0159i\u0161t\u011bm ve Vino\u0159i,<\/strong> kter\u00e9 je sou\u010d\u00e1st\u00ed s\u00edt\u011b volno\u010dasov\u00fdch are\u00e1l\u016f Prague City Golf situovan\u00fdch krom\u011b Vino\u0159e tak\u00e9 na Zbraslavi a Rohansk\u00e9m ostrov\u011b, nab\u00edz\u00ed BMW AutoWallis z\u00e1kazn\u00edk\u016fm mo\u017enost spojit servis vozu s p\u0159\u00edjemn\u011b str\u00e1ven\u00fdm \u010dasem na greenu.<\/p>\n<p>\u201eZ\u00e1kazn\u00edci BMW maj\u00ed vysok\u00e9 n\u00e1roky. Golf i sportovn\u00ed j\u00edzda spojuj\u00ed preciznost, styl a soust\u0159ed\u011bn\u00ed. T\u00edmhle propojen\u00edm d\u00e1v\u00e1me lidem mo\u017enost nalo\u017eit s \u010dasem efektivn\u011b, a p\u0159itom si ho u\u017e\u00edt,\u201c \u0159\u00edk\u00e1 <strong>Daniel Harant,<\/strong> gener\u00e1ln\u00ed \u0159editel BMW AutoWallis pro Prahu, Hradec Kr\u00e1lov\u00e9 a Pardubice.<\/p>\n<p><img loading=\"lazy\" decoding=\"async\" class=\"alignnone wp-image-16424\" src=\"http:\/\/www.automakers.cz\/wp-content\/uploads\/2025\/09\/BMW-AutoWallis-nabizi-misto-cekani-na-servis-golf-2-900x416.jpg\" alt=\"\" width=\"932\" height=\"431\" srcset=\"https:\/\/www.automakers.cz\/wp-content\/uploads\/2025\/09\/BMW-AutoWallis-nabizi-misto-cekani-na-servis-golf-2-900x416.jpg 900w, https:\/\/www.automakers.cz\/wp-content\/uploads\/2025\/09\/BMW-AutoWallis-nabizi-misto-cekani-na-servis-golf-2-1024x473.jpg 1024w, https:\/\/www.automakers.cz\/wp-content\/uploads\/2025\/09\/BMW-AutoWallis-nabizi-misto-cekani-na-servis-golf-2-768x355.jpg 768w, https:\/\/www.automakers.cz\/wp-content\/uploads\/2025\/09\/BMW-AutoWallis-nabizi-misto-cekani-na-servis-golf-2-1536x709.jpg 1536w, https:\/\/www.automakers.cz\/wp-content\/uploads\/2025\/09\/BMW-AutoWallis-nabizi-misto-cekani-na-servis-golf-2-2048x946.jpg 2048w\" sizes=\"auto, (max-width: 932px) 100vw, 932px\" \/><\/p>\n<p><strong>Jak lze slu\u017ebu vyu\u017e\u00edt?<\/strong><\/p>\n<p><strong>Slu\u017eba je ur\u010dena pro majitele voz\u016f BMW a MINI<\/strong>, kte\u0159\u00ed hraj\u00ed golf a cht\u011bj\u00ed spojit pravideln\u00fd servis se smyslupln\u00fdm \u010dasem na h\u0159i\u0161ti. Cel\u00fd proces je jednoduch\u00fd. Sta\u010d\u00ed si objednat servis va\u0161eho vozu u BMW AutoWallis a v den servisu dorazit na h\u0159i\u0161t\u011b PCG Vino\u0159, kde si mezit\u00edm zahrajete golf. V p\u0159edem domluven\u00fd \u010das si technik p\u0159\u00edmo na m\u00edst\u011b p\u0159evezme v\u00e1\u0161 v\u016fz a odveze ho do servisu. Jakmile je v\u0161e hotovo, auto v\u00e1m op\u011bt p\u0159istav\u00ed zp\u011bt na golfov\u00e9 h\u0159i\u0161t\u011b \u2013 vy tak cel\u00fd \u010das str\u00e1v\u00edte p\u0159\u00edjemn\u011b a bez starost\u00ed.<\/p>\n<p>\u201eSlu\u017ebu vyu\u017e\u00edv\u00e1me zejm\u00e9na u krat\u0161\u00edch servisn\u00edch z\u00e1krok\u016f, jako je v\u00fdm\u011bna oleje, diagnostika, nebo rychl\u00e9 z\u00e1ru\u010dn\u00ed opravy a svol\u00e1vac\u00ed akce. Chceme, aby klienti mohli sv\u016fj \u010das vyu\u017e\u00edt naplno a bez kompromis\u016f,\u201c dopl\u0148uje Daniel Harant.<\/p>\n<p><strong>Pl\u00e1ny do budoucna: turnaje a z\u00e1\u017eitky<\/strong><\/p>\n<p>Ve spolupr\u00e1ci s Prague City Golf nav\u00edc BMW AutoWallis pl\u00e1nuje \u0159adu z\u00e1\u017eitkov\u00fdch event\u016f. Z\u00e1kazn\u00edci se tak mohou t\u011b\u0161it na pestrou \u0161k\u00e1lu od turnaj\u016f a\u017e po networkingov\u00e9 akce v golfov\u00e9m prost\u0159ed\u00ed.<\/p>\n<p><img loading=\"lazy\" decoding=\"async\" class=\"alignnone size-medium wp-image-16425\" src=\"http:\/\/www.automakers.cz\/wp-content\/uploads\/2025\/09\/BMW-AutoWallis-nabizi-misto-cekani-na-servis-golf-3-900x615.jpg\" alt=\"\" width=\"900\" height=\"615\" srcset=\"https:\/\/www.automakers.cz\/wp-content\/uploads\/2025\/09\/BMW-AutoWallis-nabizi-misto-cekani-na-servis-golf-3-900x615.jpg 900w, https:\/\/www.automakers.cz\/wp-content\/uploads\/2025\/09\/BMW-AutoWallis-nabizi-misto-cekani-na-servis-golf-3-1024x699.jpg 1024w, https:\/\/www.automakers.cz\/wp-content\/uploads\/2025\/09\/BMW-AutoWallis-nabizi-misto-cekani-na-servis-golf-3-768x524.jpg 768w, https:\/\/www.automakers.cz\/wp-content\/uploads\/2025\/09\/BMW-AutoWallis-nabizi-misto-cekani-na-servis-golf-3-1536x1049.jpg 1536w, https:\/\/www.automakers.cz\/wp-content\/uploads\/2025\/09\/BMW-AutoWallis-nabizi-misto-cekani-na-servis-golf-3-2048x1398.jpg 2048w\" sizes=\"auto, (max-width: 900px) 100vw, 900px\" \/><\/p>\n","protected":false},"excerpt":{"rendered":"<p>BMW AutoWallis p\u0159i\u0161lo s novinkou, kter\u00e1 m\u00e1 posunout z\u00e1kaznick\u00fd servis na novou \u00farove\u0148. Zat\u00edmco technici&#8230;<\/p>\n","protected":false},"author":2,"featured_media":16423,"comment_status":"closed","ping_status":"closed","sticky":false,"template":"","format":"standard","meta":{"footnotes":""},"categories":[17,52,70],"tags":[],"class_list":["post-16422","post","type-post","status-publish","format-standard","has-post-thumbnail","hentry","category-dealeri","category-servis","category-sport"],"_links":{"self":[{"href":"https:\/\/www.automakers.cz\/index.php?rest_route=\/wp\/v2\/posts\/16422","targetHints":{"allow":["GET"]}}],"collection":[{"href":"https:\/\/www.automakers.cz\/index.php?rest_route=\/wp\/v2\/posts"}],"about":[{"href":"https:\/\/www.automakers.cz\/index.php?rest_route=\/wp\/v2\/types\/post"}],"author":[{"embeddable":true,"href":"https:\/\/www.automakers.cz\/index.php?rest_route=\/wp\/v2\/users\/2"}],"replies":[{"embeddable":true,"href":"https:\/\/www.automakers.cz\/index.php?rest_route=%2Fwp%2Fv2%2Fcomments&post=16422"}],"version-history":[{"count":3,"href":"https:\/\/www.automakers.cz\/index.php?rest_route=\/wp\/v2\/posts\/16422\/revisions"}],"predecessor-version":[{"id":16429,"href":"https:\/\/www.automakers.cz\/index.php?rest_route=\/wp\/v2\/posts\/16422\/revisions\/16429"}],"wp:featuredmedia":[{"embeddable":true,"href":"https:\/\/www.automakers.cz\/index.php?rest_route=\/wp\/v2\/media\/16423"}],"wp:attachment":[{"href":"https:\/\/www.automakers.cz\/index.php?rest_route=%2Fwp%2Fv2%2Fmedia&parent=16422"}],"wp:term":[{"taxonomy":"category","embeddable":true,"href":"https:\/\/www.automakers.cz\/index.php?rest_route=%2Fwp%2Fv2%2Fcategories&post=16422"},{"taxonomy":"post_tag","embeddable":true,"href":"https:\/\/www.automakers.cz\/index.php?rest_route=%2Fwp%2Fv2%2Ftags&post=16422"}],"curies":[{"name":"wp","href":"https:\/\/api.w.org\/{rel}","templated":true}]}}