{"id":1643,"date":"2024-01-24T09:03:31","date_gmt":"2024-01-24T09:03:31","guid":{"rendered":"https:\/\/www.automakers.cz\/?p=1643"},"modified":"2024-01-24T09:04:12","modified_gmt":"2024-01-24T09:04:12","slug":"autodrom-most-se-chysta-na-sezonu-2024","status":"publish","type":"post","link":"https:\/\/www.automakers.cz\/?p=1643","title":{"rendered":"Autodrom Most se chyst\u00e1 na sez\u00f3nu 2024"},"content":{"rendered":"<p><b>V polovin\u011b ledna odstartovaly na mosteck\u00e9m okruhu pr\u00e1ce zam\u011b\u0159en\u00e9 na dal\u0161\u00ed zv\u00fd\u0161en\u00ed bezpe\u010dnosti a komfortu jezdc\u016f i n\u00e1v\u0161t\u011bvn\u00edk\u016f. Stavebn\u00ed pr\u00e1ce budou prob\u00edhat a\u017e do konce \u00fanora a pot\u00e9 u\u017e Autodrom Most pomalu za\u010dne vyhl\u00ed\u017eet dal\u0161\u00ed, \u0161pi\u010dkov\u00fdm motorsportem, nabitou sez\u00f3nu.\u00a0<\/b><!--more--><\/p>\n<p><i>\u201eV lo\u0148sk\u00e9m roce jsme zaznamenali rekordn\u00ed n\u00e1v\u0161t\u011bvnost b\u011bhem mistrovstv\u00ed sv\u011bta superbik\u016f, kter\u00e9 se s po\u010dtem 54 tis\u00edc n\u00e1v\u0161t\u011bvn\u00edk\u016f stalo jedn\u00edm z hlavn\u00edch vrchol\u016f sez\u00f3ny motorsportu v \u010cesk\u00e9 republice. V\u011b\u0159\u00edme, \u017ee letos si k n\u00e1m na tuto velkolepou show najde cestu je\u0161t\u011b v\u00edce fanou\u0161k\u016f. Chceme b\u00fdt co nejl\u00e9pe p\u0159ipraveni, abychom op\u011bt naplnili vysok\u00e1 o\u010dek\u00e1v\u00e1n\u00ed jezdc\u016f a t\u00fdm\u016f zvykl\u00fdch na standardy p\u0159edn\u00edch sv\u011btov\u00fdch okruh\u016f,\u201c <\/i>\u0159\u00edk\u00e1 Josef Zaj\u00ed\u010dek, p\u0159edseda p\u0159edstavenstva spole\u010dnosti Autodrom Most.<\/p>\n<p>V minul\u00fdch letech byla dokon\u010dena v\u00fdm\u011bna cel\u00e9ho povrchu dr\u00e1hy, a proto se letos stavebn\u00ed pr\u00e1ce zam\u011b\u0159uj\u00ed na\u00a0<b>rekonstrukci a \u00fapravy vybran\u00fdch bezpe\u010dnostn\u00edch z\u00f3n<\/b>\u00a0v zat\u00e1\u010dk\u00e1ch T16, T17 a T20. Dal\u0161\u00ed \u00fapravy se t\u00fdkaj\u00ed\u00a0<b>n\u00e1jezdu do prvn\u00ed zat\u00e1\u010dky T1<\/b>\u00a0s c\u00edlem zv\u00fd\u0161it bezpe\u010dnost b\u011bhem intenzivn\u00edho brzd\u011bn\u00ed. Dal\u0161\u00ed velkou zm\u011bnou je\u00a0<b>p\u0159estavba obrubn\u00edk\u016f<\/b>\u00a0v posledn\u00ed pas\u00e1\u017ei okruhu a jejich v\u00fdm\u011bna za jin\u00fd typ, kter\u00fd bude vyhovovat jak automobil\u016fm, tak motocykl\u016fm.<\/p>\n<p><strong>Nov\u00e9 z\u00e1dr\u017en\u00e9 syst\u00e9my<\/strong><\/p>\n<p>Krom\u011b toho jsou prov\u00e1d\u011bny dal\u0161\u00ed pr\u00e1ce jako nap\u0159\u00edklad\u00a0<b>roz\u0161\u00ed\u0159en\u00ed n\u00e1jezdu do boxov\u00e9 uli\u010dky, instalace nov\u00fdch automobilov\u00fdch z\u00e1dr\u017en\u00fdch syst\u00e9m\u016f<\/b>\u00a0v zat\u00e1\u010dce T17 a T18 a v neposledn\u00ed \u0159ad\u011b tak\u00e9 dal\u0161\u00ed\u00a0<b>\u00faprava kamerov\u00e9ho syst\u00e9mu<\/b>, kter\u00fd si Autodrom s\u00e1m vyv\u00edj\u00ed. Na z\u00e1klad\u011b zku\u0161enost\u00ed z minul\u00e9 sez\u00f3ny budou dopln\u011bny dva zv\u011bt\u0161ovac\u00ed monitory, kter\u00e9 zv\u00fd\u0161\u00ed zobrazovac\u00ed mo\u017enosti pro sportovn\u00ed komisa\u0159e.<\/p>\n<p>Loni nov\u011b nainstalovan\u00fd\u00a0<b>kamerov\u00fd syst\u00e9m \u010dek\u00e1 letos testov\u00e1n\u00ed um\u011bl\u00e9 inteligence<\/b>, kter\u00e1 bude schopna automaticky rozpoznat nap\u0159\u00edklad ohe\u0148 nebo \u201enestandartn\u00ed\u201c pohyby vozidel apod. Z\u00e1rove\u0148 se tak\u00e9 rozb\u00edhaj\u00ed\u00a0<b>projek\u010dn\u00ed a konstruk\u010dn\u00ed pr\u00e1ce na nov\u00e9m medical centru<\/b>, kter\u00e9ho by se n\u00e1v\u0161t\u011bvn\u00edci m\u011bli do\u010dkat u\u017e v roce 2025.<\/p>\n<p><i>\u201eNa startovn\u00ed v\u011b\u017ei nyn\u00ed prob\u00edhaj\u00ed dal\u0161\u00ed \u00fapravy, v nich\u017e chceme zu\u017eitkovat na\u0161e zku\u0161enosti z posledn\u00edch let. Asi nejzaj\u00edmav\u011bj\u0161\u00ed \u00fapravou na \u0159\u00edd\u00edc\u00edm stanovi\u0161ti bude testov\u00e1n\u00ed um\u011bl\u00e9 inteligence v kamerov\u00e9m syst\u00e9mu, kter\u00e1 n\u00e1m pom\u016f\u017ee b\u00fdt efektivn\u011bj\u0161\u00ed v p\u0159\u00edpad\u011b nehod. Dojde tak\u00e9 k jeho dal\u0161\u00edmu roz\u0161\u00ed\u0159en\u00ed, na kter\u00e9m spolupracujeme s m\u00edstn\u00ed firmou. Sna\u017e\u00edme se na\u0161\u00ed z\u00e1vodn\u00ed dr\u00e1hu posouvat ka\u017ed\u00fdm rokem dle nejnov\u011bj\u0161\u00edch pravidel a bezpe\u010dnostn\u00edch doporu\u010den\u00ed,\u201c<\/i>\u00a0popisuje prob\u00edhaj\u00edc\u00ed \u00fapravy sportovn\u00ed \u0159editel Jind\u0159ich Hrne\u010dek<\/p>\n<p>V p\u0159\u00edprav\u011b jsou u\u017e tak\u00e9 nov\u00e1 slu\u017eebn\u00ed vozidla pro sez\u00f3nu 2024. K dispozici budou\u00a0<b>dv\u011b nov\u00e1 vozidla Hyundai i30 N<\/b>. Tato vozidla dopln\u00ed ji\u017e slou\u017e\u00edc\u00ed z\u00e1chran\u00e1\u0159sk\u00e9 Hyundaie &#8211; Safety car a Medical car. Dal\u0161\u00edm nov\u00fdm p\u0159\u00edr\u016fstkem okruhov\u00e9 flotily bude z\u00e1chran\u00e1\u0159sk\u00fd speci\u00e1l\u00a0<b>Hyundai Tucson RTP, co\u017e je vozidlo rychl\u00e9 technick\u00e9 pomoci<\/b>. Tento v\u016fz bude prvosledov\u00e9 interven\u010dn\u00ed vozidlo a je ur\u010den pro prvotn\u00ed z\u00e1sah p\u0159i z\u00e1vodech automobil\u016f.<\/p>\n<p>Vozidlo bude vybaveno p\u0159ibli\u017en\u011b 150 kg kombinovan\u00e9ho hasiva (pr\u00e1\u0161ek, p\u011bna, CO2) a nov\u011b tak\u00e9\u00a0<b>15 kg speci\u00e1ln\u00edho gelov\u00e9ho hasiva pro Li-Ion baterie<\/b>. Sou\u010dasn\u011b bude vybaveno hydraulick\u00fdm a mechanick\u00fdm vypro\u0161\u0165ovac\u00edm za\u0159\u00edzen\u00edm. Tucson RTP m\u00e1 na palub\u011b samoz\u0159ejm\u011b ve\u0161ker\u00e9 ochrann\u00e9 pom\u016fcky, v\u010d.\u00a0<b>speci\u00e1ln\u00ed sady pro z\u00e1sah u elektromobil\u016f<\/b>.<\/p>\n<p>Vedle novinek t\u00fdkaj\u00edc\u00edch se samotn\u00e9ho are\u00e1lu b\u011b\u017e\u00ed v Most\u011b i speci\u00e1ln\u00ed \u0161kol\u00edc\u00ed projekty. \u201e<i>Rozj\u00ed\u017ed\u00edme v \u010cesk\u00e9 republice unik\u00e1tn\u00ed projekt\u00a0<b>Motorsport Rescue Camp(16.18. \u00fanora)<\/b>. Jeho c\u00edlem je \u0161kolen\u00ed z\u00e1chrann\u00fdch a podp\u016frn\u00fdch slo\u017eek v oblasti motorsportu tak, aby dok\u00e1zaly fungovat v maxim\u00e1ln\u00ed symbi\u00f3ze. Je to dal\u0161\u00ed d\u00edl skl\u00e1da\u010dky, jak posunout bezpe\u010dnost na co nejvy\u0161\u0161\u00ed \u00farove\u0148,\u201c<\/i>\u00a0vysv\u011btluje dal\u0161\u00ed aktivity sportovn\u00ed \u0159editel Jind\u0159ich Hrne\u010dek.<\/p>\n<p>Autodrom Most bude letos u\u017e po \u010dtvrt\u00e9 hostit\u00a0<b>mistrovstv\u00ed sv\u011bta superbik\u016f (19.\u201321. \u010dervence),<\/b>\u00a0kter\u00e9 se stalo pravidelnou sou\u010d\u00e1st\u00ed mosteck\u00e9ho z\u00e1vodn\u00edho kalend\u00e1\u0159e. Vedle superbik\u016f bude dal\u0161\u00edm vrcholem sez\u00f3ny tradi\u010dn\u00ed mistrovstv\u00ed Evropy okruhov\u00fdch taha\u010d\u016f\u00a0<b>Czech Truck Prix (30. srpna \u2013 1. z\u00e1\u0159\u00ed)<\/b>, kter\u00e9 op\u011bt doprovod\u00ed evropsk\u00e9 NASCARy. Do Mostu zav\u00edt\u00e1 i\u00a0<b>FIA CEZ &amp; ESET Cup (2.\u20134. srpna),<\/b>\u00a0kter\u00fd p\u0159edstav\u00ed Mistrovstv\u00ed \u010cR a St\u0159edn\u00ed Evropy v z\u00e1vodech automobil\u016f, Formule 4 a dal\u0161\u00ed automobilov\u00e9 s\u00e9rie. Pro v\u0161echny milovn\u00edky historick\u00fdch automobil\u016f pak bude vrcholem mosteck\u00e9 sez\u00f3ny z\u00e1\u0159ijov\u00fd\u00a0<b>automobilov\u00fd festival The Most CLASSIC (27.\u201329. z\u00e1\u0159\u00ed),<\/b>\u00a0kter\u00fd v sob\u011b spojuje z\u00e1vody, v\u00fdstavu a setk\u00e1n\u00ed klasick\u00fdch automobil\u016f, jejich majitel\u016f, sb\u011bratel\u016f a fanou\u0161k\u016f.<\/p>\n<p><strong>Radek Laube, Autodrom Most<\/strong><\/p>\n<figure id=\"attachment_97\" aria-describedby=\"caption-attachment-97\" style=\"width: 300px\" class=\"wp-caption alignnone\"><img loading=\"lazy\" decoding=\"async\" class=\"size-medium wp-image-97\" src=\"http:\/\/www.automakers.cz\/wp-content\/uploads\/2023\/11\/Autodrom-Most-Zajicek-TK-Stovicek-300x178.jpg\" alt=\"\" width=\"300\" height=\"178\" srcset=\"https:\/\/www.automakers.cz\/wp-content\/uploads\/2023\/11\/Autodrom-Most-Zajicek-TK-Stovicek-300x178.jpg 300w, https:\/\/www.automakers.cz\/wp-content\/uploads\/2023\/11\/Autodrom-Most-Zajicek-TK-Stovicek-1024x607.jpg 1024w, https:\/\/www.automakers.cz\/wp-content\/uploads\/2023\/11\/Autodrom-Most-Zajicek-TK-Stovicek-768x455.jpg 768w, https:\/\/www.automakers.cz\/wp-content\/uploads\/2023\/11\/Autodrom-Most-Zajicek-TK-Stovicek.jpg 1391w\" sizes=\"auto, (max-width: 300px) 100vw, 300px\" \/><figcaption id=\"caption-attachment-97\" class=\"wp-caption-text\">Majitel Autodromu Josef Zaj\u00ed\u010dek chyst\u00e1 are\u00e1l na dal\u0161\u00ed akce<\/figcaption><\/figure>\n","protected":false},"excerpt":{"rendered":"<p>V polovin\u011b ledna odstartovaly na mosteck\u00e9m okruhu pr\u00e1ce zam\u011b\u0159en\u00e9 na dal\u0161\u00ed zv\u00fd\u0161en\u00ed bezpe\u010dnosti a komfortu&#8230;<\/p>\n","protected":false},"author":1,"featured_media":1644,"comment_status":"open","ping_status":"open","sticky":false,"template":"","format":"standard","meta":{"footnotes":""},"categories":[19],"tags":[],"class_list":["post-1643","post","type-post","status-publish","format-standard","has-post-thumbnail","hentry","category-motorsport"],"_links":{"self":[{"href":"https:\/\/www.automakers.cz\/index.php?rest_route=\/wp\/v2\/posts\/1643","targetHints":{"allow":["GET"]}}],"collection":[{"href":"https:\/\/www.automakers.cz\/index.php?rest_route=\/wp\/v2\/posts"}],"about":[{"href":"https:\/\/www.automakers.cz\/index.php?rest_route=\/wp\/v2\/types\/post"}],"author":[{"embeddable":true,"href":"https:\/\/www.automakers.cz\/index.php?rest_route=\/wp\/v2\/users\/1"}],"replies":[{"embeddable":true,"href":"https:\/\/www.automakers.cz\/index.php?rest_route=%2Fwp%2Fv2%2Fcomments&post=1643"}],"version-history":[{"count":3,"href":"https:\/\/www.automakers.cz\/index.php?rest_route=\/wp\/v2\/posts\/1643\/revisions"}],"predecessor-version":[{"id":1646,"href":"https:\/\/www.automakers.cz\/index.php?rest_route=\/wp\/v2\/posts\/1643\/revisions\/1646"}],"wp:featuredmedia":[{"embeddable":true,"href":"https:\/\/www.automakers.cz\/index.php?rest_route=\/wp\/v2\/media\/1644"}],"wp:attachment":[{"href":"https:\/\/www.automakers.cz\/index.php?rest_route=%2Fwp%2Fv2%2Fmedia&parent=1643"}],"wp:term":[{"taxonomy":"category","embeddable":true,"href":"https:\/\/www.automakers.cz\/index.php?rest_route=%2Fwp%2Fv2%2Fcategories&post=1643"},{"taxonomy":"post_tag","embeddable":true,"href":"https:\/\/www.automakers.cz\/index.php?rest_route=%2Fwp%2Fv2%2Ftags&post=1643"}],"curies":[{"name":"wp","href":"https:\/\/api.w.org\/{rel}","templated":true}]}}