{"id":16470,"date":"2025-10-05T16:06:31","date_gmt":"2025-10-05T16:06:31","guid":{"rendered":"https:\/\/www.automakers.cz\/?p=16470"},"modified":"2025-10-05T17:08:06","modified_gmt":"2025-10-05T17:08:06","slug":"chery-ma-centrum-dilu-na-blizkem-vychode","status":"publish","type":"post","link":"https:\/\/www.automakers.cz\/?p=16470","title":{"rendered":"Centrum n\u00e1hradn\u00edch d\u00edl\u016f Chery je na Bl\u00edzk\u00e9m v\u00fdchod\u011b"},"content":{"rendered":"<p><strong>Odkud chce \u010d\u00ednsk\u00e1 Chery distribuovat n\u00e1hradn\u00ed d\u00edly evropsk\u00fdm showroom\u016fm? M\u00e1 je mimo jin\u00e9 obsluhovat Region\u00e1ln\u00ed distribu\u010dn\u00ed centrum n\u00e1hradn\u00edch d\u00edl\u016f skupiny na <span class=\"highlight-E0id3 highlight-E0M\">Bl\u00edzk\u00e9m<\/span> <span class=\"highlight-E0id3 highlight-E0M\">v\u00fdchod\u011b, kter\u00e9 od za\u010d\u00e1tku roku funguje ve Spojen\u00fdch arabsk\u00fdch emir\u00e1tech.\u00a0<\/span><\/strong><!--more--><\/p>\n<p>Strategicky v\u00fdhodn\u00e1 poloha v bl\u00edzkosti <span class=\"highlight-E0id2 highlight-E0M\">p\u0159\u00edstavu<\/span> <span class=\"highlight-E0id2 highlight-E0M\">D\u017eebel<\/span> <span class=\"highlight-E0id2 highlight-E0M\">Ali<\/span> a mezin\u00e1rodn\u00edho leti\u0161t\u011b \u00c1l Makt\u00fama umo\u017e\u0148uje podle automobilky rychlou reakci na pot\u0159eby trhu d\u00edky efektivn\u00ed a v\u010dasn\u00e9 distribuci n\u00e1hradn\u00edch d\u00edl\u016f. Distribu\u010dn\u00ed centrum n\u00e1hradn\u00edch d\u00edl\u016f skladuje v\u00edce ne\u017e 20.000 typ\u016f n\u00e1hradn\u00edch d\u00edl\u016f, kter\u00e9 pokr\u00fdvaj\u00ed \u0161irokou \u0161k\u00e1lu model\u016f <span class=\"highlight-query highlight-E1id0 highlight-E4id0 highlight-E1M highlight-E4M\">Chery<\/span> dostupn\u00fdch na <span class=\"highlight-E0id3 highlight-E0M\">Bl\u00edzk\u00e9m<\/span> <span class=\"highlight-E0id3 highlight-E0M\">v\u00fdchod\u011b<\/span>, a zaji\u0161\u0165uje tak v\u010dasn\u00e9 a p\u0159esn\u00e9 dod\u00e1vky.<\/p>\n<p>Region\u00e1ln\u00ed distribu\u010dn\u00ed centrum n\u00e1hradn\u00edch d\u00edl\u016f na <span class=\"highlight-E0id3 highlight-E0M\">Bl\u00edzk\u00e9m<\/span> <span class=\"highlight-E0id3 highlight-E0M\">v\u00fdchod\u011b<\/span> m\u00e1 nejmodern\u011bj\u0161\u00ed logistick\u00e9 z\u00e1zem\u00ed. Jeho <span class=\"highlight-E5id0 highlight-E5M\">zam\u011bstnanci<\/span> jsou <span class=\"highlight-E5id2 highlight-E5M\">odborn\u00edci<\/span> hovo\u0159\u00edc\u00ed n\u011bkolika jazyky, co\u017e p\u0159ekra\u010duje oborov\u00e9 standardy. Centrum d\u00edky 14 p\u0159ekladi\u0161t\u00edm v\u00fdrazn\u011b zvy\u0161uje propustnost n\u00e1kladu. P\u0159ijet\u00edm vysp\u011bl\u00e9ho syst\u00e9mu \u0159\u00edzen\u00ed logistiky a optimalizovan\u00e9 \u00fapravy struktury skladu bylo dosa\u017eeno pr\u016flomu v efektivit\u011b dod\u00e1vek. To v\u00fdrazn\u011b zkracuje p\u0159epravn\u00ed cykly a zaji\u0161\u0165uje <span class=\"highlight-E5id1 highlight-E5M\">z\u00e1kazn\u00edk\u016fm<\/span> rychlej\u0161\u00ed a efektivn\u011bj\u0161\u00ed slu\u017eby.<\/p>\n<p><strong>Zdroj: Chery<\/strong><\/p>\n<p>&nbsp;<\/p>\n","protected":false},"excerpt":{"rendered":"<p>Odkud chce \u010d\u00ednsk\u00e1 Chery distribuovat n\u00e1hradn\u00ed d\u00edly evropsk\u00fdm showroom\u016fm? M\u00e1 je mimo jin\u00e9 obsluhovat Region\u00e1ln\u00ed&#8230;<\/p>\n","protected":false},"author":1,"featured_media":14387,"comment_status":"closed","ping_status":"closed","sticky":false,"template":"","format":"standard","meta":{"footnotes":""},"categories":[43,52],"tags":[],"class_list":["post-16470","post","type-post","status-publish","format-standard","has-post-thumbnail","hentry","category-logistika","category-servis"],"_links":{"self":[{"href":"https:\/\/www.automakers.cz\/index.php?rest_route=\/wp\/v2\/posts\/16470","targetHints":{"allow":["GET"]}}],"collection":[{"href":"https:\/\/www.automakers.cz\/index.php?rest_route=\/wp\/v2\/posts"}],"about":[{"href":"https:\/\/www.automakers.cz\/index.php?rest_route=\/wp\/v2\/types\/post"}],"author":[{"embeddable":true,"href":"https:\/\/www.automakers.cz\/index.php?rest_route=\/wp\/v2\/users\/1"}],"replies":[{"embeddable":true,"href":"https:\/\/www.automakers.cz\/index.php?rest_route=%2Fwp%2Fv2%2Fcomments&post=16470"}],"version-history":[{"count":6,"href":"https:\/\/www.automakers.cz\/index.php?rest_route=\/wp\/v2\/posts\/16470\/revisions"}],"predecessor-version":[{"id":16844,"href":"https:\/\/www.automakers.cz\/index.php?rest_route=\/wp\/v2\/posts\/16470\/revisions\/16844"}],"wp:featuredmedia":[{"embeddable":true,"href":"https:\/\/www.automakers.cz\/index.php?rest_route=\/wp\/v2\/media\/14387"}],"wp:attachment":[{"href":"https:\/\/www.automakers.cz\/index.php?rest_route=%2Fwp%2Fv2%2Fmedia&parent=16470"}],"wp:term":[{"taxonomy":"category","embeddable":true,"href":"https:\/\/www.automakers.cz\/index.php?rest_route=%2Fwp%2Fv2%2Fcategories&post=16470"},{"taxonomy":"post_tag","embeddable":true,"href":"https:\/\/www.automakers.cz\/index.php?rest_route=%2Fwp%2Fv2%2Ftags&post=16470"}],"curies":[{"name":"wp","href":"https:\/\/api.w.org\/{rel}","templated":true}]}}