{"id":16472,"date":"2025-09-22T07:42:08","date_gmt":"2025-09-22T07:42:08","guid":{"rendered":"https:\/\/www.automakers.cz\/?p=16472"},"modified":"2025-09-22T07:48:10","modified_gmt":"2025-09-22T07:48:10","slug":"lidri-energetiky-jednali-v-ostrave","status":"publish","type":"post","link":"https:\/\/www.automakers.cz\/?p=16472","title":{"rendered":"L\u00edd\u0159i \u010desk\u00e9 energetiky jednali v Ostrav\u011b"},"content":{"rendered":"<p><strong>P\u0159edstavitel\u00e9 nejv\u011bt\u0161\u00edch tuzemsk\u00fdch firem v oblasti elektroenergetiky a plyn\u00e1renstv\u00ed v Ostrav\u011b jednali na mezin\u00e1rodn\u00ed konferenci Leading Minds Forum (LMF) o mo\u017enostech, jak sn\u00ed\u017eit ceny elekt\u0159iny a zemn\u00edho plynu a jak p\u0159i tom pokra\u010dovat v dekarbonizaci. <\/strong><!--more--><\/p>\n<p>Dal\u0161\u00ed t\u00e9mata byla spojen\u00e1 se st\u0159edn\u011bdob\u00fdm v\u00fdhledem pro energetiku s ohledem na jej\u00ed pokra\u010duj\u00edc\u00ed decentralizaci a digitalizaci. Do diskuze se zapojili skupiny innogy, <strong>\u010cEPS, E.ON, \u010cEZ, EPH<\/strong> a z\u00e1stupci dal\u0161\u00edch p\u0159ibli\u017en\u011b 50 pr\u016fmyslov\u00fdch a energetick\u00fdch spole\u010dnost\u00ed.<\/p>\n<p>\u201eProgram konference bezprost\u0159edn\u011b p\u0159edch\u00e1z\u00ed podzimn\u00edm volb\u00e1m do Poslaneck\u00e9 sn\u011bmovny. A pr\u00e1v\u011b v\u00fdvoj cen energi\u00ed, ochrana spot\u0159ebitel\u016f, bezpe\u010dnost z\u00e1sobov\u00e1n\u00ed zemn\u00edm plynem nebo sni\u017euj\u00edc\u00ed se konkurenceschopnost pr\u016fmyslu pat\u0159\u00ed mezi nejviditeln\u011bj\u0161\u00ed \u010d\u00e1sti kampan\u00ed jednotliv\u00fdch stran. Nov\u00e1 vl\u00e1da se bude muset vyrovnat mimo jin\u00e9 s dal\u0161\u00edmi po\u017eadavky na pokles emis\u00ed oxidu uhli\u010dit\u00e9ho, r\u016fst energetick\u00e9 \u00fa\u010dinnosti, rozvoj obnoviteln\u00fdch zdroj\u016f nebo na modernizaci energetick\u00e9 infrastruktury,\u201c uvedl <strong>Michal Dolana, \u0159editel poradensk\u00e9 spole\u010dnosti DDeM<\/strong>, kter\u00e1 konferenci v Ostrav\u011b uspo\u0159\u00e1dala.<\/p>\n<p>\u201eZ\u00e1jem diskutuj\u00edc\u00edch sm\u011b\u0159oval tak\u00e9 k dal\u0161\u00edmu v\u00fdvoji ,ozele\u0148ov\u00e1n\u00ed\u2018 evropsk\u00e9 energetiky, a to s ohledem na zachov\u00e1n\u00ed postaven\u00ed \u010cesk\u00e9 republiky jako exportn\u011b orientovan\u00e9 zem\u011b s energeticky n\u00e1ro\u010dn\u00fdm pr\u016fmyslem,\u201c dodal Michal Dolana.<\/p>\n<p><img loading=\"lazy\" decoding=\"async\" class=\"alignnone wp-image-16475\" src=\"http:\/\/www.automakers.cz\/wp-content\/uploads\/2025\/09\/Leading-Minds-Forum-2025_1-small-3-900x600.jpg\" alt=\"\" width=\"959\" height=\"639\" srcset=\"https:\/\/www.automakers.cz\/wp-content\/uploads\/2025\/09\/Leading-Minds-Forum-2025_1-small-3-900x600.jpg 900w, https:\/\/www.automakers.cz\/wp-content\/uploads\/2025\/09\/Leading-Minds-Forum-2025_1-small-3-1024x683.jpg 1024w, https:\/\/www.automakers.cz\/wp-content\/uploads\/2025\/09\/Leading-Minds-Forum-2025_1-small-3-768x512.jpg 768w, https:\/\/www.automakers.cz\/wp-content\/uploads\/2025\/09\/Leading-Minds-Forum-2025_1-small-3-1536x1024.jpg 1536w, https:\/\/www.automakers.cz\/wp-content\/uploads\/2025\/09\/Leading-Minds-Forum-2025_1-small-3-2048x1366.jpg 2048w\" sizes=\"auto, (max-width: 959px) 100vw, 959px\" \/><\/p>\n<p>Odborn\u00e1 diskuze se d\u00e1le soust\u0159edila na podobu \u010desk\u00e9ho pl\u00e1nu na implementaci nov\u00e9 industri\u00e1ln\u00ed strategie EU a jeho priorit, je\u017e by umo\u017enily proveditelnou energetickou transformaci. S t\u00edm souvis\u00ed pln\u011bn\u00ed mezin\u00e1rodn\u00edch z\u00e1vazk\u016f v boji proti klimatick\u00fdm zm\u011bn\u00e1m, kter\u00e9 se neobejdou bez dotac\u00ed a jasn\u00e9ho regula\u010dn\u00edho r\u00e1mce.<\/p>\n<p>S aktu\u00e1ln\u00edmi informacemi vystoupil za skupinu Evropsk\u00fdch konzervativc\u016f a reformist\u016f europoslanec Alexandr Vondra, p\u0159edseda Energetick\u00e9ho regula\u010dn\u00edho \u00fa\u0159adu Jan \u0160efr\u00e1nek nebo <strong>vrchn\u00ed \u0159editel sekce energetiky na Ministerstvu pr\u016fmyslu a obchodu Ren\u00e9 Ned\u011bla.<\/strong> Diskutovalo se tak\u00e9 o v\u011bt\u0161\u00edm vyu\u017eit\u00ed biometanu a obnoviteln\u00e9ho vod\u00edku v tuzemsk\u00e9m plyn\u00e1renstv\u00ed nebo o podob\u011b nov\u00e9 tarifn\u00ed struktury.<\/p>\n<p>Z\u00e1v\u011bre\u010dn\u00fd blok se v\u011bnoval podob\u011b budouc\u00edho modelu trhu a o\u010dek\u00e1van\u00e9mu v\u00fdvoji cen energi\u00ed, a to mimo jin\u00e9 v kontextu nov\u00fdch povinnost\u00ed pro obchodn\u00edky spojen\u00fdch se zaveden\u00edm syst\u00e9mu EU ETS2. Postoj Evropsk\u00e9 unie a p\u0159\u00edle\u017eitosti spojen\u00e9 s fungov\u00e1n\u00edm Soci\u00e1ln\u00edho klimatick\u00e9ho fondu p\u0159ibl\u00ed\u017eila <strong>Beatriz Yordi, \u0159editelka pro uhl\u00edkov\u00e9 trhy a \u010distou mobilitu z Gener\u00e1ln\u00edho \u0159editelstv\u00ed pro oblast klimatu Evropsk\u00e9 komise.<\/strong> Bli\u017e\u0161\u00ed informace o LMF lze nal\u00e9zt na www.lmf.cz.<\/p>\n<p><img loading=\"lazy\" decoding=\"async\" class=\"alignnone wp-image-16474\" src=\"http:\/\/www.automakers.cz\/wp-content\/uploads\/2025\/09\/Alexandr-Vondraza_europoslanec_1-small-1-900x600.jpg\" alt=\"\" width=\"1007\" height=\"671\" srcset=\"https:\/\/www.automakers.cz\/wp-content\/uploads\/2025\/09\/Alexandr-Vondraza_europoslanec_1-small-1-900x600.jpg 900w, https:\/\/www.automakers.cz\/wp-content\/uploads\/2025\/09\/Alexandr-Vondraza_europoslanec_1-small-1-1024x683.jpg 1024w, https:\/\/www.automakers.cz\/wp-content\/uploads\/2025\/09\/Alexandr-Vondraza_europoslanec_1-small-1-768x512.jpg 768w, https:\/\/www.automakers.cz\/wp-content\/uploads\/2025\/09\/Alexandr-Vondraza_europoslanec_1-small-1-1536x1024.jpg 1536w, https:\/\/www.automakers.cz\/wp-content\/uploads\/2025\/09\/Alexandr-Vondraza_europoslanec_1-small-1-2048x1365.jpg 2048w\" sizes=\"auto, (max-width: 1007px) 100vw, 1007px\" \/><\/p>\n","protected":false},"excerpt":{"rendered":"<p>P\u0159edstavitel\u00e9 nejv\u011bt\u0161\u00edch tuzemsk\u00fdch firem v oblasti elektroenergetiky a plyn\u00e1renstv\u00ed v Ostrav\u011b jednali na mezin\u00e1rodn\u00ed konferenci&#8230;<\/p>\n","protected":false},"author":2,"featured_media":16473,"comment_status":"closed","ping_status":"closed","sticky":false,"template":"","format":"standard","meta":{"footnotes":""},"categories":[41,22,31],"tags":[],"class_list":["post-16472","post","type-post","status-publish","format-standard","has-post-thumbnail","hentry","category-ekologie","category-konference","category-news"],"_links":{"self":[{"href":"https:\/\/www.automakers.cz\/index.php?rest_route=\/wp\/v2\/posts\/16472","targetHints":{"allow":["GET"]}}],"collection":[{"href":"https:\/\/www.automakers.cz\/index.php?rest_route=\/wp\/v2\/posts"}],"about":[{"href":"https:\/\/www.automakers.cz\/index.php?rest_route=\/wp\/v2\/types\/post"}],"author":[{"embeddable":true,"href":"https:\/\/www.automakers.cz\/index.php?rest_route=\/wp\/v2\/users\/2"}],"replies":[{"embeddable":true,"href":"https:\/\/www.automakers.cz\/index.php?rest_route=%2Fwp%2Fv2%2Fcomments&post=16472"}],"version-history":[{"count":5,"href":"https:\/\/www.automakers.cz\/index.php?rest_route=\/wp\/v2\/posts\/16472\/revisions"}],"predecessor-version":[{"id":16481,"href":"https:\/\/www.automakers.cz\/index.php?rest_route=\/wp\/v2\/posts\/16472\/revisions\/16481"}],"wp:featuredmedia":[{"embeddable":true,"href":"https:\/\/www.automakers.cz\/index.php?rest_route=\/wp\/v2\/media\/16473"}],"wp:attachment":[{"href":"https:\/\/www.automakers.cz\/index.php?rest_route=%2Fwp%2Fv2%2Fmedia&parent=16472"}],"wp:term":[{"taxonomy":"category","embeddable":true,"href":"https:\/\/www.automakers.cz\/index.php?rest_route=%2Fwp%2Fv2%2Fcategories&post=16472"},{"taxonomy":"post_tag","embeddable":true,"href":"https:\/\/www.automakers.cz\/index.php?rest_route=%2Fwp%2Fv2%2Ftags&post=16472"}],"curies":[{"name":"wp","href":"https:\/\/api.w.org\/{rel}","templated":true}]}}