{"id":16492,"date":"2025-09-22T11:28:04","date_gmt":"2025-09-22T11:28:04","guid":{"rendered":"https:\/\/www.automakers.cz\/?p=16492"},"modified":"2025-09-22T13:03:14","modified_gmt":"2025-09-22T13:03:14","slug":"media-si-pripominaji-10-let-dieselgate","status":"publish","type":"post","link":"https:\/\/www.automakers.cz\/?p=16492","title":{"rendered":"M\u00e9dia si p\u0159ipom\u00ednaj\u00ed 10 let Dieselgate"},"content":{"rendered":"<p><strong>P\u0159ed deseti lety, b\u011bhem autosalonu IAA ve <span class=\"highlight-E0id2 highlight-E0M\">Frankfurtu<\/span> \u2013 vydaly americk\u00e9 \u00fa\u0159ady \u201eOzn\u00e1men\u00ed o poru\u0161en\u00ed p\u0159edpis\u016f\u201c proti spole\u010dnosti <span class=\"highlight-E1id1 highlight-E4id0 highlight-E1M highlight-E4M\">Volkswagen<\/span> <span class=\"highlight-E4id0 highlight-E1id1 highlight-E4M highlight-E1M\">AG<\/span>. To se brzy zm\u011bnilo v nejv\u011bt\u0161\u00ed skand\u00e1l v historii n\u011bmeck\u00e9ho <span class=\"highlight-query\">automobilov\u00e9ho<\/span> pr\u016fmyslu, p\u00ed\u0161e Autoweek.<\/strong><!--more--><\/p>\n<p><strong>Skand\u00e1l \u201eDieselgate<\/strong>\u201c \u2013 neleg\u00e1ln\u00ed manipulace s <span class=\"highlight-E4id1 highlight-E4M\">emisemi<\/span> statis\u00edc\u016f voz\u016f \u2013 uvrhl skupinu <span class=\"highlight-E1id1 highlight-E4id0 highlight-E1M highlight-E4M\">VW<\/span> do krize a tak\u00e9 urychlil p\u0159echod na <span class=\"highlight-E4id1 highlight-E4M\">elektromobilitu<\/span> do t\u00e9 m\u00edry, jak by se bez Dieselgate velmi pravd\u011bpodobn\u011b nestalo. Vzn\u011btov\u00fd motor na naftu, vynalezen\u00fd v N\u011bmecku, nyn\u00ed tvo\u0159\u00ed v <span class=\"highlight-E0id1 highlight-E0M\">N\u011bmecku<\/span> pouze 13 % nov\u00fdch registrac\u00ed a byl ji\u017e p\u0159edb\u011bhnut elektrick\u00fdm pohonem.<\/p>\n<p>V reakci na skand\u00e1l za\u010dali politici kl\u00e1st extr\u00e9mn\u00ed d\u016fraz na <span class=\"highlight-E4id1 highlight-E4M\">elektromobilitu<\/span>. Krom\u011b postupn\u00e9ho zp\u0159\u00eds\u0148ov\u00e1n\u00ed legislativy m\u016f\u017ee tento proces nakonec v\u00e9st k z\u00e1kazu spalovac\u00edch motor\u016f v <span class=\"highlight-E1id0 highlight-E1M\">EU<\/span>. Tak\u00e9 <span class=\"highlight-E4id0 highlight-E1id1 highlight-E4M highlight-E1M\">VW<\/span> reagoval extr\u00e9mn\u011b razantn\u011b \u2013 vzhledem k s\u00edle ud\u00e1lost\u00ed pochopiteln\u011b. Nov\u00fd <span class=\"highlight-E5id1 highlight-E5M\">gener\u00e1ln\u00ed<\/span> <span class=\"highlight-E5id1 highlight-E5M\">\u0159editel<\/span> <strong><span class=\"highlight-E2id0 highlight-E2M\">Herbert<\/span> <span class=\"highlight-E2id0 highlight-E2M\">Diess<\/span> <\/strong>v\u0161echno obr\u00e1til vzh\u016fru nohama, zru\u0161il turbodiesely a v\u0161e vsadil na elektromobily.<\/p>\n<p>P\u0159\u00edli\u0161n\u00e9 zam\u011b\u0159en\u00ed na elektromobily v\u0161ak koncernu <span class=\"highlight-E1id1 highlight-E4id0 highlight-E1M highlight-E4M\">VW<\/span> zpo\u010d\u00e1tku neprosp\u011blo. Produktov\u00e1 \u0159ada se proto nyn\u00ed upravuje a spalovac\u00ed motory se budou vyr\u00e1b\u011bt d\u00e9le.<\/p>\n<p><strong>Zdroj: CNN Prima News, Autoweek (v\u00edce k z\u00e1kazu spalovac\u00edch motor\u016f n\u00ed\u017ee)<\/strong><\/p>\n<p><iframe loading=\"lazy\"  id=\"_ytid_14430\"  width=\"640\" height=\"360\"  data-origwidth=\"640\" data-origheight=\"360\" src=\"https:\/\/www.youtube.com\/embed\/OC9JJYMi3_k?enablejsapi=1&#038;autoplay=0&#038;cc_load_policy=0&#038;cc_lang_pref=&#038;iv_load_policy=1&#038;loop=0&#038;modestbranding=0&#038;rel=1&#038;fs=1&#038;playsinline=0&#038;autohide=2&#038;theme=dark&#038;color=red&#038;controls=1&#038;\" class=\"__youtube_prefs__  epyt-is-override  no-lazyload\" title=\"YouTube player\"  allow=\"accelerometer; autoplay; clipboard-write; encrypted-media; gyroscope; picture-in-picture\" allowfullscreen data-no-lazy=\"1\" data-skipgform_ajax_framebjll=\"\"><\/iframe><\/p>\n<p><img loading=\"lazy\" decoding=\"async\" class=\"alignnone size-medium wp-image-16508\" src=\"http:\/\/www.automakers.cz\/wp-content\/uploads\/2025\/09\/Autoweek-EU-zakaz-motoru-675x900.jpg\" alt=\"\" width=\"675\" height=\"900\" srcset=\"https:\/\/www.automakers.cz\/wp-content\/uploads\/2025\/09\/Autoweek-EU-zakaz-motoru-675x900.jpg 675w, https:\/\/www.automakers.cz\/wp-content\/uploads\/2025\/09\/Autoweek-EU-zakaz-motoru.jpg 750w\" sizes=\"auto, (max-width: 675px) 100vw, 675px\" \/><\/p>\n","protected":false},"excerpt":{"rendered":"<p>P\u0159ed deseti lety, b\u011bhem autosalonu IAA ve Frankfurtu \u2013 vydaly americk\u00e9 \u00fa\u0159ady \u201eOzn\u00e1men\u00ed o poru\u0161en\u00ed&#8230;<\/p>\n","protected":false},"author":1,"featured_media":16494,"comment_status":"closed","ping_status":"closed","sticky":false,"template":"","format":"standard","meta":{"footnotes":""},"categories":[59,51,14,66,4],"tags":[],"class_list":["post-16492","post","type-post","status-publish","format-standard","has-post-thumbnail","hentry","category-automakers-tv","category-kauza","category-komentar","category-video","category-vyroci"],"_links":{"self":[{"href":"https:\/\/www.automakers.cz\/index.php?rest_route=\/wp\/v2\/posts\/16492","targetHints":{"allow":["GET"]}}],"collection":[{"href":"https:\/\/www.automakers.cz\/index.php?rest_route=\/wp\/v2\/posts"}],"about":[{"href":"https:\/\/www.automakers.cz\/index.php?rest_route=\/wp\/v2\/types\/post"}],"author":[{"embeddable":true,"href":"https:\/\/www.automakers.cz\/index.php?rest_route=\/wp\/v2\/users\/1"}],"replies":[{"embeddable":true,"href":"https:\/\/www.automakers.cz\/index.php?rest_route=%2Fwp%2Fv2%2Fcomments&post=16492"}],"version-history":[{"count":5,"href":"https:\/\/www.automakers.cz\/index.php?rest_route=\/wp\/v2\/posts\/16492\/revisions"}],"predecessor-version":[{"id":16510,"href":"https:\/\/www.automakers.cz\/index.php?rest_route=\/wp\/v2\/posts\/16492\/revisions\/16510"}],"wp:featuredmedia":[{"embeddable":true,"href":"https:\/\/www.automakers.cz\/index.php?rest_route=\/wp\/v2\/media\/16494"}],"wp:attachment":[{"href":"https:\/\/www.automakers.cz\/index.php?rest_route=%2Fwp%2Fv2%2Fmedia&parent=16492"}],"wp:term":[{"taxonomy":"category","embeddable":true,"href":"https:\/\/www.automakers.cz\/index.php?rest_route=%2Fwp%2Fv2%2Fcategories&post=16492"},{"taxonomy":"post_tag","embeddable":true,"href":"https:\/\/www.automakers.cz\/index.php?rest_route=%2Fwp%2Fv2%2Ftags&post=16492"}],"curies":[{"name":"wp","href":"https:\/\/api.w.org\/{rel}","templated":true}]}}