{"id":16531,"date":"2025-09-23T14:33:03","date_gmt":"2025-09-23T14:33:03","guid":{"rendered":"https:\/\/www.automakers.cz\/?p=16531"},"modified":"2025-09-24T06:13:33","modified_gmt":"2025-09-24T06:13:33","slug":"astana-hleda-country-manazera-pro-chery","status":"publish","type":"post","link":"https:\/\/www.automakers.cz\/?p=16531","title":{"rendered":"Astana hled\u00e1 country mana\u017eera pro Chery"},"content":{"rendered":"<p align=\"left\"><span style=\"color: #000000;\"><span style=\"font-family: Times New Roman, serif;\"><span style=\"font-size: large;\"><strong>\u010c\u00ednsk\u00e1 automobilka Chery <\/strong><\/span><\/span><\/span><span style=\"color: #000000;\"><span style=\"font-family: Times New Roman, serif;\"><span style=\"font-size: large;\"><strong>letos ohl\u00e1sila vstup na evropsk\u00fd trh a za\u010dala hledat m\u00edstn\u00ed distributory pro sv\u00e9 vozy. Import do \u010cesk\u00e9 republiky bude zaji\u0161\u0165ovat Astana Motors. Kaza\u0161i stav\u00ed mana\u017eersk\u00fd t\u00fdm pro Prahu a hledaj\u00ed \u010desk\u00e9ho mana\u017eera.<\/strong><\/span><\/span><\/span><!--more--><\/p>\n<p align=\"left\"><span style=\"color: #000000;\"><span style=\"font-family: Times New Roman, serif;\"><span style=\"font-size: large;\">Chery o zastoupen\u00ed pro \u010desk\u00fd trh vyjedn\u00e1vala n\u011bkolik m\u011bs\u00edc\u016f s dealerskou skupinou <strong>AutoBinck<\/strong>, nakonec se ale rozhodla pro spole\u010dnost Astana Motors. <\/span><\/span><\/span><\/p>\n<p align=\"left\"><span style=\"color: #000000;\"><span style=\"font-family: Times New Roman, serif;\"><span style=\"font-size: large;\">Jej\u00ed \u0161\u00e9f <strong>Nurlan Shamgonov<\/strong> sezval v z\u00e1\u0159\u00ed do konferen\u010dn\u00ed centra Vod\u011br\u00e1dky m\u00e9dia, aby jim p\u0159edstavil sv\u00e9 pl\u00e1ny pro tuzemsko. <\/span><\/span><\/span><span style=\"color: #000000;\"><span style=\"font-family: Times New Roman, serif;\"><span style=\"font-size: large;\">\u010cesk\u00fdm motorist\u016fm bude nab\u00edzet t\u0159i varianty hybridn\u00edho <strong>SUV modelu Tiggo<\/strong>, kter\u00e9 bude <\/span><\/span><\/span><span style=\"color: #000000;\"><span style=\"font-family: Times New Roman, serif;\"><span style=\"font-size: large;\">servisovat celkem <\/span><\/span><\/span><span style=\"color: #000000;\"><span style=\"font-family: Times New Roman, serif;\"><span style=\"font-size: large;\">dev\u011bt lok\u00e1ln\u00edch partner\u016f.<\/span><\/span><\/span><a name=\"more-16430\"><\/a><\/p>\n<p align=\"left\"><img loading=\"lazy\" decoding=\"async\" class=\"alignnone size-medium wp-image-16435\" src=\"http:\/\/www.automakers.cz\/wp-content\/uploads\/2025\/09\/Chery-Astana-Nurlan-Shamgonov-podium-Voderadky-900x506.jpeg\" alt=\"\" width=\"900\" height=\"506\" srcset=\"https:\/\/www.automakers.cz\/wp-content\/uploads\/2025\/09\/Chery-Astana-Nurlan-Shamgonov-podium-Voderadky-900x506.jpeg 900w, https:\/\/www.automakers.cz\/wp-content\/uploads\/2025\/09\/Chery-Astana-Nurlan-Shamgonov-podium-Voderadky-1024x576.jpeg 1024w, https:\/\/www.automakers.cz\/wp-content\/uploads\/2025\/09\/Chery-Astana-Nurlan-Shamgonov-podium-Voderadky-768x432.jpeg 768w, https:\/\/www.automakers.cz\/wp-content\/uploads\/2025\/09\/Chery-Astana-Nurlan-Shamgonov-podium-Voderadky-1536x864.jpeg 1536w, https:\/\/www.automakers.cz\/wp-content\/uploads\/2025\/09\/Chery-Astana-Nurlan-Shamgonov-podium-Voderadky-1280x720.jpeg 1280w, https:\/\/www.automakers.cz\/wp-content\/uploads\/2025\/09\/Chery-Astana-Nurlan-Shamgonov-podium-Voderadky.jpeg 2048w\" sizes=\"auto, (max-width: 900px) 100vw, 900px\" \/><strong>\u0160\u00e9fem Chery Czechia je nyn\u00ed Alex \u010cang<\/strong>, mana\u017eerem prodejn\u00ed s\u00edt\u011b byl jmenov\u00e1n<strong> Conan Ke<\/strong>. Import m\u00e1 tak\u00e9 dal\u0161\u00ed zahrani\u010dn\u00ed mana\u017eery pro oblast produktu.<\/p>\n<p align=\"left\"><strong>Pot\u0159eba najmout lok\u00e1ln\u00ed mana\u017eery<\/strong><\/p>\n<p align=\"left\"><strong>Na stole je ale podle dostupn\u00fdch informac\u00ed tak\u00e9 pot\u0159eba najmout lok\u00e1ln\u00ed \u010desk\u00e9 mana\u017eery.<\/strong><\/p>\n<p align=\"left\">Ve Vod\u011br\u00e1dk\u00e1ch se publiku p\u0159edstavil<strong> Franti\u0161ek \u0160vec<\/strong>, z minulosti zn\u00e1m\u00fd z AAA Auto nebo AutoPalace. M\u00e9di\u00edm up\u0159esnil krom\u011b jin\u00e9ho marketingovou strategii zna\u010dky.<\/p>\n<p align=\"left\"><img loading=\"lazy\" decoding=\"async\" class=\"alignnone size-medium wp-image-16534\" src=\"http:\/\/www.automakers.cz\/wp-content\/uploads\/2025\/09\/Chery-Svec-reklama-orez-900x547.jpg\" alt=\"\" width=\"900\" height=\"547\" srcset=\"https:\/\/www.automakers.cz\/wp-content\/uploads\/2025\/09\/Chery-Svec-reklama-orez-900x547.jpg 900w, https:\/\/www.automakers.cz\/wp-content\/uploads\/2025\/09\/Chery-Svec-reklama-orez-1024x622.jpg 1024w, https:\/\/www.automakers.cz\/wp-content\/uploads\/2025\/09\/Chery-Svec-reklama-orez-768x467.jpg 768w, https:\/\/www.automakers.cz\/wp-content\/uploads\/2025\/09\/Chery-Svec-reklama-orez.jpg 1455w\" sizes=\"auto, (max-width: 900px) 100vw, 900px\" \/><strong>Podle informac\u00ed na\u0161eho \u010dasopisu ale Astana hlavn\u00edho country mana\u017eera pro svoji pra\u017eskou kancel\u00e1\u0159 teprve hled\u00e1.<\/strong><\/p>\n<p align=\"left\">&#8222;Pan \u0160vec byl zat\u00edm najat na konzutantskou pozici, na hled\u00e1n\u00ed dal\u0161\u00edho mana\u017eera byla najmuta person\u00e1ln\u00ed agentura <strong>Stanton Chase<\/strong>. Prozat\u00edm vyjedn\u00e1vala s jedn\u00edm v\u00e1\u017en\u00fdm kandid\u00e1tem, kter\u00fd ale pozici nakonec odm\u00edtl,&#8220; \u0159ekl n\u00e1m zdroj obezn\u00e1men\u00fd se situac\u00ed v Astan\u011b.<\/p>\n<p><strong>Sou\u010dasn\u00e9 slo\u017een\u00ed import\u00e9rsk\u00e9ho t\u00fdmu Astany pro \u010cesko:<\/strong><\/p>\n<p><strong><span lang=\"EN-US\">Alex<\/span><span lang=\"EN-US\">\u00a0<\/span><span lang=\"EN-US\">Zhang<\/span><\/strong> je \u0159<span lang=\"EN-US\">editelem<\/span> <span lang=\"EN-US\">Chery<\/span><span lang=\"EN-US\">\u00a0<\/span><span lang=\"EN-US\">Czechia<\/span>,<\/p>\n<p><span lang=\"EN-US\">Mana\u017eerem prodejn\u00ed s\u00edt\u011b Chery Czechia bude <strong>Conan<\/strong><\/span><strong><span lang=\"EN-US\">\u00a0<\/span><\/strong><span lang=\"EN-US\"><strong>Ke<\/strong>,<\/span><\/p>\n<p><strong><span lang=\"EN-US\">Yicheng<\/span><span lang=\"EN-US\">\u00a0<\/span><\/strong><span lang=\"EN-US\"><strong>Liu<\/strong> byl jmenov\u00e1n <\/span><span lang=\"EN-US\">produktov<\/span>\u00fdm <span lang=\"EN-US\">mana<\/span>\u017e<span lang=\"EN-US\">erem<\/span> pro \u010cR<\/p>\n<p><strong><span lang=\"EN-US\">Gabriel<\/span><span lang=\"EN-US\">\u00a0<\/span><span lang=\"EN-US\">Wang<\/span><\/strong> je <span lang=\"EN-US\">mana<\/span>\u017e<span lang=\"EN-US\">er<\/span><span lang=\"EN-US\">\u00a0<\/span><span lang=\"EN-US\">zna<\/span>\u010d<span lang=\"EN-US\">ky v <\/span><span lang=\"EN-US\">Chery Czechia<\/span>)<\/p>\n<p><strong>Franti\u0161ek \u0160vec<\/strong>, konzultantsk\u00e1 pozice, marketing<\/p>\n<p>&nbsp;<\/p>\n","protected":false},"excerpt":{"rendered":"<p>\u010c\u00ednsk\u00e1 automobilka Chery letos ohl\u00e1sila vstup na evropsk\u00fd trh a za\u010dala hledat m\u00edstn\u00ed distributory pro&#8230;<\/p>\n","protected":false},"author":1,"featured_media":16433,"comment_status":"closed","ping_status":"closed","sticky":false,"template":"","format":"standard","meta":{"footnotes":""},"categories":[80,7,6,5],"tags":[],"class_list":["post-16531","post","type-post","status-publish","format-standard","has-post-thumbnail","hentry","category-insider","category-kariera","category-management","category-personalie"],"_links":{"self":[{"href":"https:\/\/www.automakers.cz\/index.php?rest_route=\/wp\/v2\/posts\/16531","targetHints":{"allow":["GET"]}}],"collection":[{"href":"https:\/\/www.automakers.cz\/index.php?rest_route=\/wp\/v2\/posts"}],"about":[{"href":"https:\/\/www.automakers.cz\/index.php?rest_route=\/wp\/v2\/types\/post"}],"author":[{"embeddable":true,"href":"https:\/\/www.automakers.cz\/index.php?rest_route=\/wp\/v2\/users\/1"}],"replies":[{"embeddable":true,"href":"https:\/\/www.automakers.cz\/index.php?rest_route=%2Fwp%2Fv2%2Fcomments&post=16531"}],"version-history":[{"count":4,"href":"https:\/\/www.automakers.cz\/index.php?rest_route=\/wp\/v2\/posts\/16531\/revisions"}],"predecessor-version":[{"id":16536,"href":"https:\/\/www.automakers.cz\/index.php?rest_route=\/wp\/v2\/posts\/16531\/revisions\/16536"}],"wp:featuredmedia":[{"embeddable":true,"href":"https:\/\/www.automakers.cz\/index.php?rest_route=\/wp\/v2\/media\/16433"}],"wp:attachment":[{"href":"https:\/\/www.automakers.cz\/index.php?rest_route=%2Fwp%2Fv2%2Fmedia&parent=16531"}],"wp:term":[{"taxonomy":"category","embeddable":true,"href":"https:\/\/www.automakers.cz\/index.php?rest_route=%2Fwp%2Fv2%2Fcategories&post=16531"},{"taxonomy":"post_tag","embeddable":true,"href":"https:\/\/www.automakers.cz\/index.php?rest_route=%2Fwp%2Fv2%2Ftags&post=16531"}],"curies":[{"name":"wp","href":"https:\/\/api.w.org\/{rel}","templated":true}]}}