{"id":16544,"date":"2025-09-24T10:17:13","date_gmt":"2025-09-24T10:17:13","guid":{"rendered":"https:\/\/www.automakers.cz\/?p=16544"},"modified":"2025-09-24T10:21:32","modified_gmt":"2025-09-24T10:21:32","slug":"masarykuv-okruh-hostil-porsche-festival","status":"publish","type":"post","link":"https:\/\/www.automakers.cz\/?p=16544","title":{"rendered":"Masaryk\u016fv okruh hostil Porsche festival"},"content":{"rendered":"<div id=\"DivBodyText\"><strong>Porsche Inter Auto CZ, ofici\u00e1ln\u00ed dovozce zna\u010dky Porsche do \u010cesk\u00e9 republiky, uspo\u0159\u00e1dala po pilotn\u00edm Porsche Festivalu jeho pokra\u010dov\u00e1n\u00ed. Akce se uskute\u010dnila o v\u00edkendu ve dnech 20. a 21. z\u00e1\u0159\u00ed 2025 v z\u00e1zem\u00ed a na trati Automotodromu Brno.<\/strong><\/div>\n<p><!--more--><\/p>\n<div>Krom\u011b majitel\u016f voz\u016f Porsche, z\u00e1kazn\u00edk\u016f, VIP host\u016f, m\u00e9di\u00ed a influencer\u016f bylo na Porsche Festivalu p\u0159\u00edtomna i pozvan\u00e1 ve\u0159ejnost.<\/div>\n<div>\n<p>\u201eKolem zna\u010dky vytv\u00e1\u0159\u00edme \u010d\u00edm d\u00e1l \u0161ir\u0161\u00ed komunitu skv\u011bl\u00fdch lid\u00ed, co\u017e bylo kr\u00e1sn\u011b vid\u011bt o v\u00edkendu v Brn\u011b,\u201c \u0159\u00edk\u00e1 <strong>Joanna Og\u00f3rek<\/strong>, v\u00fdkonn\u00e1 \u0159editelka v\u00fdhradn\u00edho dovozce automobil\u016f Porsche do \u010cesk\u00e9 republiky, kter\u00e1 p\u0159iv\u00edtala n\u00e1v\u0161t\u011bvn\u00edky a \u00fa\u010dastn\u00edky festivalu \u00favodn\u00edm proslovem spole\u010dn\u011b s<strong> Vlastimilem Fricem, \u0159editelem Porsche Centra O\u0159ech,<\/strong> kter\u00e9 se zanedlouho otev\u0159e. Zah\u00e1jen\u00ed bylo zpest\u0159eno show s pr\u016fletem letadel.<\/p>\n<figure id=\"attachment_16550\" aria-describedby=\"caption-attachment-16550\" style=\"width: 900px\" class=\"wp-caption alignnone\"><img loading=\"lazy\" decoding=\"async\" class=\"size-medium wp-image-16550\" src=\"http:\/\/www.automakers.cz\/wp-content\/uploads\/2025\/09\/Porsche-Festival-Ogorek-900x600.jpg\" alt=\"\" width=\"900\" height=\"600\" \/><figcaption id=\"caption-attachment-16550\" class=\"wp-caption-text\"><strong>\u0160\u00e9fka importu zna\u010dky Joanna Og\u00f3rek<\/strong><\/figcaption><\/figure>\n<p>Na pilotn\u00ed z\u00e1m\u011br po\u0159adatel\u016f, kter\u00fdm bylo vytvo\u0159en\u00ed nejv\u011bt\u0161\u00edho ofici\u00e1ln\u00ed srazu majitel\u016f voz\u016f Porsche v \u010cesku, se poda\u0159ilo druh\u00fdm ro\u010dn\u00edkem Porsche Festivalu nav\u00e1zat. Komunita nad\u0161en\u00fdch majitel\u016f a fanou\u0161k\u016f sportovn\u00edch automobil\u016f Porsche a jejich p\u0159\u00edznivc\u016f se op\u011bt rozrostla, co\u017e dok\u00e1zala \u00fa\u010dast mnohem v\u011bt\u0161\u00edho po\u010dtu voz\u016f ne\u017e loni.<\/p>\n<p>V\u0161e korunovala ned\u011bln\u00ed spanil\u00e1 j\u00edzda, kter\u00e9 se z\u00fa\u010dastnilo 159 voz\u016f Porsche: od ikonick\u00fdch model\u016f 911 p\u0159es sportovn\u00ed Boxstery, youngtimery 944 \u010di 924, luxusn\u00ed Panamery, elektrick\u00e9 Taycany a Macany a\u017e po SUV Cayenne v\u0161ech generac\u00ed. Cel\u00e9mu aktu p\u0159ihl\u00ed\u017eel komisa\u0159, jeho\u017e z\u00e1znam zpe\u010detil rekord zapsan\u00fd do \u010cesk\u00e9 knihy rekord\u016f &#8211; Porsche Festival 2025 se stal sv\u011bdkem rekordu v nejv\u011bt\u0161\u00edm po\u010dtu jedouc\u00edch Porsche na jednom m\u00edst\u011b.<\/p>\n<p><strong>Nebyla to jen spanil\u00e1 j\u00edzda, co na \u00fa\u010dastn\u00edky festivalu \u010dekalo.<\/strong> Nechyb\u011bly testovac\u00ed j\u00edzdy s nov\u00fdmi modely Porsche na silnic\u00edch i polygonu, j\u00edzdy na okruhu za asistence zku\u0161en\u00fdch instruktor\u016f z programu Porsche Experience i atraktivn\u00ed posledn\u00ed z\u00e1vod seri\u00e1lu Porsche Sprint Challenge, kde triumfoval slovensk\u00fd z\u00e1vodn\u00edk Richard Gonda. Krom\u011b fand\u016f aut a motorsportu si na sv\u00e9 p\u0159i\u0161li i dal\u0161\u00ed \u010dlenov\u00e9 rodin. Nechyb\u011bla toti\u017e d\u011btsk\u00e1 z\u00f3na, pumptrack, dr\u00e1ha s RC modely Porsche nebo realistick\u00e9 z\u00e1vodn\u00ed simul\u00e1tory pro mal\u00e9 i velk\u00e9 z\u00e1vodn\u00edky se sout\u011b\u017eemi o ceny &#8211; jezdilo se na virtu\u00e1ln\u00edm Masarykov\u011b okruhu Brno s vozy Porsche.<\/p>\n<\/div>\n<div>\n<p><strong>Dal\u0161\u00edmi l\u00e1kadly<\/strong> se stal shop s origin\u00e1ln\u00edm merchandisingem Porsche a celou statickou par\u00e1du korunovaly \u010dty\u0159i z\u00e1vodn\u00ed klenoty z Porsche Musea Stuttgart, kter\u00e9 psaly d\u011bjiny motorsportu: Porsche 935\/78 Coup\u00e9 \u201eMoby Dick\u201c, Porsche 911 GT1-97R Champion, Porsche 911 GT1-98R GT1 002, Porsche 911 964 Carrera 2 Cup dopln\u011bn\u00e9 soudob\u00fdm Porsche GT4 RS CS.<\/p>\n<p>Doprovodn\u00fdm programem na Porsche Festivalu prov\u00e1zel herec a nad\u0161enec zna\u010dky<strong> Vladim\u00edr Pol\u00edvka,<\/strong> kter\u00fd na akci p\u0159ijel v Porsche Panamera a na z\u00e1vodn\u00edm okruhu absolvoval n\u011bkolik rychl\u00fdch kol za volantem r\u016fzn\u00fdch sportovn\u00edch voz\u016f Porsche. J\u00edzd\u00e1m Porsche Experience kraloval model 911 ve verz\u00edch GTS, Targa nebo GT3 dopln\u011bn\u00fd nejsiln\u011bj\u0161\u00ed Panamerou Turbo E-Hybrid nebo Taycan GT s v\u00fdkonem p\u0159es tis\u00edc kon\u00ed. Mezi hosty Porsche Festivalu se za\u0159adili tak\u00e9 osobnosti ve\u0159ejn\u00e9 sc\u00e9ny, kte\u0159\u00ed bavili ostatn\u00ed p\u0159i moderovan\u00fdch Porsche-talks rozhovorech.<\/p>\n<p><strong>Porsche Inter Auto CZ<\/strong> je jedn\u00edm z nejv\u011bt\u0161\u00edch dom\u00e1c\u00edch prodejc\u016f voz\u016f Volkswagen, Audi, SEAT, \u0160KODA, import\u00e9rem a prodejcem zna\u010dky Porsche v \u010cR a ofici\u00e1ln\u00edm prodejn\u00edm a servisn\u00edm zastoupen\u00edm pro zna\u010dky Bentley a Lamborghini. Ro\u010dn\u011b se v s\u00edti Porsche Inter Auto CZ prod\u00e1 p\u0159es 13 000 nov\u00fdch a ojet\u00fdch voz\u016f. Spole\u010dnost Porsche Inter Auto CZ aktu\u00e1ln\u011b zam\u011bstn\u00e1v\u00e1 p\u0159es 850 zam\u011bstnanc\u016f a p\u016fsob\u00ed na 11 pobo\u010dk\u00e1ch ve m\u011bstech: Praha, Brno, Ostrava, Plze\u0148, Olomouc, \u010cesk\u00e9 Bud\u011bjovice, Hradec Kr\u00e1lov\u00e9 a Opava.<\/p>\n<\/div>\n<div>\n<p><strong>Zdroj:<\/strong><\/p>\n<table border=\"0\" cellspacing=\"0\" cellpadding=\"0\">\n<tbody>\n<tr>\n<td>\n<table border=\"0\" cellspacing=\"0\" cellpadding=\"0\">\n<tbody>\n<tr>\n<td>\n<table border=\"0\" cellspacing=\"0\" cellpadding=\"0\">\n<tbody>\n<tr>\n<td><img decoding=\"async\" src=\"https:\/\/webmail.forpsi.com\/smart\/cgi-bin\/ajaxmail?Act_View=1&amp;_HID_=DFE88D4C9AF5577CF94E5F2DF617F7D3&amp;R_Folder=SU5CT1g=&amp;msgID=94133&amp;Body=2.5\" border=\"0\" \/><\/td>\n<\/tr>\n<\/tbody>\n<\/table>\n<\/td>\n<td>\n<table border=\"0\" cellspacing=\"0\" cellpadding=\"0\">\n<tbody>\n<tr>\n<td><strong>Klosov\u00e1 Petra<\/strong><\/td>\n<\/tr>\n<\/tbody>\n<\/table>\n<\/td>\n<\/tr>\n<\/tbody>\n<\/table>\n<\/td>\n<\/tr>\n<\/tbody>\n<\/table>\n<\/div>\n","protected":false},"excerpt":{"rendered":"<p>Porsche Inter Auto CZ, ofici\u00e1ln\u00ed dovozce zna\u010dky Porsche do \u010cesk\u00e9 republiky, uspo\u0159\u00e1dala po pilotn\u00edm Porsche&#8230;<\/p>\n","protected":false},"author":1,"featured_media":16547,"comment_status":"closed","ping_status":"closed","sticky":false,"template":"","format":"standard","meta":{"footnotes":""},"categories":[26,36],"tags":[],"class_list":["post-16544","post","type-post","status-publish","format-standard","has-post-thumbnail","hentry","category-eventy","category-marketing"],"_links":{"self":[{"href":"https:\/\/www.automakers.cz\/index.php?rest_route=\/wp\/v2\/posts\/16544","targetHints":{"allow":["GET"]}}],"collection":[{"href":"https:\/\/www.automakers.cz\/index.php?rest_route=\/wp\/v2\/posts"}],"about":[{"href":"https:\/\/www.automakers.cz\/index.php?rest_route=\/wp\/v2\/types\/post"}],"author":[{"embeddable":true,"href":"https:\/\/www.automakers.cz\/index.php?rest_route=\/wp\/v2\/users\/1"}],"replies":[{"embeddable":true,"href":"https:\/\/www.automakers.cz\/index.php?rest_route=%2Fwp%2Fv2%2Fcomments&post=16544"}],"version-history":[{"count":5,"href":"https:\/\/www.automakers.cz\/index.php?rest_route=\/wp\/v2\/posts\/16544\/revisions"}],"predecessor-version":[{"id":16552,"href":"https:\/\/www.automakers.cz\/index.php?rest_route=\/wp\/v2\/posts\/16544\/revisions\/16552"}],"wp:featuredmedia":[{"embeddable":true,"href":"https:\/\/www.automakers.cz\/index.php?rest_route=\/wp\/v2\/media\/16547"}],"wp:attachment":[{"href":"https:\/\/www.automakers.cz\/index.php?rest_route=%2Fwp%2Fv2%2Fmedia&parent=16544"}],"wp:term":[{"taxonomy":"category","embeddable":true,"href":"https:\/\/www.automakers.cz\/index.php?rest_route=%2Fwp%2Fv2%2Fcategories&post=16544"},{"taxonomy":"post_tag","embeddable":true,"href":"https:\/\/www.automakers.cz\/index.php?rest_route=%2Fwp%2Fv2%2Ftags&post=16544"}],"curies":[{"name":"wp","href":"https:\/\/api.w.org\/{rel}","templated":true}]}}