{"id":16589,"date":"2025-09-25T14:16:33","date_gmt":"2025-09-25T14:16:33","guid":{"rendered":"https:\/\/www.automakers.cz\/?p=16589"},"modified":"2025-09-25T14:16:33","modified_gmt":"2025-09-25T14:16:33","slug":"dkv-box-europe-nyni-take-v-cr","status":"publish","type":"post","link":"https:\/\/www.automakers.cz\/?p=16589","title":{"rendered":"DKV Box Europe nyn\u00ed tak\u00e9 v \u010cR"},"content":{"rendered":"<p><strong>DKV Mobility, platforma slu\u017eeb pro mezin\u00e1rodn\u00ed mobilitu, roz\u0161\u00ed\u0159ila sv\u00e9 EETS \u0159e\u0161en\u00ed pro \u00fahradu m\u00fdtn\u00e9ho. Palubn\u00ed jednotku DKV Box Europe, kter\u00e1 umo\u017e\u0148uje centralizovan\u00e9 vy\u00fa\u010dtov\u00e1n\u00ed m\u00fdtn\u00e9ho v mnoha zem\u00edch, lze nyn\u00ed pou\u017e\u00edvat tak\u00e9 v \u010cesk\u00e9 republice.<\/strong><!--more--><\/p>\n<p>Evropsk\u00e1 slu\u017eba pro elektronick\u00e9 m\u00fdtn\u00e9 (EETS) umo\u017e\u0148uje vy\u00fa\u010dtov\u00e1n\u00ed m\u00fdtn\u00e9ho na r\u016fzn\u00fdch evropsk\u00fdch silnic\u00edch na z\u00e1klad\u011b jedn\u00e9 smlouvy a s jedn\u00edm za\u0159\u00edzen\u00edm bez ohledu na m\u00fdtn\u00fd syst\u00e9m pou\u017e\u00edvan\u00fd v p\u0159\u00edslu\u0161n\u00e9 zemi.<\/p>\n<p>DKV Box Europe po t\u00e9to aktualizaci podporuje snadn\u00e9 a centralizovan\u00e9 vy\u00fa\u010dtov\u00e1n\u00ed m\u00fdtn\u00e9ho pro vozidla s celkovou hmotnost\u00ed nad 3,5 tuny v 16 zem\u00edch a pokr\u00fdv\u00e1 19 m\u00fdtn\u00fdch syst\u00e9m\u016f na hlavn\u00edch tras\u00e1ch v N\u011bmecku, Rakousku, \u0160v\u00fdcarsku, Belgii, Francii, Portugalsku, \u0160pan\u011blsku, It\u00e1lii, Polsku, Slovensku, Slovinsku, Bulharsku, Ma\u010farsku \u2013 a nyn\u00ed i v \u010cesku. Box lze vyu\u017e\u00edt tak\u00e9 v p\u0159\u00edpad\u011b n\u011bkter\u00fdch most\u016f a tunel\u016f, nap\u0159\u00edklad v tunelech Warnow a Herren v N\u011bmecku, Liefkenshoek v Belgii a na skandin\u00e1vsk\u00fdch mostech.<\/p>\n<p>\u201e\u010cesk\u00e1 republika hraje v evropsk\u00e9 n\u00e1kladn\u00ed doprav\u011b pro mnoho na\u0161ich z\u00e1kazn\u00edk\u016f z oboru logistiky hlavn\u00ed roli. D\u00edky palubn\u00ed jednotce DKV Box Europe je vy\u00fa\u010dtov\u00e1n\u00ed m\u00fdtn\u00e9ho jednodu\u0161\u0161\u00ed a centralizovan\u00e9. Z\u00e1kazn\u00edci maj\u00ed v\u0161echny d\u016fle\u017eit\u00e9 informace k dispozici p\u0159\u00edmo ve sv\u00e9m z\u00e1kaznick\u00e9m port\u00e1lu, co\u017e jim \u0161et\u0159\u00ed \u010das a cenn\u00e9 zdroje,\u201c \u0159\u00edk\u00e1 J\u00e9r\u00f4me Lejeune, \u0159editel zodpov\u011bdn\u00fd za slu\u017eby v oblasti m\u00fdtn\u00e9ho a vratek ve spole\u010dnosti DKV Mobility.<\/p>\n<p>DKV Box Europe nab\u00edz\u00ed snadnou instalaci typu \u201eplug-and-play \u201c. Dosavadn\u00ed u\u017eivatel\u00e9 si mohou aktivovat \u010deskou m\u00fdtnou slu\u017ebu online, ani\u017e by museli vym\u011b\u0148ovat sv\u00e9 sou\u010dasn\u00e9 za\u0159\u00edzen\u00ed. Aktualizace jsou poskytov\u00e1ny bezdr\u00e1tov\u011b prost\u0159ednictv\u00edm rozhran\u00ed pro mobiln\u00ed komunikaci.<\/p>\n<p>DKV Mobility pl\u00e1nuje v posledn\u00edm \u010dtvrtlet\u00ed 2025 nab\u00eddnout sv\u00fdm z\u00e1kazn\u00edk\u016fm palubn\u00ed jednotku DKV Box Europe nov\u00e9 generace s technologi\u00ed 4G. DKV Mobility reaguje touto modernizac\u00ed na pl\u00e1novan\u00e9 ukon\u010den\u00ed provozu s\u00edt\u00ed 2G v n\u011bkolika evropsk\u00fdch zem\u00edch.<\/p>\n","protected":false},"excerpt":{"rendered":"<p>DKV Mobility, platforma slu\u017eeb pro mezin\u00e1rodn\u00ed mobilitu, roz\u0161\u00ed\u0159ila sv\u00e9 EETS \u0159e\u0161en\u00ed pro \u00fahradu m\u00fdtn\u00e9ho. Palubn\u00ed&#8230;<\/p>\n","protected":false},"author":2,"featured_media":16591,"comment_status":"closed","ping_status":"closed","sticky":false,"template":"","format":"standard","meta":{"footnotes":""},"categories":[47,43,40],"tags":[],"class_list":["post-16589","post","type-post","status-publish","format-standard","has-post-thumbnail","hentry","category-doprava","category-logistika","category-technologie"],"_links":{"self":[{"href":"https:\/\/www.automakers.cz\/index.php?rest_route=\/wp\/v2\/posts\/16589","targetHints":{"allow":["GET"]}}],"collection":[{"href":"https:\/\/www.automakers.cz\/index.php?rest_route=\/wp\/v2\/posts"}],"about":[{"href":"https:\/\/www.automakers.cz\/index.php?rest_route=\/wp\/v2\/types\/post"}],"author":[{"embeddable":true,"href":"https:\/\/www.automakers.cz\/index.php?rest_route=\/wp\/v2\/users\/2"}],"replies":[{"embeddable":true,"href":"https:\/\/www.automakers.cz\/index.php?rest_route=%2Fwp%2Fv2%2Fcomments&post=16589"}],"version-history":[{"count":2,"href":"https:\/\/www.automakers.cz\/index.php?rest_route=\/wp\/v2\/posts\/16589\/revisions"}],"predecessor-version":[{"id":16621,"href":"https:\/\/www.automakers.cz\/index.php?rest_route=\/wp\/v2\/posts\/16589\/revisions\/16621"}],"wp:featuredmedia":[{"embeddable":true,"href":"https:\/\/www.automakers.cz\/index.php?rest_route=\/wp\/v2\/media\/16591"}],"wp:attachment":[{"href":"https:\/\/www.automakers.cz\/index.php?rest_route=%2Fwp%2Fv2%2Fmedia&parent=16589"}],"wp:term":[{"taxonomy":"category","embeddable":true,"href":"https:\/\/www.automakers.cz\/index.php?rest_route=%2Fwp%2Fv2%2Fcategories&post=16589"},{"taxonomy":"post_tag","embeddable":true,"href":"https:\/\/www.automakers.cz\/index.php?rest_route=%2Fwp%2Fv2%2Ftags&post=16589"}],"curies":[{"name":"wp","href":"https:\/\/api.w.org\/{rel}","templated":true}]}}