{"id":16622,"date":"2025-09-26T08:55:23","date_gmt":"2025-09-26T08:55:23","guid":{"rendered":"https:\/\/www.automakers.cz\/?p=16622"},"modified":"2025-09-26T08:55:23","modified_gmt":"2025-09-26T08:55:23","slug":"autosap-vyroba-aut-v-cr-letos-klesla-o-2","status":"publish","type":"post","link":"https:\/\/www.automakers.cz\/?p=16622","title":{"rendered":"AutoSAP: V\u00fdroba aut v \u010cR letos klesla o 2 %"},"content":{"rendered":"<p><strong>Od za\u010d\u00e1tku roku do konce srpna bylo na link\u00e1ch tuzemsk\u00fdch v\u00fdrobc\u016f osobn\u00edch vozidel zkompletov\u00e1no celkem 953 433 osobn\u00edch aut, meziro\u010dn\u011b o 2,1 % m\u00e9n\u011b. Letn\u00ed produkce ale p\u0159inesla navzdory celoz\u00e1vodn\u00edm dovolen\u00fdm i odst\u00e1vk\u00e1m meziro\u010dn\u011b vy\u0161\u0161\u00ed v\u00fdsledky v podob\u011b 206 005 vyroben\u00fdch vozidel, tedy o 6 755 ks v\u00edce ne\u017e loni.<\/strong> <!--more--><\/p>\n<p>Osmim\u011bs\u00ed\u010dn\u00ed produkce autobus\u016f naopak rostla, a to o 21,8 % na celkov\u00fdch 3 538 kus\u016f, p\u0159edev\u0161\u00edm z\u00e1sluhou vysokom\u00fdtsk\u00e9ho Iveca. V\u00fdrazn\u011b se zv\u00fd\u0161il i po\u010det vyroben\u00fdch elektromobil\u016f (+105,3 %) \u2013 celkem bylo vyrobeno 140 933 \u010dist\u011b elektrick\u00fdch a 42 529 plug-in hybridn\u00edch osobn\u00edch vozidel. Vysok\u00fd n\u00e1r\u016fst zaznamenal tak\u00e9 segment elektrobus\u016f, jeho\u017e v\u00fdroba meziro\u010dn\u011b vzrostla o v\u00edce ne\u017e 416 % na 253 kus\u016f. Naopak produkce motocykl\u016f Jawa meziro\u010dn\u011b klesla o 32,9 % na 525 stroj\u016f.<\/p>\n<p>\u201eJako velmi dobrou zpr\u00e1vu vn\u00edm\u00e1m, \u017ee navzdory ochlazen\u00ed na hlavn\u00edch evropsk\u00fdch trz\u00edch, n\u011bkolika odst\u00e1vk\u00e1m v no\u0161ovick\u00e9m Hyundaii i tradi\u010dn\u00edm omezen\u00edm provozu b\u011bhem l\u00e9ta, kter\u00e9 firmy vyu\u017e\u00edvaj\u00ed k celoz\u00e1vodn\u00edm dovolen\u00fdm, se v letn\u00edch m\u011bs\u00edc\u00edch poda\u0159ilo p\u0159ekonat v\u00fdsledky lo\u0148sk\u00e9ho rekordn\u00edho roku. To vylep\u0161uje sn\u00ed\u017een\u00fd objem v\u00fdroby z kraje roku a tuzemsk\u00fd autopr\u016fmysl tak op\u011bt mohl podpo\u0159it v\u00fdkon dom\u00e1c\u00ed ekonomiky. Jakkoli \u010d\u00edsla ukazuj\u00ed, \u017ee se dom\u00e1c\u00edm v\u00fdrobc\u016fm da\u0159\u00ed navy\u0161ovat objemy vyr\u00e1b\u011bn\u00fdch elektromobil\u016f, celkov\u00e1 \u010d\u00edsla evropsk\u00fdch prodej\u016f z\u016fst\u00e1vaj\u00ed daleko za po\u017eadavky evropsk\u00e9 regulace. Proto pova\u017euji za kritick\u00e9, aby se po ned\u00e1vno prob\u011bhl\u00e9m Strategick\u00e9m dialogu o budoucnosti automobilov\u00e9ho pr\u016fmyslu intenzivn\u011b rozeb\u011bhly pr\u00e1ce na revizi regulace tak, aby dekarbonizace odpov\u00eddala re\u00e1ln\u00e9 popt\u00e1vce z\u00e1kazn\u00edk\u016f, zohled\u0148ovala technologickou neutralitu a z\u00e1rove\u0148 pomohla udr\u017eet konkurenceschopnost i pracovn\u00ed m\u00edsta v evropsk\u00e9m i \u010desk\u00e9m autopr\u016fmyslu,\u201c \u0159\u00edk\u00e1 Zden\u011bk Petzl, v\u00fdkonn\u00fd \u0159editel Sdru\u017een\u00ed automobilov\u00e9ho pr\u016fmyslu.<\/p>\n<figure id=\"attachment_3525\" aria-describedby=\"caption-attachment-3525\" style=\"width: 900px\" class=\"wp-caption alignnone\"><img loading=\"lazy\" decoding=\"async\" class=\"size-medium wp-image-3525\" src=\"http:\/\/www.automakers.cz\/wp-content\/uploads\/2024\/04\/Zdenek-Petzl_3-900x632.jpg\" alt=\"\" width=\"900\" height=\"632\" \/><figcaption id=\"caption-attachment-3525\" class=\"wp-caption-text\"><strong>V\u00fdkonn\u00fd \u0159editel AutoSAP Zden\u011bk Petzl<\/strong><\/figcaption><\/figure>\n<p><strong>Osobn\u00ed vozidla<\/strong><br \/>\nOd za\u010d\u00e1tku leto\u0161n\u00edho roku bylo do konce srpna vyrobeno 953 433 osobn\u00edch vozidel, tedy meziro\u010dn\u011b o 2,1 % m\u00e9n\u011b ne\u017e ve stejn\u00e9m obdob\u00ed lo\u0148sk\u00e9ho roku. P\u0159esto letn\u00ed m\u011bs\u00edce, kter\u00e9 jsou ka\u017edoro\u010dn\u011b v\u011bnovan\u00e9 pravideln\u00fdm celoz\u00e1vodn\u00edm dovolen\u00fdm, preventivn\u00edm \u00fadr\u017eb\u00e1m, instalaci nov\u00fdch robot\u016f atd. uk\u00e1zaly pozitivn\u00ed trend \u2013 v \u010dervenci sjelo z linek 85 969 vozidel (+4,1 %), v srpnu 120 036 vozidel (+2,9 %). Celkov\u00e1 produkce v letn\u00edch m\u011bs\u00edc\u00edch tak dos\u00e1hla 206 005 automobil\u016f, tedy o 6 755 kus\u016f (+8,3 %) v\u00edce ne\u017e ve stejn\u00e9m obdob\u00ed lo\u0148sk\u00e9ho roku.<\/p>\n<p><strong>Nejv\u011bt\u0161\u00ed dom\u00e1c\u00ed v\u00fdrobce, \u0160koda Auto<\/strong>, pokra\u010dovala na vln\u011b skv\u011bl\u00fdch v\u00fdsledk\u016f. Ve sv\u00fdch tuzemsk\u00fdch z\u00e1vodech v lednu a\u017e srpnu vyrobila celkem 610 274 osobn\u00edch automobil\u016f, tedy o v\u00edce ne\u017e 2,0 % v\u00edce ne\u017e loni. V\u00fdrazn\u011b p\u0159isp\u011bl segment elektromobility \u2013 produkce voz\u016f s bateriov\u00fdmi pohony vzrostla o 164,6 %. Celkem jich \u0160koda vyrobila 136 019, tedy 22,3 % z celkov\u00e9 produkce. Z toho bylo 116 936 \u010dist\u011b elektrick\u00fdch a 19 088 plug-in hybridn\u00edch model\u016f.<\/p>\n<p><strong>V no\u0161ovick\u00e9m z\u00e1vod\u011b automobilky Hyundai<\/strong> bylo v prvn\u00edch osmi m\u011bs\u00edc\u00edch vyrobeno celkem 193 940 vozidel, tj. o 30 110 vozidel m\u00e9n\u011b ne\u017e ve stejn\u00e9m obdob\u00ed lo\u0148sk\u00e9ho roku. Do ni\u017e\u0161\u00edho po\u010dtu vyroben\u00fdch vozidel se propsaly i do\u010dasn\u00e9 srpnov\u00e9 odst\u00e1vky v\u00fdroby. Z celkov\u00e9ho po\u010dtu zhotoven\u00fdch vozidel m\u011blo 24 002 \u010dist\u011b elektrick\u00fd a 23 441 plug-in hybridn\u00ed pohon. Elektrick\u00e9 vozy vyroben\u00e9 v No\u0161ovic\u00edch tvo\u0159ily v\u00edce ne\u017e 24,4 % z celkov\u00e9 produkce tuzemsk\u00e9 automobilky.<\/p>\n<p><strong>Z v\u00fdrobn\u00ed linky Toyoty Motor Manufacturing<\/strong> v Kol\u00edn\u011b sjelo ve uv\u00e1d\u011bn\u00e9m obdob\u00ed celkem 149 219 automobil\u016f, tedy o 1,4 % vozidel m\u00e9n\u011b ne\u017e ve stejn\u00e9m obdob\u00ed minul\u00e9ho roku. V\u00edce ne\u017e polovinu produkce p\u0159edstavovaly hybridn\u00ed vozy Yaris HEV.<\/p>\n<figure id=\"attachment_1566\" aria-describedby=\"caption-attachment-1566\" style=\"width: 900px\" class=\"wp-caption alignnone\"><img loading=\"lazy\" decoding=\"async\" class=\"size-medium wp-image-1566\" src=\"http:\/\/www.automakers.cz\/wp-content\/uploads\/2024\/01\/TMMCZ_AygoX-Toyota-Yaris-900x600.jpg\" alt=\"\" width=\"900\" height=\"600\" srcset=\"https:\/\/www.automakers.cz\/wp-content\/uploads\/2024\/01\/TMMCZ_AygoX-Toyota-Yaris-900x600.jpg 900w, https:\/\/www.automakers.cz\/wp-content\/uploads\/2024\/01\/TMMCZ_AygoX-Toyota-Yaris-1024x683.jpg 1024w, https:\/\/www.automakers.cz\/wp-content\/uploads\/2024\/01\/TMMCZ_AygoX-Toyota-Yaris-768x512.jpg 768w, https:\/\/www.automakers.cz\/wp-content\/uploads\/2024\/01\/TMMCZ_AygoX-Toyota-Yaris-1536x1024.jpg 1536w, https:\/\/www.automakers.cz\/wp-content\/uploads\/2024\/01\/TMMCZ_AygoX-Toyota-Yaris.jpg 1800w\" sizes=\"auto, (max-width: 900px) 100vw, 900px\" \/><figcaption id=\"caption-attachment-1566\" class=\"wp-caption-text\"><strong>Toyota produkuje u Kol\u00edna modely Aygo a Yaris<\/strong><\/figcaption><\/figure>\n<p>Po\u010dty vyroben\u00fdch vozidel nejen s hybridn\u00edmi, ale i \u010dist\u011b elektrick\u00fdmi pohony se budou v budoucnu v Kol\u00edn\u011b nad\u00e1le zvy\u0161ovat. Je to d\u00edky ozn\u00e1men\u00e9 investici v hodnot\u011b 17 mld. K\u010d do roz\u0161\u00ed\u0159en\u00ed \u010desk\u00e9ho z\u00e1vodu, ve kter\u00e9m bude Toyota vyr\u00e1b\u011bt sv\u016fj prvn\u00ed pln\u011b elektrick\u00fd v\u016fz v Evrop\u011b.<\/p>\n<p><strong>Autobusy<\/strong><br \/>\nV\u00fdroba autobus\u016f v \u010cR v obdob\u00ed leden\u2013srpen meziro\u010dn\u011b vzrostla o 21,8 % a dos\u00e1hla celkem 3 538 vyroben\u00fdch vozidel. Nejv\u011bt\u0161\u00ed pod\u00edl na r\u016fstu m\u00e1 tradi\u010dn\u011b vysokom\u00fdtsk\u00e9 Iveco Czech Republic, kter\u00e9 vyrobilo 3 299 autobus\u016f. Dal\u0161\u00edch 82 vozidel typu built-up bylo dokon\u010deno v sestersk\u00e9m z\u00e1vod\u011b ve Foggii v It\u00e1lii. V souhrnu tak produkce Iveca stoupla o 25,2 % oproti lo\u0148sk\u00e9mu roku.<\/p>\n<p>Naopak spole\u010dnost <strong>SOR Libchavy<\/strong> vyk\u00e1zala pokles \u2013 v prvn\u00edch osmi m\u011bs\u00edc\u00edch vyrobila 220 autobus\u016f, tedy o 26 kus\u016f (10,6 %) m\u00e9n\u011b ne\u017e loni.<\/p>\n<p>Firma <strong>KHMC<\/strong> dodala 19 minibus\u016f, co\u017e p\u0159edstavuje m\u00edrn\u00fd meziro\u010dn\u00ed pokles o dva vozy. Dynamicky rostouc\u00ed segment elektrobus\u016f se na celkov\u00e9 v\u00fdrob\u011b autobus\u016f pod\u00edlel 7,2 %. Za sledovan\u00e9 obdob\u00ed bylo vyrobeno 253 bateriov\u00fdch autobus\u016f, co\u017e odpov\u00edd\u00e1 v\u00fdrazn\u00e9mu meziro\u010dn\u00edmu r\u016fstu o 416,3 %. Drtiv\u00e1 v\u011bt\u0161ina vznikla ve vysokom\u00fdtsk\u00e9m z\u00e1vod\u011b Iveco Czech Republic (222 kus\u016f), zbytek pak v SOR Libchavy (31 kus\u016f).<\/p>\n<p><strong>Motocykly<\/strong><br \/>\nJawa Moto, dom\u00e1c\u00ed v\u00fdrobce motocykl\u016f, hl\u00e1s\u00ed za obdob\u00ed leden\u2013srpen leto\u0161n\u00edho roku \u00fatlum produkce. Z mont\u00e1\u017en\u00ed linky sjelo celkem 525 stroj\u016f, co\u017e p\u0159edstavuje meziro\u010dn\u00ed pokles o 32,9 %. V absolutn\u00edch \u010d\u00edslech to znamen\u00e1 o 257 motocykl\u016f m\u00e9n\u011b ne\u017e ve stejn\u00e9m obdob\u00ed loni.<\/p>\n<p><strong>Zdroj: AutoSAP, Tom\u00e1\u0161 Jungwirth<\/strong><\/p>\n<p><img loading=\"lazy\" decoding=\"async\" class=\"size-medium wp-image-2575\" src=\"http:\/\/www.automakers.cz\/wp-content\/uploads\/2024\/03\/Motosalon-Jawa-777x900.jpg\" alt=\"\" width=\"777\" height=\"900\" \/><\/p>\n","protected":false},"excerpt":{"rendered":"<p>Od za\u010d\u00e1tku roku do konce srpna bylo na link\u00e1ch tuzemsk\u00fdch v\u00fdrobc\u016f osobn\u00edch vozidel zkompletov\u00e1no celkem&#8230;<\/p>\n","protected":false},"author":1,"featured_media":529,"comment_status":"closed","ping_status":"closed","sticky":false,"template":"","format":"standard","meta":{"footnotes":""},"categories":[10,18],"tags":[],"class_list":["post-16622","post","type-post","status-publish","format-standard","has-post-thumbnail","hentry","category-statistika","category-vyroba"],"_links":{"self":[{"href":"https:\/\/www.automakers.cz\/index.php?rest_route=\/wp\/v2\/posts\/16622","targetHints":{"allow":["GET"]}}],"collection":[{"href":"https:\/\/www.automakers.cz\/index.php?rest_route=\/wp\/v2\/posts"}],"about":[{"href":"https:\/\/www.automakers.cz\/index.php?rest_route=\/wp\/v2\/types\/post"}],"author":[{"embeddable":true,"href":"https:\/\/www.automakers.cz\/index.php?rest_route=\/wp\/v2\/users\/1"}],"replies":[{"embeddable":true,"href":"https:\/\/www.automakers.cz\/index.php?rest_route=%2Fwp%2Fv2%2Fcomments&post=16622"}],"version-history":[{"count":2,"href":"https:\/\/www.automakers.cz\/index.php?rest_route=\/wp\/v2\/posts\/16622\/revisions"}],"predecessor-version":[{"id":16624,"href":"https:\/\/www.automakers.cz\/index.php?rest_route=\/wp\/v2\/posts\/16622\/revisions\/16624"}],"wp:featuredmedia":[{"embeddable":true,"href":"https:\/\/www.automakers.cz\/index.php?rest_route=\/wp\/v2\/media\/529"}],"wp:attachment":[{"href":"https:\/\/www.automakers.cz\/index.php?rest_route=%2Fwp%2Fv2%2Fmedia&parent=16622"}],"wp:term":[{"taxonomy":"category","embeddable":true,"href":"https:\/\/www.automakers.cz\/index.php?rest_route=%2Fwp%2Fv2%2Fcategories&post=16622"},{"taxonomy":"post_tag","embeddable":true,"href":"https:\/\/www.automakers.cz\/index.php?rest_route=%2Fwp%2Fv2%2Ftags&post=16622"}],"curies":[{"name":"wp","href":"https:\/\/api.w.org\/{rel}","templated":true}]}}