{"id":16625,"date":"2025-09-26T09:00:21","date_gmt":"2025-09-26T09:00:21","guid":{"rendered":"https:\/\/www.automakers.cz\/?p=16625"},"modified":"2025-09-26T09:02:12","modified_gmt":"2025-09-26T09:02:12","slug":"nadace-seat-cupra-podpori-rozvoj-komunit","status":"publish","type":"post","link":"https:\/\/www.automakers.cz\/?p=16625","title":{"rendered":"Nadace SEAT CUPRA podpo\u0159\u00ed rozvoj komunit"},"content":{"rendered":"<p><strong>Vytv\u00e1\u0159et nov\u00e9 p\u0159\u00edle\u017eitosti se\u00a0z\u00e1m\u011brem vytvo\u0159it spravedliv\u011bj\u0161\u00ed a odhodlan\u011bj\u0161\u00ed spole\u010dnost. Pr\u00e1v\u011b s\u00a0t\u00edmto c\u00edlem byla zalo\u017eena Nadace SEAT CUPRA, kter\u00e1 otev\u00edr\u00e1 novou kapitolu v\u00a0historii spole\u010dnosti SEAT S.A. a zesiluje jej\u00ed \u00fasil\u00ed zam\u011b\u0159en\u00e9 na zvy\u0161ov\u00e1n\u00ed kvality \u017eivota lid\u00ed a podporov\u00e1n\u00ed rozvoje komunit.<\/strong><!--more--><\/p>\n<p>Nadace<strong> SEAT CUPRA<\/strong> zah\u00e1jila \u010dinnost v komplexu CASA SEAT, v n\u011bm\u017e m\u00e1 sv\u00e9 s\u00eddlo. Zpo\u010d\u00e1tku zam\u011b\u0159\u00ed sv\u00e9 aktivity na dv\u011b hlavn\u00ed oblasti: p\u00e9\u010di o zdrav\u00ed a nov\u00e9 generace. Sou\u010dasn\u011b bude zp\u0159\u00edstup\u0148ovat soci\u00e1ln\u00ed odkaz spole\u010dnosti SEAT S.A., kter\u00e1 je hybnou s\u00edlou hospod\u00e1\u0159sk\u00e9ho a pr\u016fmyslov\u00e9ho rozvoje \u0160pan\u011blska.<\/p>\n<p>Slavnostn\u00edho zah\u00e1jen\u00ed \u010dinnosti se z\u00fa\u010dastnil <strong>Markus Haupt<\/strong>, prezident Nadace SEAT CUPRA, spolu s Dr.<strong> Patrici\u00ed Suchovou<\/strong>, kter\u00e1 nadaci povede. P\u0159\u00edtomni byli tak\u00e9 z\u00e1stupci organizac\u00ed zapojen\u00fdch do prvn\u00edch iniciativ nadace: Josep Maria Campistol, gener\u00e1ln\u00ed \u0159editel fakultn\u00ed nemocnice Hospital Cl\u00ednico de Barcelona, Manel del Castillo, v\u00fdkonn\u00fd \u0159editel d\u011btsk\u00e9 nemocnice Hospital Sant Joan de D\u00e9u Barcelona, \u00d2scar Esteban, \u0159editel Nadace Tot Raval, a Mar\u00eda Feliuov\u00e1, prorektorka pro popularizaci v\u011bdy na Barcelonsk\u00e9 univerzit\u011b.<\/p>\n<p><strong>\u201eDnes d\u011bl\u00e1me opravdu v\u00fdjime\u010dn\u00fd krok vp\u0159ed a zahajujeme \u010dinnost Nadace SEAT CUPRA, ambici\u00f3zn\u00edho projektu zrozen\u00e9ho se z\u00e1m\u011brem vracet spole\u010dnosti v\u0161e, co jsme od n\u00ed obdr\u017eeli v\u00a0pr\u016fb\u011bhu 75 let na\u0161\u00ed historie,\u201c\u00a0<\/strong>\u0159ekl Markus Haupt, prezident Nadace SEAT CUPRA.\u00a0<strong>\u201eChceme transformovat sou\u010dasnost a sou\u010dasn\u011b vym\u00fd\u0161let budoucnost a inspirovat mlad\u00e9 lidi, aby kr\u00e1\u010deli v\u00a0\u010dele bez obav. Touto nadac\u00ed znovu potvrzujeme na\u0161e zam\u011b\u0159en\u00ed na podporov\u00e1n\u00ed prosperity a rozvoje spole\u010dnosti v\u00a0na\u0161\u00ed zemi,\u201c<\/strong>\u00a0dodal Haupt.<\/p>\n<p><strong>\u201eP\u00e9\u010de o sv\u00e9 zdrav\u00ed mus\u00ed b\u00fdt snadn\u00e1 a dostupn\u00e1 pro ka\u017ed\u00e9ho. V Nadaci SEAT CUPRA chceme pom\u00e1hat tak, aby se l\u00e9ka\u0159sk\u00e1 p\u00e9\u010de dost\u00e1vala tam, kde je nejv\u00edc zapot\u0159eb\u00ed, a podporovat mlad\u00e9 v\u011bdce stipendii a v\u00fdzkumn\u00fdmi programy,\u201c\u00a0<\/strong>\u0159ekla Dr. Patricia Suchov\u00e1, \u0159editelka Nadace SEAT CUPRA.\u00a0<strong>\u201eV\u011b\u0159\u00edme v\u00a0nad\u00e1n\u00ed nov\u00fdch generac\u00ed a jejich s\u00edlu m\u011bnit sv\u011bt. Na\u0161\u00ed aspirac\u00ed je podporovat nov\u00e9 p\u0159\u00edle\u017eitosti pro mlad\u00e9 lidi, kter\u00e9 p\u0159inesou do jejich \u017eivot\u016f opravdov\u00e9 zm\u011bny,\u201c<\/strong>\u00a0dodala Suchov\u00e1.<\/p>\n<p><strong>Zdrav\u00ed, kl\u00ed\u010d k\u00a0transformaci spole\u010dnosti<\/strong><br \/>\nNadace SEAT CUPRA ji\u017e spustila sv\u00e9 prvn\u00ed iniciativy t\u00fdkaj\u00edc\u00ed se zdrav\u00ed prost\u0159ednictv\u00edm projektu \u201eHealth on e-wheels\u201c (Zdrav\u00ed na e-kolech). Nadace ned\u00e1vno v\u011bnovala dva vozy CUPRA Born a dva vozy CUPRA Tavascan d\u011btsk\u00e9 nemocnici Hospital Sant Joan de D\u00e9u v\u00a0Barcelon\u011b, kter\u00e9 poskytnou l\u00e9ka\u0159\u016fm mobilitu, aby mohli nav\u0161t\u011bvovat pacienty doma. Tato iniciativa, kter\u00e1 bude ve zb\u00fdvaj\u00edc\u00ed \u010d\u00e1sti leto\u0161n\u00edho roku roz\u0161\u00ed\u0159ena darov\u00e1n\u00edm 100% elektromobil\u016f nov\u00fdm nemocnic\u00edm v\u00a0Barcelon\u011b a Katal\u00e1nsku, podporuje jak dom\u00e1c\u00ed l\u00e9ka\u0159skou p\u00e9\u010di, tak udr\u017eitelnou mobilitu. Nadace nav\u00edc p\u0159ipravuje v\u00fdzkumn\u00e9 programy a stipendia pro mlad\u00e9 v\u011bdce, kte\u0159\u00ed si d\u00edky tomu budou moci osvojovat nezbytn\u00e9 dovednosti, aby mohli v\u00e9st inovativn\u00ed projekty ve zdravotnictv\u00ed.<\/p>\n<p>Zam\u011b\u0159en\u00ed na zdrav\u00ed je sou\u010d\u00e1st\u00ed 75let\u00e9 historie spole\u010dnosti SEAT S.A., kter\u00e1 je od sv\u00e9ho zalo\u017een\u00ed pr\u016fkopn\u00edkem v\u00a0za\u010dle\u0148ov\u00e1n\u00ed p\u00e9\u010de o zdrav\u00ed do sv\u00e9 firemn\u00ed kultury v\u010detn\u011b nab\u00eddky dom\u00e1c\u00ed l\u00e9ka\u0159sk\u00e9 pomoci. Spole\u010dnost SEAT S.A. sehr\u00e1la v\u00fdznamnou roli tak\u00e9 v\u00a0rozhoduj\u00edc\u00edch okam\u017eic\u00edch ned\u00e1vn\u00e9 historie. Nap\u0159\u00edklad v\u00a0pr\u016fb\u011bhu pandemie onemocn\u011bn\u00ed COVID-19 podpo\u0159ila spole\u010dnost v\u00fdrobou nouzov\u00fdch ventil\u00e1tor\u016f a spoluprac\u00ed se zdravotnick\u00fdmi org\u00e1ny na o\u010dkov\u00e1n\u00ed tis\u00edc\u016f lid\u00ed.<\/p>\n<p><strong>Nov\u00e9 generace: hnac\u00ed s\u00edla budoucnosti<\/strong><\/p>\n<p>Nadace SEAT CUPRA zah\u00e1jila se\u00a0z\u00e1m\u011brem podporovat nov\u00e9 generace iniciativu\u00a0<em>Impulse Program: Raval<\/em>, kter\u00e1 se hodl\u00e1 st\u00e1t katalyz\u00e1torem transformace v\u00a0barcelonsk\u00e9 \u010dtvrti Raval. Tento projekt bude podporovat zapojen\u00ed komunity a zaji\u0161\u0165ovat znev\u00fdhodn\u011bn\u00fdm mlad\u00fdm lidem v\u00a0t\u00e9to m\u011bstsk\u00e9 \u010d\u00e1sti rovn\u00e9 p\u0159\u00edle\u017eitosti ve vzd\u011bl\u00e1v\u00e1n\u00ed. Ve spolupr\u00e1ci s\u00a0Barcelonskou univerzitou a Nadac\u00ed Tot Rava bude ustanovena akademick\u00e1 komise, kter\u00e1 bude analyzovat v\u00fdzvy, jim\u017e \u010del\u00ed mlad\u00ed lid\u00e9 v\u00a0Ravalu, a sestaven soci\u00e1ln\u00ed ak\u010dn\u00ed pl\u00e1n na sni\u017eov\u00e1n\u00ed po\u010dtu student\u016f, kte\u0159\u00ed zanechaj\u00ed studia.<\/p>\n<p><img loading=\"lazy\" decoding=\"async\" class=\"alignnone size-full wp-image-16629\" src=\"http:\/\/www.automakers.cz\/wp-content\/uploads\/2025\/09\/CUPRA-Fundacion.jpeg\" alt=\"\" width=\"500\" height=\"333\" \/><\/p>\n<p>Nadace SEAT CUPRA podporuje tak\u00e9 kreativn\u00ed talenty v\u00a0oblasti filmu prost\u0159ednictv\u00edm projektu\u00a0<em>The Dream Makers\u00a0<\/em>realizovan\u00e9m ve spolupr\u00e1ci s katal\u00e1nskou filmovou a audiovizu\u00e1ln\u00ed \u0161kolou ESCAC (Escola Superior de Cinema i Audiovisuals de Catalunya) a \u0161pan\u011blsk\u00fdm filmov\u00fdm re\u017eis\u00e9rem a producentem J.A. Bayonou. Tato iniciativa ji\u017e poskytla mlad\u00fdm producent\u016fm financov\u00e1n\u00ed dvou kr\u00e1tk\u00fdch film\u016f a stipendia na studium filmov\u00e9ho oboru na \u0161kole ESCAC.<\/p>\n<p>Barcelonsk\u00e1 prezentace Nadace SEAT CUPRA, jej\u00ed\u017e zalo\u017een\u00ed bylo ozn\u00e1meno v\u00a0b\u0159eznu leto\u0161n\u00edho roku, znamen\u00e1 za\u010d\u00e1tek nov\u00e9 \u00e9ry spole\u010densk\u00e9 odpov\u011bdnosti. Nadace bude s\u00a0jasnou viz\u00ed budoucnosti a transforma\u010dn\u00edm duchem i nad\u00e1le rozv\u00edjet projekty, kter\u00e9 budou vytv\u00e1\u0159et skute\u010dn\u00e9 p\u0159\u00edle\u017eitosti pro nejv\u00edce pot\u0159ebn\u00e9 skupiny. Prvn\u00ed iniciativy Nadace SEAT CUPRA se soust\u0159ed\u00ed do\u00a0Barcelony, ale postupn\u011b bude jej\u00ed p\u016fsobnost roz\u0161i\u0159ov\u00e1na tak\u00e9 do dal\u0161\u00edch region\u016f \u0160pan\u011blska. Sou\u010d\u00e1st\u00ed nada\u010dn\u00ed \u010dinnosti bude rovn\u011b\u017e \u0161\u00ed\u0159en\u00ed soci\u00e1ln\u00edho odkazu spole\u010dnosti SEAT S.A.<\/p>\n<p><strong>Zdroj: Porsche \u010cR<\/strong><\/p>\n","protected":false},"excerpt":{"rendered":"<p>Vytv\u00e1\u0159et nov\u00e9 p\u0159\u00edle\u017eitosti se\u00a0z\u00e1m\u011brem vytvo\u0159it spravedliv\u011bj\u0161\u00ed a odhodlan\u011bj\u0161\u00ed spole\u010dnost. Pr\u00e1v\u011b s\u00a0t\u00edmto c\u00edlem byla zalo\u017eena Nadace&#8230;<\/p>\n","protected":false},"author":1,"featured_media":16627,"comment_status":"closed","ping_status":"closed","sticky":false,"template":"","format":"standard","meta":{"footnotes":""},"categories":[16,29],"tags":[],"class_list":["post-16625","post","type-post","status-publish","format-standard","has-post-thumbnail","hentry","category-csr","category-sponzoring"],"_links":{"self":[{"href":"https:\/\/www.automakers.cz\/index.php?rest_route=\/wp\/v2\/posts\/16625","targetHints":{"allow":["GET"]}}],"collection":[{"href":"https:\/\/www.automakers.cz\/index.php?rest_route=\/wp\/v2\/posts"}],"about":[{"href":"https:\/\/www.automakers.cz\/index.php?rest_route=\/wp\/v2\/types\/post"}],"author":[{"embeddable":true,"href":"https:\/\/www.automakers.cz\/index.php?rest_route=\/wp\/v2\/users\/1"}],"replies":[{"embeddable":true,"href":"https:\/\/www.automakers.cz\/index.php?rest_route=%2Fwp%2Fv2%2Fcomments&post=16625"}],"version-history":[{"count":2,"href":"https:\/\/www.automakers.cz\/index.php?rest_route=\/wp\/v2\/posts\/16625\/revisions"}],"predecessor-version":[{"id":16630,"href":"https:\/\/www.automakers.cz\/index.php?rest_route=\/wp\/v2\/posts\/16625\/revisions\/16630"}],"wp:featuredmedia":[{"embeddable":true,"href":"https:\/\/www.automakers.cz\/index.php?rest_route=\/wp\/v2\/media\/16627"}],"wp:attachment":[{"href":"https:\/\/www.automakers.cz\/index.php?rest_route=%2Fwp%2Fv2%2Fmedia&parent=16625"}],"wp:term":[{"taxonomy":"category","embeddable":true,"href":"https:\/\/www.automakers.cz\/index.php?rest_route=%2Fwp%2Fv2%2Fcategories&post=16625"},{"taxonomy":"post_tag","embeddable":true,"href":"https:\/\/www.automakers.cz\/index.php?rest_route=%2Fwp%2Fv2%2Ftags&post=16625"}],"curies":[{"name":"wp","href":"https:\/\/api.w.org\/{rel}","templated":true}]}}