{"id":16634,"date":"2025-09-26T09:44:42","date_gmt":"2025-09-26T09:44:42","guid":{"rendered":"https:\/\/www.automakers.cz\/?p=16634"},"modified":"2025-09-26T09:54:50","modified_gmt":"2025-09-26T09:54:50","slug":"pragovka-hostila-premieru-swm-g1-pro","status":"publish","type":"post","link":"https:\/\/www.automakers.cz\/?p=16634","title":{"rendered":"Pragovka hostila premi\u00e9ru SWM G1 PRO"},"content":{"rendered":"<p class=\"\" data-start=\"585\" data-end=\"779\"><strong>Industri\u00e1ln\u00ed prostor<\/strong> <strong class=\"\" data-start=\"744\" data-end=\"776\">Pragovka Art District hostila premi\u00e9ru <\/strong><strong class=\"\" data-start=\"622\" data-end=\"671\">modelu SWM G1 Pro na \u010desk\u00fd trh. P\u016fvodn\u011b italskou automobilovou zna\u010dku koupili p\u0159ed 11 lety \u010c\u00ed\u0148an\u00e9 a nyn\u00ed se vrac\u00ed do Evropy.<\/strong><!--more--><\/p>\n<p data-start=\"781\" data-end=\"1032\">SWM MOTORS je zna\u010dka zalo\u017een\u00e1 v roce 2014 pot\u00e9, co \u010d\u00ednsk\u00e1 <strong>Shineray Group<\/strong> koupila tradi\u010dn\u00edho italsk\u00e9ho v\u00fdrobce SWM a roz\u0161\u00ed\u0159ila v\u00fdrobu. Designov\u00e9 centrum automobilky m\u00e1 \u00fast\u0159ed\u00ed v Mil\u00e1n\u011b, v\u00fdroba je v \u010c\u00edn\u011b.<\/p>\n<p data-start=\"781\" data-end=\"1032\"><strong class=\"\" data-start=\"622\" data-end=\"671\">V\u00fdhradn\u00edm dovozcem vozidel zna\u010dky pro \u010ceskou republiku a Slovensko je spole\u010dnost SWM Motors.<\/strong><\/p>\n<p data-start=\"781\" data-end=\"1032\">&#8222;Automobily SWM jsou vyr\u00e1b\u011bny v \u010c\u00edn\u011b, p\u0159in\u00e1\u0161\u00ed ale evropsk\u00fd design a kvalitu, podpo\u0159en\u00e9 glob\u00e1ln\u00edm in\u017een\u00fdrsk\u00fdm know-how. Na\u0161e cenov\u011b dostupn\u00e1 vozidla jsou v\u00fdsledkem mnoha let v\u00fdzkumu a v\u00fdvoje, kter\u00e9 spojuj\u00ed nejlep\u0161\u00ed z evropsk\u00e9ho designu s technologick\u00fdmi inovacemi z cel\u00e9ho sv\u011bta. Vozy SWM jsou navr\u017eeny tak, aby v\u00e1s inspirovaly. Od elegantn\u00edch lini\u00ed a\u017e po luxusn\u00ed interi\u00e9ry, ka\u017ed\u00fd detail je pe\u010dliv\u011b promy\u0161len,&#8220; \u0159ekl novin\u00e1\u0159\u016fm <strong>sales director zna\u010dky Pavol Jan\u00edk.<\/strong><\/p>\n<p data-start=\"781\" data-end=\"1032\"><strong>SWM v sou\u010dasn\u00e9 dob\u011b nab\u00edz\u00ed 3 modely, vesm\u011bs SUV vozy s cenami od 499 000 korun do 759 000 K\u010d.<\/strong><\/p>\n<p><iframe loading=\"lazy\"  id=\"_ytid_49839\"  width=\"640\" height=\"360\"  data-origwidth=\"640\" data-origheight=\"360\" src=\"https:\/\/www.youtube.com\/embed\/PHUlnoCmi6U?enablejsapi=1&#038;autoplay=0&#038;cc_load_policy=0&#038;cc_lang_pref=&#038;iv_load_policy=1&#038;loop=0&#038;modestbranding=0&#038;rel=1&#038;fs=1&#038;playsinline=0&#038;autohide=2&#038;theme=dark&#038;color=red&#038;controls=1&#038;\" class=\"__youtube_prefs__  epyt-is-override  no-lazyload\" title=\"YouTube player\"  allow=\"accelerometer; autoplay; clipboard-write; encrypted-media; gyroscope; picture-in-picture\" allowfullscreen data-no-lazy=\"1\" data-skipgform_ajax_framebjll=\"\"><\/iframe><\/p>\n<p data-start=\"781\" data-end=\"1032\"><strong class=\"\" data-start=\"622\" data-end=\"671\">&#8222;G1 PRO m<\/strong><strong>\u00e1 ambici st\u00e1t se siln\u00fdm hr\u00e1\u010dem na \u010desk\u00e9m trhu, je k m\u00e1n\u00ed u jeden\u00e1cti \u010desk\u00fdch prodejc\u016f a v\u016fz servisuje 14 opraven,&#8220; \u0159ekl \u010dasopisu Automakers Jan\u00edk. Do konce roku chce zna\u010dka roz\u0161\u00ed\u0159it servisn\u00ed s\u00ed\u0165 na dvacet lokalit.<\/strong><\/p>\n<p data-start=\"781\" data-end=\"1032\">Erich Handl, Vyso\u010dany, Video: Lud\u011bk Kortus<\/p>\n<p data-start=\"781\" data-end=\"1032\"><img loading=\"lazy\" decoding=\"async\" class=\"alignnone size-medium wp-image-16642\" src=\"http:\/\/www.automakers.cz\/wp-content\/uploads\/2025\/09\/SWM-TK-Pragovka-stan-900x506.jpg\" alt=\"\" width=\"900\" height=\"506\" srcset=\"https:\/\/www.automakers.cz\/wp-content\/uploads\/2025\/09\/SWM-TK-Pragovka-stan-900x506.jpg 900w, https:\/\/www.automakers.cz\/wp-content\/uploads\/2025\/09\/SWM-TK-Pragovka-stan-1024x576.jpg 1024w, https:\/\/www.automakers.cz\/wp-content\/uploads\/2025\/09\/SWM-TK-Pragovka-stan-768x432.jpg 768w, https:\/\/www.automakers.cz\/wp-content\/uploads\/2025\/09\/SWM-TK-Pragovka-stan-1536x864.jpg 1536w, https:\/\/www.automakers.cz\/wp-content\/uploads\/2025\/09\/SWM-TK-Pragovka-stan-1280x720.jpg 1280w, https:\/\/www.automakers.cz\/wp-content\/uploads\/2025\/09\/SWM-TK-Pragovka-stan.jpg 2048w\" sizes=\"auto, (max-width: 900px) 100vw, 900px\" \/><\/p>\n","protected":false},"excerpt":{"rendered":"<p>Industri\u00e1ln\u00ed prostor Pragovka Art District hostila premi\u00e9ru modelu SWM G1 Pro na \u010desk\u00fd trh. P\u016fvodn\u011b&#8230;<\/p>\n","protected":false},"author":1,"featured_media":16579,"comment_status":"closed","ping_status":"closed","sticky":false,"template":"","format":"standard","meta":{"footnotes":""},"categories":[59,12,69,20,66],"tags":[],"class_list":["post-16634","post","type-post","status-publish","format-standard","has-post-thumbnail","hentry","category-automakers-tv","category-premiery","category-suv","category-tiskovky","category-video"],"_links":{"self":[{"href":"https:\/\/www.automakers.cz\/index.php?rest_route=\/wp\/v2\/posts\/16634","targetHints":{"allow":["GET"]}}],"collection":[{"href":"https:\/\/www.automakers.cz\/index.php?rest_route=\/wp\/v2\/posts"}],"about":[{"href":"https:\/\/www.automakers.cz\/index.php?rest_route=\/wp\/v2\/types\/post"}],"author":[{"embeddable":true,"href":"https:\/\/www.automakers.cz\/index.php?rest_route=\/wp\/v2\/users\/1"}],"replies":[{"embeddable":true,"href":"https:\/\/www.automakers.cz\/index.php?rest_route=%2Fwp%2Fv2%2Fcomments&post=16634"}],"version-history":[{"count":9,"href":"https:\/\/www.automakers.cz\/index.php?rest_route=\/wp\/v2\/posts\/16634\/revisions"}],"predecessor-version":[{"id":16644,"href":"https:\/\/www.automakers.cz\/index.php?rest_route=\/wp\/v2\/posts\/16634\/revisions\/16644"}],"wp:featuredmedia":[{"embeddable":true,"href":"https:\/\/www.automakers.cz\/index.php?rest_route=\/wp\/v2\/media\/16579"}],"wp:attachment":[{"href":"https:\/\/www.automakers.cz\/index.php?rest_route=%2Fwp%2Fv2%2Fmedia&parent=16634"}],"wp:term":[{"taxonomy":"category","embeddable":true,"href":"https:\/\/www.automakers.cz\/index.php?rest_route=%2Fwp%2Fv2%2Fcategories&post=16634"},{"taxonomy":"post_tag","embeddable":true,"href":"https:\/\/www.automakers.cz\/index.php?rest_route=%2Fwp%2Fv2%2Ftags&post=16634"}],"curies":[{"name":"wp","href":"https:\/\/api.w.org\/{rel}","templated":true}]}}