{"id":16726,"date":"2025-10-08T09:18:23","date_gmt":"2025-10-08T09:18:23","guid":{"rendered":"https:\/\/www.automakers.cz\/?p=16726"},"modified":"2025-10-09T08:40:05","modified_gmt":"2025-10-09T08:40:05","slug":"importersky-special-shrnul-3-kvartal-2025","status":"publish","type":"post","link":"https:\/\/www.automakers.cz\/?p=16726","title":{"rendered":"Import\u00e9rsk\u00fd speci\u00e1l shrnul 3. kvart\u00e1l 2025"},"content":{"rendered":"<p><strong>Podzimn\u00ed ti\u0161t\u011bn\u00fd Import\u00e9rsk\u00fd speci\u00e1l AUTOmakers 2025 p\u0159in\u00e1\u0161\u00ed zpravodajskou kompresi leto\u0161n\u00edho l\u00e9ta v \u010desk\u00e9m automotive. V \u010dasopisu najdete krom\u011b p\u0159ehledu tiskovek obvykl\u00e9 bilan\u010dn\u00ed rozhovory s mana\u017eery SDA, dealery \u010di person\u00e1ln\u00ed zm\u011bny 3. kvart\u00e1lu. Nechyb\u00ed anketa k \u00fa\u010dasti dovozc\u016f na e-SALONu nebo profil PR mana\u017eera.<\/strong><span id=\"more-3223\"><\/span><span id=\"more-7552\"><\/span><span id=\"more-11422\"><\/span><!--more--><\/p>\n<p>Leto\u0161n\u00ed l\u00e9to bylo profesn\u011b poklidn\u00e9, vlna tiskovek o kterou se postaraly hlavn\u011b \u010d\u00ednsk\u00e9 zna\u010dky, se za\u010dala valit na novin\u00e1\u0159e na konci srpna. <strong>\u010casopis AUTOmakers p\u0159in\u00e1\u0161\u00ed jejich p\u0159ehled.<\/strong><\/p>\n<figure id=\"attachment_16433\" aria-describedby=\"caption-attachment-16433\" style=\"width: 900px\" class=\"wp-caption alignnone\"><img loading=\"lazy\" decoding=\"async\" class=\"size-medium wp-image-16433\" src=\"http:\/\/www.automakers.cz\/wp-content\/uploads\/2025\/09\/Astana-Motors-logo-Voderadky-orez-900x600.jpg\" alt=\"\" width=\"900\" height=\"600\" srcset=\"https:\/\/www.automakers.cz\/wp-content\/uploads\/2025\/09\/Astana-Motors-logo-Voderadky-orez-900x600.jpg 900w, https:\/\/www.automakers.cz\/wp-content\/uploads\/2025\/09\/Astana-Motors-logo-Voderadky-orez-1024x683.jpg 1024w, https:\/\/www.automakers.cz\/wp-content\/uploads\/2025\/09\/Astana-Motors-logo-Voderadky-orez-768x512.jpg 768w, https:\/\/www.automakers.cz\/wp-content\/uploads\/2025\/09\/Astana-Motors-logo-Voderadky-orez-1536x1024.jpg 1536w, https:\/\/www.automakers.cz\/wp-content\/uploads\/2025\/09\/Astana-Motors-logo-Voderadky-orez.jpg 1728w\" sizes=\"auto, (max-width: 900px) 100vw, 900px\" \/><figcaption id=\"caption-attachment-16433\" class=\"wp-caption-text\"><strong>Astana se p\u0159edstavila jako import\u00e9r aut Chery do \u010cR; Foto: Erich Handl<\/strong><\/figcaption><\/figure>\n<p>Na trh vstoupily dv\u011b nov\u00e9 zna\u010dky &#8211; <strong>Chery a Lynk<\/strong> &#8211; dal\u0161\u00ed uk\u00e1zaly produktov\u00e9 novinky. Sledovali jsme ne\u00fasp\u011b\u0161n\u00e9 rozhovory <strong>AutoBincku<\/strong> s uvedenou Chery, jejich pr\u016fb\u011bh n\u00e1m popsal v rozhovoru <strong>Radom\u00edr N\u011bme\u010dek<\/strong>. Jeho kolega ze skupiny <strong>Martin Kr\u00e1l\u00ed\u010dek<\/strong> n\u00e1m popsal pl\u00e1ny zna\u010dky MG.<\/p>\n<p><img loading=\"lazy\" decoding=\"async\" class=\"alignnone size-medium wp-image-8954\" src=\"http:\/\/www.automakers.cz\/wp-content\/uploads\/2024\/11\/MG-Kralicek-TK-Salon-small-900x600.jpg\" alt=\"\" width=\"900\" height=\"600\" \/><strong>Nejen \u010c\u00ednou je ale novin\u00e1\u0159 \u017eiv<\/strong>. Ohl\u00e9dli jsme se za premi\u00e9rou <strong>Fiatu Grande Panda<\/strong> na Salabce, hovo\u0159ili jsme pl\u00e1nech se \u0161\u00e9fy zna\u010dek <strong>Audi, CUPRA, SEAT a Porsche.<\/strong><\/p>\n<figure id=\"attachment_14291\" aria-describedby=\"caption-attachment-14291\" style=\"width: 900px\" class=\"wp-caption alignnone\"><img loading=\"lazy\" decoding=\"async\" class=\"size-medium wp-image-14291\" src=\"http:\/\/www.automakers.cz\/wp-content\/uploads\/2025\/06\/Fiat-Panda-Salabka-2025-900x506.jpg\" alt=\"\" width=\"900\" height=\"506\" srcset=\"https:\/\/www.automakers.cz\/wp-content\/uploads\/2025\/06\/Fiat-Panda-Salabka-2025-900x506.jpg 900w, https:\/\/www.automakers.cz\/wp-content\/uploads\/2025\/06\/Fiat-Panda-Salabka-2025-1024x576.jpg 1024w, https:\/\/www.automakers.cz\/wp-content\/uploads\/2025\/06\/Fiat-Panda-Salabka-2025-768x432.jpg 768w, https:\/\/www.automakers.cz\/wp-content\/uploads\/2025\/06\/Fiat-Panda-Salabka-2025-1536x864.jpg 1536w, https:\/\/www.automakers.cz\/wp-content\/uploads\/2025\/06\/Fiat-Panda-Salabka-2025-1280x720.jpg 1280w, https:\/\/www.automakers.cz\/wp-content\/uploads\/2025\/06\/Fiat-Panda-Salabka-2025.jpg 2048w\" sizes=\"auto, (max-width: 900px) 100vw, 900px\" \/><figcaption id=\"caption-attachment-14291\" class=\"wp-caption-text\">Panda m\u011bla letos novin\u00e1\u0159skou premi\u00e9ru na pra\u017esk\u00e9 Salabce<\/figcaption><\/figure>\n<p>Pod\u00edvali jsme se na pr\u016fb\u011bh ankety <strong>Auto roku 2026 v \u010cR<\/strong>, pracovn\u00ed skupina SDA chyst\u00e1 na listopad prvn\u00ed j\u00edzdy poroty.<\/p>\n<figure id=\"attachment_15171\" aria-describedby=\"caption-attachment-15171\" style=\"width: 900px\" class=\"wp-caption alignnone\"><img loading=\"lazy\" decoding=\"async\" class=\"size-medium wp-image-15171\" src=\"http:\/\/www.automakers.cz\/wp-content\/uploads\/2025\/08\/Auto-roku-2026-pracovni-skupina-SDA-Handl-Beranek-Pokorny-900x506.jpg\" alt=\"\" width=\"900\" height=\"506\" srcset=\"https:\/\/www.automakers.cz\/wp-content\/uploads\/2025\/08\/Auto-roku-2026-pracovni-skupina-SDA-Handl-Beranek-Pokorny-900x506.jpg 900w, https:\/\/www.automakers.cz\/wp-content\/uploads\/2025\/08\/Auto-roku-2026-pracovni-skupina-SDA-Handl-Beranek-Pokorny-1024x576.jpg 1024w, https:\/\/www.automakers.cz\/wp-content\/uploads\/2025\/08\/Auto-roku-2026-pracovni-skupina-SDA-Handl-Beranek-Pokorny-768x432.jpg 768w, https:\/\/www.automakers.cz\/wp-content\/uploads\/2025\/08\/Auto-roku-2026-pracovni-skupina-SDA-Handl-Beranek-Pokorny-1536x864.jpg 1536w, https:\/\/www.automakers.cz\/wp-content\/uploads\/2025\/08\/Auto-roku-2026-pracovni-skupina-SDA-Handl-Beranek-Pokorny-1280x720.jpg 1280w, https:\/\/www.automakers.cz\/wp-content\/uploads\/2025\/08\/Auto-roku-2026-pracovni-skupina-SDA-Handl-Beranek-Pokorny.jpg 2048w\" sizes=\"auto, (max-width: 900px) 100vw, 900px\" \/><figcaption id=\"caption-attachment-15171\" class=\"wp-caption-text\"><strong>Pracovn\u00ed skupina SDA p\u0159ipravuje anketu Auto roku 2026<\/strong><\/figcaption><\/figure>\n<p>Ud\u00e1losti se rodily i v oblasti leasingu. <strong>Volkswagen FS<\/strong> bodovala v sout\u011b\u017ei Zlat\u00e1 koruna, Drivalia rozjela vlastn\u00ed autop\u016fj\u010dovnu.<\/p>\n<p><img loading=\"lazy\" decoding=\"async\" class=\"alignnone size-medium wp-image-14873\" src=\"http:\/\/www.automakers.cz\/wp-content\/uploads\/2025\/07\/VWFS-Charita-vyroci-900x600.jpg\" alt=\"\" width=\"900\" height=\"600\" \/><strong>Tradi\u010dn\u00ed PRmana\u017eersk\u00fd<\/strong> profil <strong>Mirka H\u00e1jka<\/strong> tentokr\u00e1t n\u00e1le\u017e\u00ed<strong> Zorce Ma\u0161kov\u00e9. Komu je <\/strong>v\u011brn\u00e1 u\u017e p\u0159es 30 let?<\/p>\n<p><img loading=\"lazy\" decoding=\"async\" class=\"alignnone size-medium wp-image-16730\" src=\"http:\/\/www.automakers.cz\/wp-content\/uploads\/2025\/10\/Zorka-Maskova-palec-900x600.jpg\" alt=\"\" width=\"900\" height=\"600\" \/><strong>Co nov\u00e9ho u v\u00fdrobc\u016f?<\/strong> Tatra c\u00edl\u00ed na 3000 n\u00e1kla\u010f\u00e1k\u016f ro\u010dn\u011b, <strong>kol\u00ednsk\u00e1 Toyota c<\/strong>hyst\u00e1 produkci elektromobilu. Bosch po\u0159\u00e1dal tradi\u010dn\u00ed Tech Day ve Stuttgartu.<\/p>\n<p><img loading=\"lazy\" decoding=\"async\" class=\"alignnone size-medium wp-image-15990\" src=\"http:\/\/www.automakers.cz\/wp-content\/uploads\/2025\/09\/Toyota-Kolin-vlada-TK-Fiala-900x600.jpg\" alt=\"\" width=\"900\" height=\"600\" srcset=\"https:\/\/www.automakers.cz\/wp-content\/uploads\/2025\/09\/Toyota-Kolin-vlada-TK-Fiala-900x600.jpg 900w, https:\/\/www.automakers.cz\/wp-content\/uploads\/2025\/09\/Toyota-Kolin-vlada-TK-Fiala-1024x683.jpg 1024w, https:\/\/www.automakers.cz\/wp-content\/uploads\/2025\/09\/Toyota-Kolin-vlada-TK-Fiala-768x512.jpg 768w, https:\/\/www.automakers.cz\/wp-content\/uploads\/2025\/09\/Toyota-Kolin-vlada-TK-Fiala-1536x1024.jpg 1536w, https:\/\/www.automakers.cz\/wp-content\/uploads\/2025\/09\/Toyota-Kolin-vlada-TK-Fiala.jpg 1620w\" sizes=\"auto, (max-width: 900px) 100vw, 900px\" \/><strong>ANKETA<\/strong>: Z\u00e1v\u011br vyd\u00e1n\u00ed jsme v\u011bnovali p\u0159\u00edprav\u00e1m import\u00e9r\u016f na listopadov\u00fd<strong> e-SALON<\/strong>. Kdo tam letos zam\u00ed\u0159\u00ed a kdo bude chyb\u011bt? Do\u010dtete se ve v\u00fdsledc\u00edch ankety mezi \u010dleny SDA!<\/p>\n<p><img loading=\"lazy\" decoding=\"async\" class=\"alignnone size-full wp-image-15397\" src=\"http:\/\/www.automakers.cz\/wp-content\/uploads\/2025\/08\/e-SALON_25_640x120.jpg\" alt=\"\" width=\"640\" height=\"120\" \/><\/p>\n<p><strong>P\u0158EHLED OBSAHU:<\/strong><\/p>\n<p><strong>\u0160\u00e9fem komunikace \u0160kody Auto je Bal\u00e1\u017e<\/strong><br \/>\n<strong>AutoSAP v\u00edt\u00e1 celn\u00ed dohodu EU s USA<\/strong><br \/>\n<strong>SDA vyhl\u00e1sil anketu Auto roku 2026 v \u010cR<\/strong><br \/>\n<strong>BVV chystaj\u00ed veletrh AMPER 2026<\/strong><br \/>\n<strong>Interaction oslavila 30 let na trhu<\/strong><br \/>\n<strong>Pr\u016fzkum Volkswagen Financial Services<\/strong><br \/>\n<strong>VWFS bodovala v sout\u011b\u017ei Zlat\u00e1 koruna<\/strong><br \/>\n<strong>Grande Panda m\u011bla premi\u00e9ru na Salabce<\/strong><br \/>\n<strong>Audi posiluje v segmentu men\u0161\u00edch SUV<\/strong><br \/>\n<strong>CUPRA pokra\u010duje v modernizaci model\u016f<\/strong><br \/>\n<strong>Zna\u010dka MG stabilizuje prodejn\u00ed s\u00ed\u0165<\/strong><br \/>\n<strong>AutoBinck vyjedn\u00e1val s Chery<\/strong><br \/>\n<strong>BYD SEAL m\u011bl premi\u00e9ru ve Vod\u011br\u00e1dk\u00e1ch<\/strong><br \/>\n<strong>BAIC uk\u00e1zal novinkv Pell\u00e9ov\u011b vile<\/strong><br \/>\n<strong>Drivalia vstoupila na trh autop\u016fj\u010doven<\/strong><br \/>\n<strong>Orbion uvedl na trh \u010d\u00ednskou zna\u010dku Lynk<\/strong><br \/>\n<strong>Auto Elso je na met\u011b 1000 voz\u016f ro\u010dn\u011b<\/strong><br \/>\n<strong>Rozhovor se \u0161\u00e9fkou Porsche J. Og\u00f3rek<\/strong><br \/>\n<strong>Portr\u00e9t PR mana\u017eky &#8211; Zorka Ma\u0161kov\u00e1<\/strong><br \/>\n<strong>Direct Auto &#8211; Pavel Prouza \u0161\u00e9fuje Birne<\/strong><br \/>\n<strong>Digiteq Automotive m\u011bn\u00ed \u0159editele<\/strong><br \/>\n<strong>\u010cAP nasazuje aplikaci Boura\u010dka<\/strong><br \/>\n<strong>Toyota Kol\u00edn chyst\u00e1 v\u00fdrobu elektromobilu<\/strong><br \/>\n<strong>Martina Zimmerman kvestorkou \u0160koda V\u0160<\/strong><br \/>\n<strong>Continental roz\u0159\u00ed\u0159il distribuci v Bratislav\u011b<\/strong><br \/>\n<strong>Tatra Truck c\u00edl\u00ed na 3000 n\u00e1kladn\u00edch voz\u016f<\/strong><br \/>\n<strong>E.ON otev\u0159el nab\u00edjec\u00ed hub v \u010c\u00e1slavi<\/strong><br \/>\n<strong>DKV Mobility nab\u00edz\u00ed tis\u00edcovku nab\u00edje\u010dek<\/strong><br \/>\n<strong>Bosch Tech Day 2025 &#8211; report\u00e1\u017e<\/strong><br \/>\n<strong>Servind nab\u00eddl servisn\u00ed voz\u00edk Bahco<\/strong><br \/>\n<strong>S textiliemi Mewa cool po cel\u00e9 l\u00e9to<\/strong><br \/>\n<strong>Daimler Truck otev\u00edr\u00e1 nov\u00e9 Parts Centrum<\/strong><br \/>\n<strong>Mitsubishi odhalilo Eclipse Cross<\/strong><br \/>\n<strong>e-SALON chyst\u00e1 p\u0159ehl\u00eddku elektromobility<\/strong><\/p>\n<p>&nbsp;<\/p>\n","protected":false},"excerpt":{"rendered":"<p>Podzimn\u00ed ti\u0161t\u011bn\u00fd Import\u00e9rsk\u00fd speci\u00e1l AUTOmakers 2025 p\u0159in\u00e1\u0161\u00ed zpravodajskou kompresi leto\u0161n\u00edho l\u00e9ta v \u010desk\u00e9m automotive. V&#8230;<\/p>\n","protected":false},"author":1,"featured_media":16727,"comment_status":"closed","ping_status":"closed","sticky":false,"template":"","format":"standard","meta":{"footnotes":""},"categories":[11,49,8],"tags":[],"class_list":["post-16726","post","type-post","status-publish","format-standard","has-post-thumbnail","hentry","category-importeri","category-media","category-vystavy"],"_links":{"self":[{"href":"https:\/\/www.automakers.cz\/index.php?rest_route=\/wp\/v2\/posts\/16726","targetHints":{"allow":["GET"]}}],"collection":[{"href":"https:\/\/www.automakers.cz\/index.php?rest_route=\/wp\/v2\/posts"}],"about":[{"href":"https:\/\/www.automakers.cz\/index.php?rest_route=\/wp\/v2\/types\/post"}],"author":[{"embeddable":true,"href":"https:\/\/www.automakers.cz\/index.php?rest_route=\/wp\/v2\/users\/1"}],"replies":[{"embeddable":true,"href":"https:\/\/www.automakers.cz\/index.php?rest_route=%2Fwp%2Fv2%2Fcomments&post=16726"}],"version-history":[{"count":9,"href":"https:\/\/www.automakers.cz\/index.php?rest_route=\/wp\/v2\/posts\/16726\/revisions"}],"predecessor-version":[{"id":16774,"href":"https:\/\/www.automakers.cz\/index.php?rest_route=\/wp\/v2\/posts\/16726\/revisions\/16774"}],"wp:featuredmedia":[{"embeddable":true,"href":"https:\/\/www.automakers.cz\/index.php?rest_route=\/wp\/v2\/media\/16727"}],"wp:attachment":[{"href":"https:\/\/www.automakers.cz\/index.php?rest_route=%2Fwp%2Fv2%2Fmedia&parent=16726"}],"wp:term":[{"taxonomy":"category","embeddable":true,"href":"https:\/\/www.automakers.cz\/index.php?rest_route=%2Fwp%2Fv2%2Fcategories&post=16726"},{"taxonomy":"post_tag","embeddable":true,"href":"https:\/\/www.automakers.cz\/index.php?rest_route=%2Fwp%2Fv2%2Ftags&post=16726"}],"curies":[{"name":"wp","href":"https:\/\/api.w.org\/{rel}","templated":true}]}}