{"id":16754,"date":"2025-10-02T07:41:34","date_gmt":"2025-10-02T07:41:34","guid":{"rendered":"https:\/\/www.automakers.cz\/?p=16754"},"modified":"2025-10-02T07:42:00","modified_gmt":"2025-10-02T07:42:00","slug":"scania-otevira-nabijecku-pro-nakladaky-v-ziline","status":"publish","type":"post","link":"https:\/\/www.automakers.cz\/?p=16754","title":{"rendered":"Scania otev\u00edr\u00e1 nab\u00edje\u010dku pro n\u00e1kla\u010f\u00e1ky v \u017dilin\u011b a Senci"},"content":{"rendered":"<p><strong>Scania Slovakia a GreenWay Slovensko uviedli do prev\u00e1dzky dve nov\u00e9 verejne pr\u00edstupn\u00e9 nab\u00edjacie stanice pre bat\u00e9riov\u00e9 elektrick\u00e9 n\u00e1kladn\u00e9 vozidl\u00e1 (BEV). Vysokov\u00fdkonn\u00e9 dob\u00edjacie huby sa nach\u00e1dzaj\u00fa v are\u00e1loch Scania v Senci a v \u017diline.<\/strong><!--more--><\/p>\n<p>Obe nov\u00e9 lokality disponuj\u00fa DC nab\u00edjac\u00edmi stojanmi s v\u00fdkonom a\u017e 400 kW, ktor\u00e9 s\u00fa ur\u010den\u00e9 na r\u00fdchle nab\u00edjanie elektrick\u00fdch n\u00e1kladn\u00fdch vozidiel v re\u00e1lnej logistickej prev\u00e1dzke. V\u010faka strategick\u00e9mu umiestneniu v bl\u00edzkosti dia\u013enic s\u00fa stanice ide\u00e1lne pre vn\u00fatro\u0161t\u00e1tnu aj medzin\u00e1rodn\u00fa prepravu.<\/p>\n<p>\u201eDnes op\u00e4\u0165 ukazujeme, \u017ee elektrifik\u00e1cia n\u00e1kladnej dopravy je realitou aj na Slovensku. Scania je pripraven\u00e1 pon\u00faknu\u0165 z\u00e1kazn\u00edkom nielen samotn\u00e9 elektrick\u00e9 vozidl\u00e1, ale aj cel\u00e9 rie\u0161enie \u2013 od infra\u0161trukt\u00fary a\u017e po servis a podporu pri prechode na udr\u017eate\u013en\u00fa mobilitu,\u201c hovor\u00ed Jozef Kozub, riadite\u013e d\u00edlerskej siete Scania Slovakia.<\/p>\n<p><img loading=\"lazy\" decoding=\"async\" class=\"alignnone wp-image-16756\" src=\"http:\/\/www.automakers.cz\/wp-content\/uploads\/2025\/10\/GreenWayScania-web-114-900x599.jpg\" alt=\"\" width=\"999\" height=\"665\" \/><\/p>\n<p>Stanice s\u00fa vybudovan\u00e9 v re\u017eime \u201esemi-public\u201c \u2013 teda s\u00fa umiestnen\u00e9 v are\u00e1loch Scania, ale verejne pr\u00edstupn\u00e9 pre v\u0161etk\u00fdch dopravcov. Ich vybudovanie a prev\u00e1dzku kompletne zastre\u0161uje GreenWay, s nepretr\u017eit\u00fdm dia\u013ekov\u00fdm doh\u013eadom a podporou Klientskeho centra pre pohodlie vodi\u010dov. Tento model pom\u00e1ha zni\u017eova\u0165 bari\u00e9ry pri zav\u00e1dzan\u00ed elektromobility do segmentu \u0165a\u017ekej dopravy.<\/p>\n<p>\u201eTak\u00e9to projekty s\u00fa d\u00f4kazom, \u017ee aj segment n\u00e1kladnej dopravy m\u00f4\u017ee by\u0165 ekologick\u00fd a z\u00e1rove\u0148 efekt\u00edvny. Spolupr\u00e1ca so Scaniou potvrdzuje, \u017ee kvalitn\u00e1 infra\u0161trukt\u00fara je z\u00e1kladom \u00faspe\u0161nej transform\u00e1cie dopravy,\u201c uviedol Michal Mydlo, riadite\u013e GreenWay Slovensko.<\/p>\n<p>Scania v s\u00fa\u010dasnosti pon\u00faka \u0161irok\u00e9 portf\u00f3lio elektrick\u00fdch n\u00e1kladn\u00fdch vozidiel pre r\u00f4zne aplik\u00e1cie \u2013 od mestskej distrib\u00facie, \u00fadr\u017eby komunik\u00e1ci\u00ed, cez stavebn\u00fd sektor a\u017e po dia\u013ekov\u00fa dopravu. S\u00fa\u010das\u0165ou strat\u00e9gie spolo\u010dnosti je nielen v\u00fdvoj vozidiel, ale aj poskytovanie komplexn\u00fdch rie\u0161en\u00ed pre z\u00e1kazn\u00edkov, ktor\u00ed chc\u00fa prejs\u0165 na bezemisn\u00fa prev\u00e1dzku.<\/p>\n<p><strong>Zdroj: Scania, Jan Kuhn<\/strong><\/p>\n<p><img loading=\"lazy\" decoding=\"async\" class=\"alignnone wp-image-16757\" src=\"http:\/\/www.automakers.cz\/wp-content\/uploads\/2025\/10\/GreenWayScania-web-31-900x599.jpg\" alt=\"\" width=\"974\" height=\"648\" srcset=\"https:\/\/www.automakers.cz\/wp-content\/uploads\/2025\/10\/GreenWayScania-web-31-900x599.jpg 900w, https:\/\/www.automakers.cz\/wp-content\/uploads\/2025\/10\/GreenWayScania-web-31-1024x681.jpg 1024w, https:\/\/www.automakers.cz\/wp-content\/uploads\/2025\/10\/GreenWayScania-web-31-768x511.jpg 768w, https:\/\/www.automakers.cz\/wp-content\/uploads\/2025\/10\/GreenWayScania-web-31-1536x1022.jpg 1536w, https:\/\/www.automakers.cz\/wp-content\/uploads\/2025\/10\/GreenWayScania-web-31-2048x1362.jpg 2048w\" sizes=\"auto, (max-width: 974px) 100vw, 974px\" \/><\/p>\n","protected":false},"excerpt":{"rendered":"<p>Scania Slovakia a GreenWay Slovensko uviedli do prev\u00e1dzky dve nov\u00e9 verejne pr\u00edstupn\u00e9 nab\u00edjacie stanice pre&#8230;<\/p>\n","protected":false},"author":2,"featured_media":16755,"comment_status":"closed","ping_status":"closed","sticky":false,"template":"","format":"standard","meta":{"footnotes":""},"categories":[9,57,43],"tags":[],"class_list":["post-16754","post","type-post","status-publish","format-standard","has-post-thumbnail","hentry","category-elektromobily","category-emise","category-logistika"],"_links":{"self":[{"href":"https:\/\/www.automakers.cz\/index.php?rest_route=\/wp\/v2\/posts\/16754","targetHints":{"allow":["GET"]}}],"collection":[{"href":"https:\/\/www.automakers.cz\/index.php?rest_route=\/wp\/v2\/posts"}],"about":[{"href":"https:\/\/www.automakers.cz\/index.php?rest_route=\/wp\/v2\/types\/post"}],"author":[{"embeddable":true,"href":"https:\/\/www.automakers.cz\/index.php?rest_route=\/wp\/v2\/users\/2"}],"replies":[{"embeddable":true,"href":"https:\/\/www.automakers.cz\/index.php?rest_route=%2Fwp%2Fv2%2Fcomments&post=16754"}],"version-history":[{"count":5,"href":"https:\/\/www.automakers.cz\/index.php?rest_route=\/wp\/v2\/posts\/16754\/revisions"}],"predecessor-version":[{"id":16764,"href":"https:\/\/www.automakers.cz\/index.php?rest_route=\/wp\/v2\/posts\/16754\/revisions\/16764"}],"wp:featuredmedia":[{"embeddable":true,"href":"https:\/\/www.automakers.cz\/index.php?rest_route=\/wp\/v2\/media\/16755"}],"wp:attachment":[{"href":"https:\/\/www.automakers.cz\/index.php?rest_route=%2Fwp%2Fv2%2Fmedia&parent=16754"}],"wp:term":[{"taxonomy":"category","embeddable":true,"href":"https:\/\/www.automakers.cz\/index.php?rest_route=%2Fwp%2Fv2%2Fcategories&post=16754"},{"taxonomy":"post_tag","embeddable":true,"href":"https:\/\/www.automakers.cz\/index.php?rest_route=%2Fwp%2Fv2%2Ftags&post=16754"}],"curies":[{"name":"wp","href":"https:\/\/api.w.org\/{rel}","templated":true}]}}