{"id":16765,"date":"2025-10-03T07:53:23","date_gmt":"2025-10-03T07:53:23","guid":{"rendered":"https:\/\/www.automakers.cz\/?p=16765"},"modified":"2025-10-06T06:20:41","modified_gmt":"2025-10-06T06:20:41","slug":"citroen-otevrel-novy-showroom-v-liberci","status":"publish","type":"post","link":"https:\/\/www.automakers.cz\/?p=16765","title":{"rendered":"Citro\u00ebn otev\u0159el nov\u00fd showroom v Liberci"},"content":{"rendered":"<p><strong><b>V Liberci byl slavnostn\u011b otev\u0159en nov\u00fd showroom zna\u010dky Citro\u00ebn koncesion\u00e1\u0159e Auto KP Plus, kter\u00fd v tomto regionu vozy Citro\u00ebn prod\u00e1v\u00e1 a servisuje od roku 2010. Nov\u00e9 reprezentativn\u00ed prostory odpov\u00eddaj\u00ed nejnov\u011bj\u0161\u00edm glob\u00e1ln\u00edm standard\u016fm zna\u010dky.<\/b><\/strong><!--more--><\/p>\n<p>Showroomu um\u00edst\u011bn\u00e9mu na adrese <strong><b>Vratislavick\u00e1 1012, Liberec &#8211; Rochlice <\/b><\/strong>vl\u00e1dne barevn\u00fd design, kter\u00fd kombinuje funk\u010dnost s eleganc\u00ed.<\/p>\n<p>Zvl\u00e1\u0161tn\u00ed pozornost si zaslou\u017e\u00ed <strong><b>luxusn\u00ed z\u00e1kaznick\u00e1 z\u00f3na<\/b><\/strong> s ob\u010derstven\u00edm, kde mohou n\u00e1v\u0161t\u011bvn\u00edci relaxovat a v klidu si prohl\u00e9dnout aktu\u00e1ln\u00ed modelovou nab\u00eddku. Pracovn\u00ed m\u00edsto prodejce bylo navr\u017eeno jako otev\u0159en\u00fd, ergonomick\u00fd a transparentn\u00ed prostor, kter\u00fd usnad\u0148uje p\u0159irozen\u00fd kontakt se z\u00e1kazn\u00edkem a podporuje partnersk\u00fd dialog.<\/p>\n<p><img loading=\"lazy\" decoding=\"async\" class=\"alignnone size-medium wp-image-16768\" src=\"http:\/\/www.automakers.cz\/wp-content\/uploads\/2025\/10\/foto-liberec04C-21-900x600.jpg\" alt=\"\" width=\"900\" height=\"600\" \/><strong><b>Pr\u00e9miov\u00e9 slu\u017eby <\/b><\/strong><\/p>\n<p>Auto KP Plus stav\u00ed na pr\u00e9miov\u00e9m p\u0159\u00edstupu a nadstandardn\u00ed p\u00e9\u010di o klienty. V nov\u00e9m showroomu se z\u00e1kazn\u00edci mohou t\u011b\u0161it nejen z modern\u00edho prost\u0159ed\u00ed, ale i ze slu\u017eeb, kter\u00e9 zaji\u0161\u0165uj\u00ed maxim\u00e1ln\u00ed pohodl\u00ed a mobilitu.<\/p>\n<ul>\n<li><b><\/b><strong><b>N\u00e1hradn\u00ed v\u016fz zdarma<\/b><\/strong>: V\u00a0p\u0159\u00edpad\u011b pot\u0159eby poskytne Auto KP Plus mo\u017enost bezplatn\u00e9ho zap\u016fj\u010den\u00ed n\u00e1hradn\u00edho automobilu.<\/li>\n<li><b><\/b><strong><b>Pick up servis<\/b><\/strong>: Spole\u010dnost zajist\u00ed odvoz nebo vyzvednut\u00ed nepoj\u00edzdn\u00e9ho vozu, p\u0159\u00edpadn\u011b p\u0159epravu z\u00e1kazn\u00edka do nebo ze servisu.<\/li>\n<\/ul>\n<p><em><i>\u201eNa\u0161im klient\u016fm chceme v\u017edy garantovat mobilitu, spokojenost a nadstandardn\u00ed p\u00e9\u010di. V\u011b\u0159\u00edme, \u017ee i d\u00edky nov\u00e9mu showroomu dok\u00e1\u017eeme tyto hodnoty napl\u0148ovat je\u0161t\u011b l\u00e9pe,\u201c<\/i><\/em>\u00a0zd\u016fraz\u0148uje \u0159editel spole\u010dnosti Auto KP Plus David Hall.<\/p>\n<p><iframe loading=\"lazy\"  id=\"_ytid_78437\"  width=\"640\" height=\"360\"  data-origwidth=\"640\" data-origheight=\"360\" src=\"https:\/\/www.youtube.com\/embed\/Quq_nhgjlWQ?enablejsapi=1&#038;autoplay=0&#038;cc_load_policy=0&#038;cc_lang_pref=&#038;iv_load_policy=1&#038;loop=0&#038;modestbranding=0&#038;rel=1&#038;fs=1&#038;playsinline=0&#038;autohide=2&#038;theme=dark&#038;color=red&#038;controls=1&#038;\" class=\"__youtube_prefs__  epyt-is-override  no-lazyload\" title=\"YouTube player\"  allow=\"accelerometer; autoplay; clipboard-write; encrypted-media; gyroscope; picture-in-picture\" allowfullscreen data-no-lazy=\"1\" data-skipgform_ajax_framebjll=\"\"><\/iframe><\/p>\n<p><strong><b>Slavnostn\u00ed otev\u0159en\u00ed v z\u00e1\u0159\u00ed<\/b><\/strong><\/p>\n<p>Slavnostn\u00ed zah\u00e1jen\u00ed provozu nov\u00e9ho showroomu se uskute\u010dnilo 17. a 18. z\u00e1\u0159\u00ed 2025 za \u00fa\u010dasti cel\u00e9 \u0159ady v\u00fdznamn\u00fdch host\u016f, obchodn\u00edch partner\u016f i st\u00e1vaj\u00edc\u00edch \u010di budouc\u00edch klient\u016f. N\u00e1v\u0161t\u011bvn\u00edci m\u011bli mo\u017enost prohl\u00e9dnout si kompletn\u00ed \u0159adu model\u016f Citro\u00ebn, v\u010detn\u011b nejnov\u011bj\u0161\u00edch p\u0159\u00edr\u016fstk\u016f, jako je nap\u0159\u00edklad Citro\u00ebn C3 Aircross.<\/p>\n<p>Sou\u010d\u00e1st\u00ed programu byl tak\u00e9 koncert zp\u011bv\u00e1ka Jakuba D\u011bkana nebo autogrami\u00e1da ambasadorky zna\u010dky Citro\u00ebn B\u00e1ry Holick\u00e9. Ta do Liberce p\u0159ivezla sv\u016fj ikonick\u00fd v\u016fz Citro\u00ebn 2CV, se kter\u00fdm spole\u010dn\u011b se sv\u00fdm t\u00fdmem Duckar \u00fasp\u011b\u0161n\u011b absolvovala Rally Dakar Classic 2025.<\/p>\n<p><strong><b>V\u00fdzva prom\u011bn\u011bn\u00e1 v p\u0159\u00edle\u017eitost<\/b><\/strong><\/p>\n<p>\u201eV\u011bd\u011bli jsme, \u017ee stvo\u0159it autosalon Citro\u00ebn podle zcela nov\u00e9ho konceptu, bude obrovsk\u00e1 v\u00fdzva. Rozhodli jsme se t\u00edmto v\u00fdznamn\u00fdm projektem oslavit v\u00fdro\u010d\u00ed 25 let od zalo\u017een\u00ed na\u0161\u00ed spole\u010dnosti Auto KP Plus. A to se n\u00e1m poda\u0159ilo! V\u00fdsledek zdaleka p\u0159ed\u010dil na\u0161e o\u010dek\u00e1v\u00e1n\u00ed, jsem nad\u0161en z toho, jak je n\u00e1\u0161 showroom reprezentativn\u00ed, hrav\u00fd, sv\u011b\u017e\u00ed a inspirativn\u00ed. Odpov\u00edd\u00e1 p\u0159esn\u011b tomu, jak maj\u00ed z\u00e1kazn\u00edci vn\u00edmat zna\u010dku Citro\u00ebn. V\u011b\u0159\u00edm, \u017ee i na\u0161i klienti se v n\u011bm budou c\u00edtit p\u0159\u00edjemn\u011b. Zna\u010dku Citro\u00ebn v na\u0161em regionu to bezpochyby pozvedne,\u201c \u0159\u00edk\u00e1 \u0159editel koncese Auto KP Plus.<\/p>\n<p>Zdroj: Radka Matthey, Video: <a href=\"https:\/\/www.youtube.com\/watch?v=Quq_nhgjlWQ\"><u>Citro\u00ebn\u00e1\u0159i: AUTO KP PLUS<\/u><\/a><\/p>\n<p><img loading=\"lazy\" decoding=\"async\" class=\"alignnone size-medium wp-image-16769\" src=\"http:\/\/www.automakers.cz\/wp-content\/uploads\/2025\/10\/foto-liberec03C-21-600x900.jpg\" alt=\"\" width=\"600\" height=\"900\" \/><\/p>\n<p><strong><b>Auto KP Plus &#8211; <\/b><\/strong><em><i>Spole\u010dnost Auto KP Plus p\u016fsob\u00ed na \u010desk\u00e9m trhu ji\u017e 25 let. Jej\u00edmi hlavn\u00edmi obchodn\u00edmi aktivitami jsou prodej a servis n\u011bkolika automobilov\u00fdch zna\u010dek. Od roku 2010 je autorizovan\u00fdm prodejcem a servisem voz\u016f Citro\u00ebn. Firma se dlouhodob\u011b zam\u011b\u0159uje na kombinaci profesion\u00e1ln\u00edho p\u0159\u00edstupu, pr\u00e9miov\u00e9 z\u00e1kaznick\u00e9 p\u00e9\u010de a neust\u00e1l\u00fdch investic do modernizace slu\u017eeb. Otev\u0159en\u00ed nov\u00e9ho showroomu je logick\u00fdm vy\u00fast\u011bn\u00edm t\u00e9to strategie a jasn\u00fdm sign\u00e1lem, \u017ee zna\u010dka Citro\u00ebn v regionu Liberec s\u00e1z\u00ed na budoucnost a maxim\u00e1ln\u00ed spokojenost sv\u00fdch klient\u016f.<\/i><\/em><\/p>\n","protected":false},"excerpt":{"rendered":"<p>V Liberci byl slavnostn\u011b otev\u0159en nov\u00fd showroom zna\u010dky Citro\u00ebn koncesion\u00e1\u0159e Auto KP Plus, kter\u00fd v&#8230;<\/p>\n","protected":false},"author":1,"featured_media":16767,"comment_status":"closed","ping_status":"closed","sticky":false,"template":"","format":"standard","meta":{"footnotes":""},"categories":[59,17,3,66],"tags":[],"class_list":["post-16765","post","type-post","status-publish","format-standard","has-post-thumbnail","hentry","category-automakers-tv","category-dealeri","category-investice","category-video"],"_links":{"self":[{"href":"https:\/\/www.automakers.cz\/index.php?rest_route=\/wp\/v2\/posts\/16765","targetHints":{"allow":["GET"]}}],"collection":[{"href":"https:\/\/www.automakers.cz\/index.php?rest_route=\/wp\/v2\/posts"}],"about":[{"href":"https:\/\/www.automakers.cz\/index.php?rest_route=\/wp\/v2\/types\/post"}],"author":[{"embeddable":true,"href":"https:\/\/www.automakers.cz\/index.php?rest_route=\/wp\/v2\/users\/1"}],"replies":[{"embeddable":true,"href":"https:\/\/www.automakers.cz\/index.php?rest_route=%2Fwp%2Fv2%2Fcomments&post=16765"}],"version-history":[{"count":6,"href":"https:\/\/www.automakers.cz\/index.php?rest_route=\/wp\/v2\/posts\/16765\/revisions"}],"predecessor-version":[{"id":16785,"href":"https:\/\/www.automakers.cz\/index.php?rest_route=\/wp\/v2\/posts\/16765\/revisions\/16785"}],"wp:featuredmedia":[{"embeddable":true,"href":"https:\/\/www.automakers.cz\/index.php?rest_route=\/wp\/v2\/media\/16767"}],"wp:attachment":[{"href":"https:\/\/www.automakers.cz\/index.php?rest_route=%2Fwp%2Fv2%2Fmedia&parent=16765"}],"wp:term":[{"taxonomy":"category","embeddable":true,"href":"https:\/\/www.automakers.cz\/index.php?rest_route=%2Fwp%2Fv2%2Fcategories&post=16765"},{"taxonomy":"post_tag","embeddable":true,"href":"https:\/\/www.automakers.cz\/index.php?rest_route=%2Fwp%2Fv2%2Ftags&post=16765"}],"curies":[{"name":"wp","href":"https:\/\/api.w.org\/{rel}","templated":true}]}}