{"id":16777,"date":"2025-10-05T09:49:19","date_gmt":"2025-10-05T09:49:19","guid":{"rendered":"https:\/\/www.automakers.cz\/?p=16777"},"modified":"2025-10-06T06:20:04","modified_gmt":"2025-10-06T06:20:04","slug":"drivalia-startuje-vlastni-autopujcovnu","status":"publish","type":"post","link":"https:\/\/www.automakers.cz\/?p=16777","title":{"rendered":"Drivalia startuje vlastn\u00ed autop\u016fj\u010dovnu"},"content":{"rendered":"<p><strong>Na \u010desk\u00e9m trhu autop\u016fj\u010doven za\u010dala p\u016fsobit zna\u010dka Drivalia, v \u010cesku zn\u00e1m\u00e1 p\u0159edev\u0161\u00edm jako poskytovatel operativn\u00edho leasingu firemn\u00edch aut. N\u00e1le\u017e\u00ed do bankovn\u00ed skupiny Cr\u00e9dit Agricole. Prvn\u00ed kancel\u00e1\u0159e otev\u0159ela na pra\u017esk\u00e9m Leti\u0161ti V\u00e1clava Havla a v Brn\u011b. <\/strong><!--more--><\/p>\n<p>Spu\u0161t\u011bn\u00edm kr\u00e1tk\u00fdch z\u00e1p\u016fj\u010dek Drivalia v \u010cesku zkompletovala produktov\u00e9 portfolio, pokud jde o d\u00e9lku pron\u00e1jmu vozidel. Z\u00e1rove\u0148 t\u00edm sv\u00e9 slu\u017eby zp\u0159\u00edstupnila retailov\u00e9 klientele. Mezi autop\u016fj\u010dovnami chce zaujmout \u0161\u00ed\u0159\u00ed a variabilitou nab\u00eddky, pokro\u010dilou digitalizac\u00ed i cenovou politikou.<\/p>\n<p><em><i>\u201ePopt\u00e1vka v\u00a0oblasti mobility se ub\u00edr\u00e1 sm\u011brem k v\u011bt\u0161\u00ed flexibilit\u011b. Firmy i priv\u00e1tn\u00ed z\u00e1jemci hledaj\u00ed \u0159e\u0161en\u00ed, kter\u00e1 vyhovuj\u00ed jejich specifick\u00fdm pot\u0159eb\u00e1m. Pr\u00e1v\u011b krat\u0161\u00ed pron\u00e1jmy automobil\u016f do t\u011bchto p\u0159edstav optim\u00e1ln\u011b zapadaj\u00ed,\u201c<\/i><\/em>\u00a0\u0159\u00edk\u00e1 <strong>Peter \u0160koda, \u0159editel spole\u010dnosti Drivalia Czech Republic,<\/strong> kter\u00e1 se zam\u011b\u0159\u00ed na kr\u00e1tkodob\u00e9 a st\u0159edn\u011bdob\u00e9 pron\u00e1jmy.<\/p>\n<figure id=\"attachment_8552\" aria-describedby=\"caption-attachment-8552\" style=\"width: 900px\" class=\"wp-caption alignnone\"><img loading=\"lazy\" decoding=\"async\" class=\"size-medium wp-image-8552\" src=\"http:\/\/www.automakers.cz\/wp-content\/uploads\/2024\/11\/Peter_Skoda_DrivaliaCR_1-900x600.jpg\" alt=\"\" width=\"900\" height=\"600\" \/><figcaption id=\"caption-attachment-8552\" class=\"wp-caption-text\">Peter \u0160koda<\/figcaption><\/figure>\n<p>Sestersk\u00e1 spole\u010dnost Drivalia Lease Czech Republic se bude nad\u00e1le soust\u0159edit na tradi\u010dn\u00ed full-service operativn\u00ed leasing.<\/p>\n<p><strong>Drivalia Mobility Stores<\/strong><\/p>\n<p>Drivalia je v z\u00e1padn\u00edch zem\u00edch ve sf\u00e9\u0159e p\u016fj\u010dov\u00e1n\u00ed vozidel zaveden\u00fdm jm\u00e9nem, na jej\u00ed stanovi\u0161t\u011b naraz\u00edte na mnoha evropsk\u00fdch leti\u0161t\u00edch i n\u00e1dra\u017e\u00edch anebo v\u00a0centrech \u0159ady m\u011bst. V\u00a016 evropsk\u00fdch zem\u00edch provozuje p\u0159es 800 prodejn\u00edch m\u00edst nazvan\u00fdch Drivalia Mobility Stores, v\u0161echna jsou vybavena nab\u00edje\u010dkami pro elektromobily. Zna\u010dka je typick\u00e1 sv\u00fdm d\u016frazem na pokro\u010dil\u00e9 digit\u00e1ln\u00ed technologie, flexibilitu a udr\u017eitelnost.<\/p>\n<p><em><i>\u201eTak\u00e9 pro pot\u0159eby autop\u016fj\u010dovny v \u010cesk\u00e9 republice jsme vyvinuli vysp\u011bl\u00e9 softwarov\u00e9 prost\u0159ed\u00ed, kter\u00e9 z\u00e1kazn\u00edk\u016fm usnadn\u00ed v\u00fdb\u011br a objedn\u00e1n\u00ed vozu. V\u0161e v\u010detn\u011b platby mohou vy\u0159e\u0161it na sv\u00e9m mobilu. Rychle, komfortn\u011b, jednodu\u0161e. Stejn\u011b snadn\u00e9 je to i tehdy, kdy\u017e se vyprav\u00ed do jedn\u00e9 z\u00a0na\u0161ich kancel\u00e1\u0159\u00ed, kde je obslou\u017e\u00ed pat\u0159i\u010dn\u011b pro\u0161kolen\u00fd person\u00e1l,\u201c<\/i><\/em>\u00a0popisuje Peter \u0160koda.<\/p>\n<p><strong>Kancel\u00e1\u0159e v Praze a v Brn\u011b<\/strong><\/p>\n<p>Prvn\u00ed kancel\u00e1\u0159 Drivalia otev\u0159ela na pra\u017esk\u00e9m Leti\u0161ti V\u00e1clava Havla. N\u00e1sledovalo stanovi\u0161t\u011b v Brn\u011b, odkud obsluhuje z\u00e1jemce z Moravy. Brzy chce m\u00edt kancel\u00e1\u0159e ve v\u011bt\u0161in\u011b kraj\u016f, aby byla z\u00e1kazn\u00edk\u016fm co nejbl\u00ed\u017ee ve v\u0161ech regionech republiky. M\u00e1 p\u0159ipraven\u00fd dostatek vozidel v\u0161ech popt\u00e1van\u00fdch kategori\u00ed.<\/p>\n<p><em><i>\u201eV\u00a0r\u00e1mci konkurence se odli\u0161ujeme bohat\u0161\u00ed v\u00fdbavou aut. P\u0159\u00edkladem jsou automobily s\u00a0ta\u017en\u00fdm za\u0159\u00edzen\u00edm, co\u017e oce\u0148uj\u00ed i velc\u00ed poskytovatel\u00e9 asisten\u010dn\u00edch slu\u017eeb jako Europ Assistance nebo \u00daAMK, kte\u0159\u00ed na\u0161e auta vyu\u017e\u00edvaj\u00ed coby n\u00e1hradn\u00ed vozidla pro \u0159idi\u010de v\u00a0nesn\u00e1z\u00edch,\u201c<\/i><\/em>\u00a0dod\u00e1v\u00e1 Peter \u0160koda.<\/p>\n<p><img loading=\"lazy\" decoding=\"async\" class=\"alignnone size-medium wp-image-10683\" src=\"http:\/\/www.automakers.cz\/wp-content\/uploads\/2025\/02\/Drivalia-Vitejte_1-900x600.jpg\" alt=\"\" width=\"900\" height=\"600\" \/><\/p>\n<p><strong>Nab\u00eddka autop\u016fj\u010dovny Drivalia je dostupn\u00e1 na <a href=\"http:\/\/www.drivalia.cz\/rent\/\"><u>www.drivalia.cz\/rent\/<\/u><\/a>.<\/strong><\/p>\n<p>Auto si tady z\u00e1jemci m\u016f\u017eou rovnou objednat. Jako m\u00edsto vyzvednut\u00ed i vr\u00e1cen\u00ed vozidla si vyberou jedno z\u00a0region\u00e1ln\u00edch stanovi\u0161\u0165 Drivalie anebo jej\u00ed centrum pro prodej z\u00e1novn\u00edch vozidel Future Store Drivalia ve Vestci u Prahy.<\/p>\n<p>Lokality pro vyzvednut\u00ed a pro vr\u00e1cen\u00ed vozu se p\u0159itom nemusej\u00ed shodovat. Standardn\u00ed sou\u010d\u00e1st\u00ed slu\u017eeb je i mo\u017enost p\u0159istaven\u00ed vozu na jak\u00e9koli jin\u00e9 m\u00edsto vyhovuj\u00edc\u00ed z\u00e1kazn\u00edkovi i jeho n\u00e1sledn\u00fd odvoz po skon\u010den\u00ed pron\u00e1jmu.<\/p>\n<p>Zdroj: Pavel H\u00e1lek<\/p>\n<p><strong>Rozhovor s Peterem \u0160kodou p\u0159in\u00e1\u0161\u00edme v podzimn\u00edm Import\u00e9rsk\u00e9m speci\u00e1lu AUTOmakers!<\/strong><\/p>\n<p><img loading=\"lazy\" decoding=\"async\" class=\"alignnone size-medium wp-image-16727\" src=\"http:\/\/www.automakers.cz\/wp-content\/uploads\/2025\/10\/Titul-AUTOmakers-3_25-666x900.jpg\" alt=\"\" width=\"666\" height=\"900\" \/><\/p>\n<p>&nbsp;<\/p>\n","protected":false},"excerpt":{"rendered":"<p>Na \u010desk\u00e9m trhu autop\u016fj\u010doven za\u010dala p\u016fsobit zna\u010dka Drivalia, v \u010cesku zn\u00e1m\u00e1 p\u0159edev\u0161\u00edm jako poskytovatel operativn\u00edho&#8230;<\/p>\n","protected":false},"author":1,"featured_media":16779,"comment_status":"closed","ping_status":"closed","sticky":false,"template":"","format":"standard","meta":{"footnotes":""},"categories":[3,33,31],"tags":[],"class_list":["post-16777","post","type-post","status-publish","format-standard","has-post-thumbnail","hentry","category-investice","category-leasing","category-news"],"_links":{"self":[{"href":"https:\/\/www.automakers.cz\/index.php?rest_route=\/wp\/v2\/posts\/16777","targetHints":{"allow":["GET"]}}],"collection":[{"href":"https:\/\/www.automakers.cz\/index.php?rest_route=\/wp\/v2\/posts"}],"about":[{"href":"https:\/\/www.automakers.cz\/index.php?rest_route=\/wp\/v2\/types\/post"}],"author":[{"embeddable":true,"href":"https:\/\/www.automakers.cz\/index.php?rest_route=\/wp\/v2\/users\/1"}],"replies":[{"embeddable":true,"href":"https:\/\/www.automakers.cz\/index.php?rest_route=%2Fwp%2Fv2%2Fcomments&post=16777"}],"version-history":[{"count":4,"href":"https:\/\/www.automakers.cz\/index.php?rest_route=\/wp\/v2\/posts\/16777\/revisions"}],"predecessor-version":[{"id":16782,"href":"https:\/\/www.automakers.cz\/index.php?rest_route=\/wp\/v2\/posts\/16777\/revisions\/16782"}],"wp:featuredmedia":[{"embeddable":true,"href":"https:\/\/www.automakers.cz\/index.php?rest_route=\/wp\/v2\/media\/16779"}],"wp:attachment":[{"href":"https:\/\/www.automakers.cz\/index.php?rest_route=%2Fwp%2Fv2%2Fmedia&parent=16777"}],"wp:term":[{"taxonomy":"category","embeddable":true,"href":"https:\/\/www.automakers.cz\/index.php?rest_route=%2Fwp%2Fv2%2Fcategories&post=16777"},{"taxonomy":"post_tag","embeddable":true,"href":"https:\/\/www.automakers.cz\/index.php?rest_route=%2Fwp%2Fv2%2Ftags&post=16777"}],"curies":[{"name":"wp","href":"https:\/\/api.w.org\/{rel}","templated":true}]}}