{"id":16805,"date":"2025-10-05T09:52:50","date_gmt":"2025-10-05T09:52:50","guid":{"rendered":"https:\/\/www.automakers.cz\/?p=16805"},"modified":"2025-10-05T09:52:50","modified_gmt":"2025-10-05T09:52:50","slug":"dealeri-peugeotu-chystaji-akci-7-dni","status":"publish","type":"post","link":"https:\/\/www.automakers.cz\/?p=16805","title":{"rendered":"Deale\u0159i Peugeotu chystaj\u00ed akci 7 dn\u00ed"},"content":{"rendered":"<p><strong>Promo akce 7 dn\u00ed prob\u011bhne u dealer\u016f Peugeotu od 13. do 19. \u0159\u00edjna. B\u011bhem n\u00ed mohou kupuj\u00edc\u00ed vyb\u00edrat ze v\u0161ech osobn\u00edch model\u016f zna\u010dky. Soub\u011b\u017en\u011b prob\u00edh\u00e1 i akce \u201e7 dn\u00ed Peugeot Professional\u201c zam\u011b\u0159en\u00e1 na u\u017eitkov\u00e9 vozy, p\u0159ipomn\u011bl Filip Lapka, \u0159editel prodej\u016f zna\u010dky.<\/strong><!--more--><\/p>\n<p>Podzimn\u00ed akce \u201e7 dn\u00ed Peugeot\u201c p\u0159in\u00e1\u0161\u00ed nejv\u00fdhodn\u011bj\u0161\u00ed ceny roku. Zv\u00fdhodn\u011bn\u00ed se vztahuje i na nejnov\u011bj\u0161\u00ed modely, v\u010detn\u011b SUV 3008 a 5008, uvedla zna\u010dka.<\/p>\n<p>Speci\u00e1ln\u00ed pozornost je v\u011bnov\u00e1na tak\u00e9 firemn\u00edm z\u00e1kazn\u00edk\u016fm. \u201e7 dn\u00ed Peugeot Professional\u201c nab\u00edz\u00ed nejen atraktivn\u00ed cenov\u00e9 podm\u00ednky pro n\u00e1kup model\u016f Partner, Expert a Boxer, ale i p\u011btilet\u00fd servis a sadu zimn\u00edch pneumatik zdarma \u2013 aby firemn\u00ed klienti mohli bez starost\u00ed vyrazit do nov\u00e9 sez\u00f3ny.<\/p>\n<p>\u201e\u010cesk\u00fd automobilov\u00fd trh je moment\u00e1ln\u011b velmi dynamick\u00fd a konkurence aktivn\u00ed. Rozhodli jsme se proto p\u0159ipravit skute\u010dn\u011b v\u00fdjime\u010dnou nab\u00eddku \u2013 zv\u00fdhodnili jsme kompletn\u011b celou modelovou \u0159adu, od nejmen\u0161\u00edho po nejv\u011bt\u0161\u00ed v\u016fz, a to v\u010detn\u011b novinek, jako jsou 3008 a 5008. Ty jsme do akce za\u0159adili \u00fapln\u011b poprv\u00e9, co\u017e p\u0159\u00edznivci tohoto segmentu ur\u010dit\u011b ocen\u00ed,\u201c \u0159\u00edk\u00e1 <strong>Filip Lapka, \u0159editel prodej\u016f zna\u010dky Peugeot v \u010cR.<\/strong><\/p>\n<p><strong>P\u0159ehled ak\u010dn\u00edch cen<\/strong><\/p>\n<p>\u00b7 Peugeot 208 Style (skladov\u00e9 vozy) od 369 000 K\u010d<\/p>\n<p>\u00b7 Peugeot 2008 Style (skladov\u00e9 vozy) od 449 000 K\u010d<\/p>\n<p>\u00b7 Peugeot 308 SW Style (skladov\u00e9 vozy) od 599 000 K\u010d<\/p>\n<p>\u00b7 Peugeot 408 Allure od 685 000 K\u010d<\/p>\n<p>\u00b7 Peugeot 3008 Allure od 729 000 K\u010d<\/p>\n<p>\u00b7 Peugeot 5008 Allure 7 nebo 5 m\u00edst od 769 000 K\u010d<\/p>\n<p>\u00b7 Peugeot Rifter Active LONG od 559 000 K\u010d<\/p>\n<p>Vedle z\u00e1kladn\u00edch verz\u00ed jsou k dispozici i vy\u0161\u0161\u00ed \u00farovn\u011b v\u00fdbavy a r\u016fzn\u00e9 pohonn\u00e9 jednotky \u2013 od klasick\u00fdch spalovac\u00edch motor\u016f po hybridn\u00ed, plug-in hybridn\u00ed a pln\u011b elektrick\u00e9 varianty.<\/p>\n<p><strong>Zdroj: Filip Lapka, P Automobil Import<\/strong><\/p>\n<figure id=\"attachment_14167\" aria-describedby=\"caption-attachment-14167\" style=\"width: 900px\" class=\"wp-caption alignnone\"><img loading=\"lazy\" decoding=\"async\" class=\"size-medium wp-image-14167\" src=\"http:\/\/www.automakers.cz\/wp-content\/uploads\/2025\/06\/Peugeot-oblouk-Emotion-Days-900x675.jpg\" alt=\"\" width=\"900\" height=\"675\" \/><figcaption id=\"caption-attachment-14167\" class=\"wp-caption-text\">Ilustra\u010dn\u00ed foto<\/figcaption><\/figure>\n","protected":false},"excerpt":{"rendered":"<p>Promo akce 7 dn\u00ed prob\u011bhne u dealer\u016f Peugeotu od 13. do 19. \u0159\u00edjna. B\u011bhem n\u00ed&#8230;<\/p>\n","protected":false},"author":2,"featured_media":16808,"comment_status":"closed","ping_status":"closed","sticky":false,"template":"","format":"standard","meta":{"footnotes":""},"categories":[24,17,9,36],"tags":[],"class_list":["post-16805","post","type-post","status-publish","format-standard","has-post-thumbnail","hentry","category-akce","category-dealeri","category-elektromobily","category-marketing"],"_links":{"self":[{"href":"https:\/\/www.automakers.cz\/index.php?rest_route=\/wp\/v2\/posts\/16805","targetHints":{"allow":["GET"]}}],"collection":[{"href":"https:\/\/www.automakers.cz\/index.php?rest_route=\/wp\/v2\/posts"}],"about":[{"href":"https:\/\/www.automakers.cz\/index.php?rest_route=\/wp\/v2\/types\/post"}],"author":[{"embeddable":true,"href":"https:\/\/www.automakers.cz\/index.php?rest_route=\/wp\/v2\/users\/2"}],"replies":[{"embeddable":true,"href":"https:\/\/www.automakers.cz\/index.php?rest_route=%2Fwp%2Fv2%2Fcomments&post=16805"}],"version-history":[{"count":4,"href":"https:\/\/www.automakers.cz\/index.php?rest_route=\/wp\/v2\/posts\/16805\/revisions"}],"predecessor-version":[{"id":16812,"href":"https:\/\/www.automakers.cz\/index.php?rest_route=\/wp\/v2\/posts\/16805\/revisions\/16812"}],"wp:featuredmedia":[{"embeddable":true,"href":"https:\/\/www.automakers.cz\/index.php?rest_route=\/wp\/v2\/media\/16808"}],"wp:attachment":[{"href":"https:\/\/www.automakers.cz\/index.php?rest_route=%2Fwp%2Fv2%2Fmedia&parent=16805"}],"wp:term":[{"taxonomy":"category","embeddable":true,"href":"https:\/\/www.automakers.cz\/index.php?rest_route=%2Fwp%2Fv2%2Fcategories&post=16805"},{"taxonomy":"post_tag","embeddable":true,"href":"https:\/\/www.automakers.cz\/index.php?rest_route=%2Fwp%2Fv2%2Ftags&post=16805"}],"curies":[{"name":"wp","href":"https:\/\/api.w.org\/{rel}","templated":true}]}}