{"id":16810,"date":"2025-10-05T15:46:06","date_gmt":"2025-10-05T15:46:06","guid":{"rendered":"https:\/\/www.automakers.cz\/?p=16810"},"modified":"2025-10-05T17:34:01","modified_gmt":"2025-10-05T17:34:01","slug":"skoda-chysta-na-designblok-studii-vision-o","status":"publish","type":"post","link":"https:\/\/www.automakers.cz\/?p=16810","title":{"rendered":"\u0160koda chyst\u00e1 na Designblok studii Vision O"},"content":{"rendered":"<div class=\"entry-summary\">\n<p><strong>\u0160koda Auto se bude na pra\u017esk\u00e9 p\u0159ehl\u00eddce designu a m\u00f3dy Designblok 2025 prezentovat vlastn\u00ed expozic\u00ed. Akce se uskute\u010dn\u00ed 8. a\u017e 12. \u0159\u00edjna na v\u00fdstavi\u0161ti v Praze-Hole\u0161ovic\u00edch. Vedle elektrick\u00e9ho modelu Elroq RS mohou n\u00e1v\u0161t\u011bvn\u00edci obdivovat i studii \u0160koda Vision O uvnit\u0159 K\u0159i\u017e\u00edkova pavilonu B.<\/strong><\/p>\n<\/div>\n<p><!--more--><\/p>\n<div class=\"entry-content\">\n<p>\u0160koda Auto pokra\u010duje i letos jako ofici\u00e1ln\u00ed partner mobility festivalu Designblok. Jeho po\u0159adatel\u016fm poskytne v\u00a0r\u00e1mci tohoto partnerstv\u00ed 25\u00a0voz\u016f \u0160koda Superb Combi\u00a0iV. Zna\u010dka \u0160koda se sou\u010dasn\u011b na festivalu prezentuje n\u00e1padit\u00fdmi expozicemi.<\/p>\n<p>Jedn\u00edm z magnet\u016f, kter\u00fd m\u016f\u017ee \u010desk\u00e1 ve\u0159ejnost spat\u0159it v K\u0159i\u017e\u00edkov\u011b pavilonu B, bude designov\u00e1 studie kombi \u0160koda Vision O. Vzhled vozu zaujme \u010dist\u00fdmi liniemi, optimalizovanou aerodynamikou a osv\u011btlen\u00edm \u0160koda Cyber Lights. Evoluce designov\u00e9ho jazyka Modern Solid podtrhuje exteri\u00e9r studie s p\u0159evratn\u011b pojatou maskou Tech-loop. Vision O disponuje funkcemi autonomn\u00edho \u0159\u00edzen\u00ed i chytr\u00fdmi \u0159e\u0161en\u00edmi um\u011bl\u00e9 inteligence. Up\u0159ednost\u0148uje udr\u017eitelnost d\u00edky pou\u017eit\u00ed obnoviteln\u00fdch materi\u00e1l\u016f a dodr\u017eov\u00e1n\u00ed princip\u016f ob\u011bhov\u00e9ho hospod\u00e1\u0159stv\u00ed.<\/p>\n<p><strong>\u0160koda Elroq RS st\u0159edobodem venkovn\u00ed instalace \u0160koda\u00a0&amp;\u00a0Marcantonio<\/strong><\/p>\n<p>Mladoboleslavsk\u00e1 automobilka se na Designbloku 2025 prezentuje venkovn\u00ed instalac\u00ed \u0160koda &amp; Marcantonio, inspirovanou designov\u00fdm jazykem zna\u010dky \u0160koda Modern Solid a jeho d\u016frazem na technologie a emoce. Tato uk\u00e1zka se poprv\u00e9 objevila na leto\u0161n\u00edm festivalu Milan Design Week, kde zaujala jako um\u011bleck\u00fd dialog mezi design\u00e9rsk\u00fdm t\u00fdmem \u0160koda a renomovan\u00fdm italsk\u00fdm um\u011blcem Marcantoniem.<\/p>\n<p>V \u00fast\u0159ed\u00ed venkovn\u00ed expozice stoj\u00ed model Elroq ve verzi RS, kter\u00fd jako prvn\u00ed v\u016fz zna\u010dky \u0160koda p\u0159inesl z\u00e1kazn\u00edk\u016fm nov\u00fd designov\u00fd jazyk. Sochy i sc\u00e9ny v expozici podmaniv\u011b prezentuj\u00ed t\u00e9mata spojen\u00e1 pr\u00e1v\u011b s vozem \u0160koda Elroq. N\u00e1v\u0161t\u011bvn\u00edci za\u017eij\u00ed, jak se um\u011bn\u00ed a automobilov\u00e1 inovace spojuj\u00ed v z\u00e1\u017eitek.<\/p>\n<p>Elroq RS, spolu s vozem Enyaq RS, nejv\u00fdkonn\u011bj\u0161\u00ed v\u016fz zna\u010dky \u0160koda, stejn\u011b jako v\u0161echna ostatn\u00ed proveden\u00ed modelov\u00e9 \u0159ady Elroq obsahuje \u010dernou masku Tech-Deck Face, za kterou se skr\u00fdv\u00e1 n\u011bkolik senzor\u016f v\u010detn\u011b radaru. Prosv\u011btlen\u00e1 p\u0159edn\u00ed maska slo\u017een\u00e1 ze svisl\u00fdch \u201e\u0159as\u201c je spolu s p\u0159edn\u00edmi sv\u011btlomety Matrix-LED sou\u010d\u00e1st\u00ed standardn\u00ed v\u00fdbavy. V\u016fz se ve variant\u011b RS d\u00e1le vizu\u00e1ln\u011b odli\u0161uje \u0159adou designov\u00fdch dopl\u0148k\u016f vn\u011b i uvnit\u0159 a exkluzivn\u011b je k dost\u00e1n\u00ed v grafitov\u011b \u0161ed\u00e9 matn\u00e9 barv\u011b karoserie v limitovan\u00e9 edici 130 kus\u016f na po\u010dest v\u00fdro\u010d\u00ed automobilky.<\/p>\n<p><strong>\u0160koda Auto si p\u0159ipom\u00edn\u00e1 130\u00a0let oslavou \u010desk\u00e9ho \u0159emesla a\u00a0designov\u00fdch inovac\u00ed<\/strong><\/p>\n<p>V r\u00e1mci oslav jubilea 130 let \u0160koda Auto nav\u00e1zala spolupr\u00e1ci s \u010deskou zna\u010dkou Botas. V\u00fdrobce obuvi vytvo\u0159il limitovanou kolekci tenisek inspirovanou modelem Elroq a designov\u00fdm jazykem Modern Solid. S\u00e9rie vznikla v pouze 130 p\u00e1rech, kter\u00e9 spojuj\u00ed \u0159emeslnou tradici zna\u010dky Botas s inovativn\u00edm p\u0159\u00edstupem automobilky \u0160koda Auto nap\u0159\u00edklad vyu\u017eit\u00edm recyklovan\u00fdch materi\u00e1l\u016f i v\u00fdrazn\u00fdch horizont\u00e1ln\u00edch lini\u00ed.<\/p>\n<p>V\u00fdro\u010d\u00ed 130 let od zalo\u017een\u00ed spole\u010dnosti Laurin &amp; Klement v roce 1895 oslavuje rovn\u011b\u017e jedine\u010dn\u00e1 spolupr\u00e1ce zd\u016fraz\u0148uj\u00edc\u00ed \u010desk\u00e9 \u0159emeslo a designov\u00e9 inovace \u2013 tentokr\u00e1t s hodin\u00e1\u0159skou manufakturou Prokop &amp; Bro\u017e. S\u00e9rie pouh\u00fdch 130 n\u00e1ramkov\u00fdch hodinek Laurin &amp; Klement 130 Limited Edition byla inspirov\u00e1na palubn\u00edmi hodinami sportovn\u00edho vozu Laurin &amp; Klement BSC z roku 1908. Pln\u011b mechanick\u00e9 hodinky vzd\u00e1vaj\u00ed hold technick\u00e9mu d\u011bdictv\u00ed zna\u010dky Laurin &amp; Klement.<\/p>\n<p><strong>P\u0159edn\u00ed st\u0159edoevropsk\u00fd festival designu a\u00a0m\u00f3dy otev\u00edr\u00e1 sv\u016fj 27.\u00a0ro\u010dn\u00edk<\/strong><\/p>\n<p>Designblok ka\u017edoro\u010dn\u011b nav\u0161t\u00edv\u00ed p\u0159es 41\u00a0000\u00a0lid\u00ed z\u00a0\u0159ad design\u00e9r\u016f, kur\u00e1tor\u016f, architekt\u016f, interi\u00e9rov\u00fdch n\u00e1vrh\u00e1\u0159\u016f, odborn\u00fdch novin\u00e1\u0159\u016f a\u00a0milovn\u00edk\u016f designu. Nab\u00edz\u00ed pohled do budoucnosti mobility, v\u00a0n\u00ed\u017e se setk\u00e1v\u00e1 um\u011bn\u00ed, design a\u00a0technika.<\/p>\n<p>\u0160koda Auto se stala etalonem \u010desk\u00e9ho designu a\u00a0svou pozici v\u00a0t\u00e9to oblasti d\u00e1le rozv\u00edj\u00ed. B\u011bhem posledn\u00edch n\u011bkolika let zavedla nov\u00fd designov\u00fd jazyk Modern Solid, vyzna\u010duj\u00edc\u00ed se jednoduch\u00fdmi \u010dist\u00fdmi liniemi. Minimalistick\u00fd design napom\u00e1h\u00e1 maxim\u00e1ln\u00ed \u00fa\u010dinnosti d\u00edky optimalizovan\u00e9 aerodynamice.<\/p>\n<p>Prvn\u00edm modelem, kter\u00fd vych\u00e1z\u00ed z tohoto designov\u00e9ho sm\u011bru, je elektrick\u00fd v\u016fz \u0160koda Elroq. Dal\u0161\u00ed evoluci designov\u00e9ho jazyka Modern Solid p\u0159edstavuje nov\u00e1 designov\u00e1 studie Vision O. Oba modely jsou proto \u00fast\u0159edn\u00edmi body prezentace zna\u010dky \u0160koda na festivalu Designblok a prezentuj\u00ed progresivn\u00ed p\u0159\u00edstup, kter\u00fd spojuje technologie s nad\u010dasov\u00fdm designem.<\/p>\n<p><img loading=\"lazy\" decoding=\"async\" class=\"alignnone wp-image-16818\" src=\"http:\/\/www.automakers.cz\/wp-content\/uploads\/2025\/10\/Snimek-obrazovky_5-10-2025_124154_www.skoda-storyboard.com_-900x485.jpeg\" alt=\"\" width=\"969\" height=\"522\" srcset=\"https:\/\/www.automakers.cz\/wp-content\/uploads\/2025\/10\/Snimek-obrazovky_5-10-2025_124154_www.skoda-storyboard.com_-900x485.jpeg 900w, https:\/\/www.automakers.cz\/wp-content\/uploads\/2025\/10\/Snimek-obrazovky_5-10-2025_124154_www.skoda-storyboard.com_-1024x551.jpeg 1024w, https:\/\/www.automakers.cz\/wp-content\/uploads\/2025\/10\/Snimek-obrazovky_5-10-2025_124154_www.skoda-storyboard.com_-768x414.jpeg 768w, https:\/\/www.automakers.cz\/wp-content\/uploads\/2025\/10\/Snimek-obrazovky_5-10-2025_124154_www.skoda-storyboard.com_-1536x827.jpeg 1536w, https:\/\/www.automakers.cz\/wp-content\/uploads\/2025\/10\/Snimek-obrazovky_5-10-2025_124154_www.skoda-storyboard.com_.jpeg 1846w\" sizes=\"auto, (max-width: 969px) 100vw, 969px\" \/><\/p>\n<\/div>\n","protected":false},"excerpt":{"rendered":"<p>\u0160koda Auto se bude na pra\u017esk\u00e9 p\u0159ehl\u00eddce designu a m\u00f3dy Designblok 2025 prezentovat vlastn\u00ed expozic\u00ed&#8230;.<\/p>\n","protected":false},"author":2,"featured_media":16817,"comment_status":"closed","ping_status":"closed","sticky":false,"template":"","format":"standard","meta":{"footnotes":""},"categories":[13,9,26,8],"tags":[],"class_list":["post-16810","post","type-post","status-publish","format-standard","has-post-thumbnail","hentry","category-design","category-elektromobily","category-eventy","category-vystavy"],"_links":{"self":[{"href":"https:\/\/www.automakers.cz\/index.php?rest_route=\/wp\/v2\/posts\/16810","targetHints":{"allow":["GET"]}}],"collection":[{"href":"https:\/\/www.automakers.cz\/index.php?rest_route=\/wp\/v2\/posts"}],"about":[{"href":"https:\/\/www.automakers.cz\/index.php?rest_route=\/wp\/v2\/types\/post"}],"author":[{"embeddable":true,"href":"https:\/\/www.automakers.cz\/index.php?rest_route=\/wp\/v2\/users\/2"}],"replies":[{"embeddable":true,"href":"https:\/\/www.automakers.cz\/index.php?rest_route=%2Fwp%2Fv2%2Fcomments&post=16810"}],"version-history":[{"count":8,"href":"https:\/\/www.automakers.cz\/index.php?rest_route=\/wp\/v2\/posts\/16810\/revisions"}],"predecessor-version":[{"id":16845,"href":"https:\/\/www.automakers.cz\/index.php?rest_route=\/wp\/v2\/posts\/16810\/revisions\/16845"}],"wp:featuredmedia":[{"embeddable":true,"href":"https:\/\/www.automakers.cz\/index.php?rest_route=\/wp\/v2\/media\/16817"}],"wp:attachment":[{"href":"https:\/\/www.automakers.cz\/index.php?rest_route=%2Fwp%2Fv2%2Fmedia&parent=16810"}],"wp:term":[{"taxonomy":"category","embeddable":true,"href":"https:\/\/www.automakers.cz\/index.php?rest_route=%2Fwp%2Fv2%2Fcategories&post=16810"},{"taxonomy":"post_tag","embeddable":true,"href":"https:\/\/www.automakers.cz\/index.php?rest_route=%2Fwp%2Fv2%2Ftags&post=16810"}],"curies":[{"name":"wp","href":"https:\/\/api.w.org\/{rel}","templated":true}]}}