{"id":16829,"date":"2025-10-05T17:05:33","date_gmt":"2025-10-05T17:05:33","guid":{"rendered":"https:\/\/www.automakers.cz\/?p=16829"},"modified":"2025-10-05T17:42:49","modified_gmt":"2025-10-05T17:42:49","slug":"chery-stavi-dealerskou-sit-otevira-showroom-v-pruhonicich","status":"publish","type":"post","link":"https:\/\/www.automakers.cz\/?p=16829","title":{"rendered":"Chery stav\u00ed dealerskou s\u00ed\u0165, otev\u00edr\u00e1 vlajkov\u00fd showroom v Pr\u016fhonic\u00edch"},"content":{"rendered":"<p><strong>\u010c\u00ednsk\u00e1 Chery vstoupila na z\u00e1\u0159ijov\u00e9 akci ve Vod\u011br\u00e1dk\u00e1ch na \u010desk\u00fd trh a v \u0159\u00edjnu <\/strong><b>chyst\u00e1 slavnostn\u00ed otev\u0159en\u00ed vlajkov\u00e9ho showroomu automobilky v Pr\u016fhonic\u00edch. Vedle n\u011bj by v \u010cR m\u011blo letos fungovat minim\u00e1ln\u011b dal\u0161\u00edch \u0161est dal\u0161\u00edch lokac\u00ed.<\/b><!--more--><\/p>\n<p>\u0160\u00e9f dovozn\u00ed organizace Astana Motors <strong>Nurlan Shamgonov<\/strong> pozval do Vod\u011br\u00e1dek p\u0159edstavitele \u010d\u00ednsk\u00e9 i kaza\u0161sk\u00e9 ambas\u00e1dy, z\u00e1stupce dealersk\u00e9 s\u00edt\u011b a m\u00e9dia. Pochlubil se produktovou nab\u00eddkou zahrnuj\u00edc\u00ed t\u0159i modely Tiggo a tak\u00e9<strong> rod\u00edc\u00ed se dealerskou a servisn\u00ed s\u00edt\u00ed. <\/strong><\/p>\n<p><strong>Kdo bude pat\u0159it mezi \u010desk\u00e9 dealery zna\u010dky? Prvn\u00ed prodejci se uk\u00e1zali na p\u00f3diu ve Vod\u011br\u00e1dk\u00e1ch.<\/strong><\/p>\n<p><img loading=\"lazy\" decoding=\"async\" class=\"size-medium wp-image-16838\" src=\"http:\/\/www.automakers.cz\/wp-content\/uploads\/2025\/10\/Chery-podium-dealeri-Voderadky-900x506.jpeg\" alt=\"\" width=\"900\" height=\"506\" srcset=\"https:\/\/www.automakers.cz\/wp-content\/uploads\/2025\/10\/Chery-podium-dealeri-Voderadky-900x506.jpeg 900w, https:\/\/www.automakers.cz\/wp-content\/uploads\/2025\/10\/Chery-podium-dealeri-Voderadky-1024x576.jpeg 1024w, https:\/\/www.automakers.cz\/wp-content\/uploads\/2025\/10\/Chery-podium-dealeri-Voderadky-768x432.jpeg 768w, https:\/\/www.automakers.cz\/wp-content\/uploads\/2025\/10\/Chery-podium-dealeri-Voderadky-1536x864.jpeg 1536w, https:\/\/www.automakers.cz\/wp-content\/uploads\/2025\/10\/Chery-podium-dealeri-Voderadky-1280x720.jpeg 1280w, https:\/\/www.automakers.cz\/wp-content\/uploads\/2025\/10\/Chery-podium-dealeri-Voderadky.jpeg 2048w\" sizes=\"auto, (max-width: 900px) 100vw, 900px\" \/>Krom\u011b vlastn\u00ed tov\u00e1rn\u00ed prodejny v Pr\u016fhonic\u00edch, kter\u00e1 se slavnostn\u011b otev\u0159e v \u00fater\u00fd 7. \u0159\u00edjna, byly ohl\u00e1\u0161eny spole\u010dnosti <strong>Autospol Uhersk\u00e9 Hradi\u0161t\u011b,\u00a0 Olfin Car, Ivos Zl\u00edn, KTEC Motor, Kodecar Opava a Auto Drasta.<\/strong><\/p>\n<p><strong>Fotoreport\u00e1\u017e z Vod\u011br\u00e1dek v Import\u00e9rsk\u00e9m speci\u00e1lu AUTOmakers!<\/strong><\/p>\n<p><img loading=\"lazy\" decoding=\"async\" class=\"alignnone size-medium wp-image-16727\" src=\"http:\/\/www.automakers.cz\/wp-content\/uploads\/2025\/10\/Titul-AUTOmakers-3_25-666x900.jpg\" alt=\"\" width=\"666\" height=\"900\" \/><\/p>\n<p>&nbsp;<\/p>\n<p class=\"xmprfx_MsoNormal\">\n","protected":false},"excerpt":{"rendered":"<p>\u010c\u00ednsk\u00e1 Chery vstoupila na z\u00e1\u0159ijov\u00e9 akci ve Vod\u011br\u00e1dk\u00e1ch na \u010desk\u00fd trh a v \u0159\u00edjnu chyst\u00e1&#8230;<\/p>\n","protected":false},"author":1,"featured_media":16435,"comment_status":"closed","ping_status":"closed","sticky":false,"template":"","format":"standard","meta":{"footnotes":""},"categories":[17,103],"tags":[],"class_list":["post-16829","post","type-post","status-publish","format-standard","has-post-thumbnail","hentry","category-dealeri","category-kalendar"],"_links":{"self":[{"href":"https:\/\/www.automakers.cz\/index.php?rest_route=\/wp\/v2\/posts\/16829","targetHints":{"allow":["GET"]}}],"collection":[{"href":"https:\/\/www.automakers.cz\/index.php?rest_route=\/wp\/v2\/posts"}],"about":[{"href":"https:\/\/www.automakers.cz\/index.php?rest_route=\/wp\/v2\/types\/post"}],"author":[{"embeddable":true,"href":"https:\/\/www.automakers.cz\/index.php?rest_route=\/wp\/v2\/users\/1"}],"replies":[{"embeddable":true,"href":"https:\/\/www.automakers.cz\/index.php?rest_route=%2Fwp%2Fv2%2Fcomments&post=16829"}],"version-history":[{"count":10,"href":"https:\/\/www.automakers.cz\/index.php?rest_route=\/wp\/v2\/posts\/16829\/revisions"}],"predecessor-version":[{"id":16848,"href":"https:\/\/www.automakers.cz\/index.php?rest_route=\/wp\/v2\/posts\/16829\/revisions\/16848"}],"wp:featuredmedia":[{"embeddable":true,"href":"https:\/\/www.automakers.cz\/index.php?rest_route=\/wp\/v2\/media\/16435"}],"wp:attachment":[{"href":"https:\/\/www.automakers.cz\/index.php?rest_route=%2Fwp%2Fv2%2Fmedia&parent=16829"}],"wp:term":[{"taxonomy":"category","embeddable":true,"href":"https:\/\/www.automakers.cz\/index.php?rest_route=%2Fwp%2Fv2%2Fcategories&post=16829"},{"taxonomy":"post_tag","embeddable":true,"href":"https:\/\/www.automakers.cz\/index.php?rest_route=%2Fwp%2Fv2%2Ftags&post=16829"}],"curies":[{"name":"wp","href":"https:\/\/api.w.org\/{rel}","templated":true}]}}