{"id":16851,"date":"2025-10-06T06:18:58","date_gmt":"2025-10-06T06:18:58","guid":{"rendered":"https:\/\/www.automakers.cz\/?p=16851"},"modified":"2025-10-06T09:30:00","modified_gmt":"2025-10-06T09:30:00","slug":"zf-rusi-7600-mist-ceske-zavody-zatim-jedou","status":"publish","type":"post","link":"https:\/\/www.automakers.cz\/?p=16851","title":{"rendered":"ZF ru\u0161\u00ed 7600 m\u00edst, \u010desk\u00e9 z\u00e1vody zat\u00edm jedou"},"content":{"rendered":"<p><strong>ZF Friedrichshafen ru\u0161\u00ed 7 600 pracovn\u00edch m\u00edst ve sv\u00e9 divizi elektrifikovan\u00fdch pohon\u016f, aby se vypo\u0159\u00e1dala se slabou popt\u00e1vkou. \u010cesk\u00fdch z\u00e1vod\u016f se propou\u0161t\u011bn\u00ed nem\u00e1 nedotknout. \u0158ada dal\u0161\u00edch dodavatel\u016f v autopr\u016fmyslu letos \u010del\u00ed krizi, p\u00ed\u0161e port\u00e1l Autoweek.cz.<\/strong><!--more--><\/p>\n<p>Rozhodnut\u00ed ZF se dot\u00fdk\u00e1 pouze <span class=\"highlight-E0id4 highlight-E0M\">N\u011bmecka<\/span> a je sou\u010d\u00e1st\u00ed restrukturaliza\u010dn\u00ed dohody uzav\u0159en\u00e9 s odbory. Celkov\u00fd po\u010det zru\u0161en\u00fdch m\u00edst odpov\u00edd\u00e1 asi \u010dtvrtin\u011b m\u00edst divize a sedmi procent\u016fm celkov\u00e9 pracovn\u00ed s\u00edly <span class=\"highlight-query\">ZF<\/span> v <span class=\"highlight-E0id4 highlight-E0M\">N\u011bmecku<\/span>. Firma o tom informovala v tiskov\u00e9m sd\u011blen\u00ed.<\/p>\n<p>Propou\u0161t\u011bn\u00ed je sou\u010d\u00e1st\u00ed \u0161ir\u0161\u00edho pl\u00e1nu, kter\u00fd cel\u00e1 skupina <span class=\"highlight-query\">ZF<\/span> Group ozn\u00e1mila u\u017e loni. Pl\u00e1n po\u010d\u00edt\u00e1 se zru\u0161en\u00edm asi 14.000 pracovn\u00edch m\u00edst v <span class=\"highlight-E0id4 highlight-E0M\">N\u011bmecku<\/span>. Automobilov\u00fd pr\u016fmysl se toti\u017e pot\u00fdk\u00e1 se slabou popt\u00e1vkou po elektromobilech a s nap\u011bt\u00edm v glob\u00e1ln\u00edm obchod\u011b. Firmu <span class=\"highlight-query\">ZF<\/span> z\u00e1rove\u0148 tr\u00e1p\u00ed vysok\u00fd dluh, kter\u00fd j\u00ed z\u016fstal po minul\u00fdch akvizic\u00edch.<\/p>\n<p>Propou\u0161t\u011bn\u00ed bude doprov\u00e1zet<strong> zkr\u00e1cen\u00ed t\u00fddenn\u00ed pracovn\u00ed doby v n\u011bmeck\u00fdch z\u00e1vodech divize o sedm procent a odklad r\u016fstu mezd z dubna na \u0159\u00edjen 2026<\/strong>. C\u00edlem t\u011bchto krok\u016f je do roku 2027 sn\u00ed\u017eit n\u00e1klady o v\u00edce ne\u017e 500 milion\u016f eur (12,1 miliardy K\u010d). Dohoda zahrnuje mo\u017enosti p\u0159ed\u010dasn\u00e9ho odchodu do d\u016fchodu a odstupn\u00e9. Firma se zavazuje, \u017ee pokud to bude mo\u017en\u00e9, vyhne se nucen\u00e9mu propou\u0161t\u011bn\u00ed.<\/p>\n<p><strong>Spole\u010dnost <span class=\"highlight-query\">ZF<\/span> rovn\u011b\u017e uvedla, \u017e<\/strong>e opou\u0161t\u00ed pl\u00e1ny na od\u0161t\u011bpen\u00ed divize pohonn\u00fdch technologi\u00ed, kter\u00e1 se zam\u011b\u0159uje na v\u00fdrobu elektrick\u00fdch, klasick\u00fdch i hybridn\u00edch syst\u00e9m\u016f. Tento podnikatelsk\u00fd segment si hodl\u00e1 ponechat. Divize m\u00e1 zhruba 30.000 <span class=\"highlight-E5id2 highlight-E5M\">zam\u011bstnanc\u016f<\/span>. Nov\u00fd <span class=\"highlight-E5id1 highlight-E5M\">gener\u00e1ln\u00ed<\/span> <span class=\"highlight-E5id1 highlight-E5M\">\u0159editel<\/span> Mathias Miedreich, kter\u00fd dnes p\u0159evzal veden\u00ed po p\u0159ed\u010dasn\u00e9m odchodu sv\u00e9ho p\u0159edch\u016fdce <span class=\"highlight-E2id0 highlight-E2M\">Holgera<\/span> <span class=\"highlight-E2id0 highlight-E2M\">Kleina<\/span> kv\u016fli neshod\u00e1m o budouc\u00ed sm\u011b\u0159ov\u00e1n\u00ed spole\u010dnosti, ozna\u010dil dohodu s odbory za hled\u00e1n\u00ed nov\u00fdch cest pro automobilov\u00fd pr\u016fmysl.<\/p>\n<p>Sou\u010dasn\u011b v\u0161ak p\u0159iznal, \u017ee pro <span class=\"highlight-E5id2 highlight-E5M\">zam\u011bstnance<\/span> to bude znamenat tvrd\u00e9 \u0161krty. Dohoda byla uzav\u0159ena po m\u011bs\u00edc\u00edch protest\u016f <span class=\"highlight-E5id2 highlight-E5M\">zam\u011bstnanc\u016f<\/span> <span class=\"highlight-query\">ZF<\/span>. S probl\u00e9my se pot\u00fdkaj\u00ed i dal\u0161\u00ed n\u011bme\u010dt\u00ed <span class=\"highlight-E5id4 highlight-E5M\">dodavatel\u00e9<\/span> automobilov\u00e9ho pr\u016fmyslu. Minul\u00fd t\u00fdden konkuren\u010dn\u00ed <span class=\"highlight-E1id1 highlight-E4id1 highlight-E1M highlight-E4M\">Bosch<\/span> ozn\u00e1mil, \u017ee propust\u00ed 13.000 <span class=\"highlight-E5id2 highlight-E5M\">zam\u011bstnanc\u016f<\/span>, proto\u017ee dodavatelsk\u00e9 firmy se pot\u00fdkaj\u00ed s probl\u00e9my na automobilov\u00fdch trz\u00edch a s nejistotou ohledn\u011b americk\u00fdch cel.<\/p>\n<p><img loading=\"lazy\" decoding=\"async\" class=\"alignnone size-full wp-image-2613\" src=\"http:\/\/www.automakers.cz\/wp-content\/uploads\/2024\/03\/ZF-Klasterec.jpg\" alt=\"\" width=\"748\" height=\"499\" \/><\/p>\n<p><strong>Podle n\u011bmeck\u00e9ho pr\u016fmyslov\u00e9ho sdru\u017een\u00ed VDA<\/strong> bylo v n\u011bmeck\u00e9m automobilov\u00e9m sektoru od roku 2023 zru\u0161eno zhruba 55.000 pracovn\u00edch m\u00edst. Nejv\u00edce se to dotklo <span class=\"highlight-E5id4 highlight-E5M\">dodavatel\u016f<\/span> automobilek, uvedla <span class=\"highlight-E4id0 highlight-E1id0 highlight-E4M highlight-E1M\">agentura<\/span> <span class=\"highlight-E1id0 highlight-E4id0 highlight-E1M highlight-E4M\">Reuters<\/span>.<\/p>\n<p><strong>\u0160est v\u00fdrobn\u00edch z\u00e1vod\u016f v \u010cesku<\/strong><\/p>\n<p><span class=\"highlight-query\">ZF<\/span> je glob\u00e1ln\u00ed technologick\u00e1 spole\u010dnost, kter\u00e1 dod\u00e1v\u00e1 pokro\u010dil\u00e9 produkty a syst\u00e9my pro mobilitu osobn\u00edch a u\u017eitkov\u00fdch vozidel a pr\u016fmyslov\u00e9 technologie. Provozuje 162 v\u00fdrobn\u00edch z\u00e1vod\u016f v 31 zem\u00edch a zam\u011bstn\u00e1v\u00e1 p\u0159ibli\u017en\u011b 168.700 <span class=\"highlight-E5id0 highlight-E5M\">lid\u00ed<\/span> po cel\u00e9m sv\u011bt\u011b, z toho 3500 v <span class=\"highlight-E0id0 highlight-E0M\">\u010cesk\u00e9<\/span> <span class=\"highlight-E0id0 highlight-E0M\">republice<\/span>. V <span class=\"highlight-E0id0 highlight-E0M\">\u010cesku<\/span> provozuje v\u00fdvojov\u00e1 centra v <span class=\"highlight-E0id1 highlight-E0M\">Jablonci<\/span> <span class=\"highlight-E0id1 highlight-E0M\">nad<\/span> <span class=\"highlight-E0id1 highlight-E0M\">Nisou<\/span>, v <span class=\"highlight-E0id8 highlight-E0M\">Plzni<\/span> a <span class=\"highlight-E0id3 highlight-E0M\">Zl\u00edn\u011b<\/span>, v\u00fdrobn\u00ed z\u00e1vody m\u00e1 ve <span class=\"highlight-E0id9 highlight-E0M\">Fr\u00fddlantu<\/span>, <span class=\"highlight-E0id1 highlight-E0M\">Jablonci<\/span> <span class=\"highlight-E0id1 highlight-E0M\">nad<\/span> <span class=\"highlight-E0id1 highlight-E0M\">Nisou<\/span>, <span class=\"highlight-E0id2 highlight-E0M\">Kl\u00e1\u0161terci<\/span> <span class=\"highlight-E0id2 highlight-E0M\">nad<\/span> <span class=\"highlight-E0id2 highlight-E0M\">Oh\u0159\u00ed<\/span>, Sta\u0148kov\u011b, <span class=\"highlight-E0id5 highlight-E0M\">Star\u00e9<\/span> <span class=\"highlight-E0id5 highlight-E0M\">Boleslavi<\/span> a <span class=\"highlight-E0id6 highlight-E0M\">\u017datci<\/span>.<\/p>\n<p>Zdroj: ZF, echo24, Autoweek<\/p>\n<p><img loading=\"lazy\" decoding=\"async\" class=\"alignnone size-medium wp-image-16853\" src=\"http:\/\/www.automakers.cz\/wp-content\/uploads\/2025\/10\/Krize-dodavatelu-autoweek-675x900.jpg\" alt=\"\" width=\"675\" height=\"900\" srcset=\"https:\/\/www.automakers.cz\/wp-content\/uploads\/2025\/10\/Krize-dodavatelu-autoweek-675x900.jpg 675w, https:\/\/www.automakers.cz\/wp-content\/uploads\/2025\/10\/Krize-dodavatelu-autoweek.jpg 750w\" sizes=\"auto, (max-width: 675px) 100vw, 675px\" \/><\/p>\n","protected":false},"excerpt":{"rendered":"<p>ZF Friedrichshafen ru\u0161\u00ed 7 600 pracovn\u00edch m\u00edst ve sv\u00e9 divizi elektrifikovan\u00fdch pohon\u016f, aby se vypo\u0159\u00e1dala&#8230;<\/p>\n","protected":false},"author":1,"featured_media":11863,"comment_status":"closed","ping_status":"closed","sticky":false,"template":"","format":"standard","meta":{"footnotes":""},"categories":[23,31,53],"tags":[],"class_list":["post-16851","post","type-post","status-publish","format-standard","has-post-thumbnail","hentry","category-dodavatele","category-news","category-vysledky"],"_links":{"self":[{"href":"https:\/\/www.automakers.cz\/index.php?rest_route=\/wp\/v2\/posts\/16851","targetHints":{"allow":["GET"]}}],"collection":[{"href":"https:\/\/www.automakers.cz\/index.php?rest_route=\/wp\/v2\/posts"}],"about":[{"href":"https:\/\/www.automakers.cz\/index.php?rest_route=\/wp\/v2\/types\/post"}],"author":[{"embeddable":true,"href":"https:\/\/www.automakers.cz\/index.php?rest_route=\/wp\/v2\/users\/1"}],"replies":[{"embeddable":true,"href":"https:\/\/www.automakers.cz\/index.php?rest_route=%2Fwp%2Fv2%2Fcomments&post=16851"}],"version-history":[{"count":3,"href":"https:\/\/www.automakers.cz\/index.php?rest_route=\/wp\/v2\/posts\/16851\/revisions"}],"predecessor-version":[{"id":16860,"href":"https:\/\/www.automakers.cz\/index.php?rest_route=\/wp\/v2\/posts\/16851\/revisions\/16860"}],"wp:featuredmedia":[{"embeddable":true,"href":"https:\/\/www.automakers.cz\/index.php?rest_route=\/wp\/v2\/media\/11863"}],"wp:attachment":[{"href":"https:\/\/www.automakers.cz\/index.php?rest_route=%2Fwp%2Fv2%2Fmedia&parent=16851"}],"wp:term":[{"taxonomy":"category","embeddable":true,"href":"https:\/\/www.automakers.cz\/index.php?rest_route=%2Fwp%2Fv2%2Fcategories&post=16851"},{"taxonomy":"post_tag","embeddable":true,"href":"https:\/\/www.automakers.cz\/index.php?rest_route=%2Fwp%2Fv2%2Ftags&post=16851"}],"curies":[{"name":"wp","href":"https:\/\/api.w.org\/{rel}","templated":true}]}}