{"id":16861,"date":"2025-10-07T06:28:52","date_gmt":"2025-10-07T06:28:52","guid":{"rendered":"https:\/\/www.automakers.cz\/?p=16861"},"modified":"2025-10-07T06:28:52","modified_gmt":"2025-10-07T06:28:52","slug":"ds-partnerem-paris-fashion-week","status":"publish","type":"post","link":"https:\/\/www.automakers.cz\/?p=16861","title":{"rendered":"DS partnerem Paris Fashion Week"},"content":{"rendered":"<p><strong>DS Automobiles obnovuje svou podporu T\u00fddn\u016f pa\u0159\u00ed\u017esk\u00e9 m\u00f3dy. DS N\u00b08, symbol francouzsk\u00e9 excelence v r\u00e1mci Art of Travel, se st\u00e1v\u00e1 ofici\u00e1ln\u00edm vozem PARIS FASHION WEEK\u00ae.<\/strong><!--more--><\/p>\n<p>Speci\u00e1ln\u00ed flotila 20 voz\u016f DS N\u00b08 s logem PARIS FASHION WEEK\u00ae bude defilovat ulicemi Pa\u0159\u00ed\u017ee na t\u00fddnu m\u00f3dy D\u00e1msk\u00e1 m\u00f3da jaro\/l\u00e9to 2026, kter\u00fd se bude konat od 29. z\u00e1\u0159\u00ed do 7. \u0159\u00edjna.<\/p>\n<p>&#8222;DS Automobiles a PARIS FASHION WEEK:\u00ae DS N\u00b08 se dost\u00e1v\u00e1 do centra pozornosti a doprov\u00e1z\u00ed m\u00f3dn\u00ed p\u0159ehl\u00eddky v nejkr\u00e1sn\u011bj\u0161\u00edch ulic\u00edch Pa\u0159\u00ed\u017ee b\u011bhem t\u00e9to m\u00f3dn\u00ed ud\u00e1losti, kterou mus\u00edte nav\u0161t\u00edvit, kreativitou, designem a avantgardou,&#8220; \u0159\u00edk\u00e1 Xavier Peugeot, gener\u00e1ln\u00ed \u0159editel spole\u010dnosti DS Automobiles.<\/p>\n<p><strong>Z\u00e1\u017eitek pro velk\u00e9 m\u00f3dn\u00ed hity<\/strong><\/p>\n<p>Vozy\u00ae DS N\u00b08 se 100% elektrick\u00fdm pohonem a pohonem dvou nebo \u010dty\u0159 kol pot\u011b\u0161\u00ed sv\u00e9 cestuj\u00edc\u00ed komplexn\u00edm komfortem, kultivovanost\u00ed a technikou.<\/p>\n<p>Kokpit vozu DS N\u00b08 d\u00e1le propojuje automobily DS se sv\u011btem m\u00f3dy pomoc\u00ed materi\u00e1l\u016f a povrchov\u00fdch \u00faprav interi\u00e9ru, jako je perlov\u00e9 pro\u0161\u00edv\u00e1n\u00ed, reli\u00e9fn\u00ed zdoben\u00ed Clous de Paris a povrchov\u00e1 \u00faprava sedadel v podob\u011b \u0159em\u00ednku hodinek. V\u0161echny tyto dovednosti, kter\u00e9 lze nal\u00e9zt pouze ve vozech spole\u010dnosti DS Automobiles, zde nach\u00e1zej\u00ed zvl\u00e1\u0161tn\u00ed rezonanci a zd\u016fraz\u0148uj\u00ed avantgardn\u00ed povahu spole\u010dnosti DS Automobiles.<\/p>\n<p><strong>Zdroj: Martina Bedrnov\u00e1<\/strong><\/p>\n<p><img loading=\"lazy\" decoding=\"async\" class=\"alignnone wp-image-10831\" src=\"http:\/\/www.automakers.cz\/wp-content\/uploads\/2025\/02\/DS-Automobiles-logo.jpeg\" alt=\"\" width=\"987\" height=\"554\" \/><\/p>\n","protected":false},"excerpt":{"rendered":"<p>DS Automobiles obnovuje svou podporu T\u00fddn\u016f pa\u0159\u00ed\u017esk\u00e9 m\u00f3dy. DS N\u00b08, symbol francouzsk\u00e9 excelence v r\u00e1mci&#8230;<\/p>\n","protected":false},"author":2,"featured_media":16862,"comment_status":"closed","ping_status":"closed","sticky":false,"template":"","format":"standard","meta":{"footnotes":""},"categories":[13,9,26,8],"tags":[],"class_list":["post-16861","post","type-post","status-publish","format-standard","has-post-thumbnail","hentry","category-design","category-elektromobily","category-eventy","category-vystavy"],"_links":{"self":[{"href":"https:\/\/www.automakers.cz\/index.php?rest_route=\/wp\/v2\/posts\/16861","targetHints":{"allow":["GET"]}}],"collection":[{"href":"https:\/\/www.automakers.cz\/index.php?rest_route=\/wp\/v2\/posts"}],"about":[{"href":"https:\/\/www.automakers.cz\/index.php?rest_route=\/wp\/v2\/types\/post"}],"author":[{"embeddable":true,"href":"https:\/\/www.automakers.cz\/index.php?rest_route=\/wp\/v2\/users\/2"}],"replies":[{"embeddable":true,"href":"https:\/\/www.automakers.cz\/index.php?rest_route=%2Fwp%2Fv2%2Fcomments&post=16861"}],"version-history":[{"count":4,"href":"https:\/\/www.automakers.cz\/index.php?rest_route=\/wp\/v2\/posts\/16861\/revisions"}],"predecessor-version":[{"id":16885,"href":"https:\/\/www.automakers.cz\/index.php?rest_route=\/wp\/v2\/posts\/16861\/revisions\/16885"}],"wp:featuredmedia":[{"embeddable":true,"href":"https:\/\/www.automakers.cz\/index.php?rest_route=\/wp\/v2\/media\/16862"}],"wp:attachment":[{"href":"https:\/\/www.automakers.cz\/index.php?rest_route=%2Fwp%2Fv2%2Fmedia&parent=16861"}],"wp:term":[{"taxonomy":"category","embeddable":true,"href":"https:\/\/www.automakers.cz\/index.php?rest_route=%2Fwp%2Fv2%2Fcategories&post=16861"},{"taxonomy":"post_tag","embeddable":true,"href":"https:\/\/www.automakers.cz\/index.php?rest_route=%2Fwp%2Fv2%2Ftags&post=16861"}],"curies":[{"name":"wp","href":"https:\/\/api.w.org\/{rel}","templated":true}]}}