{"id":16865,"date":"2025-10-07T06:31:00","date_gmt":"2025-10-07T06:31:00","guid":{"rendered":"https:\/\/www.automakers.cz\/?p=16865"},"modified":"2025-10-07T06:31:00","modified_gmt":"2025-10-07T06:31:00","slug":"elektricka-kia-ev5-se-chysta-na-cesky-trh","status":"publish","type":"post","link":"https:\/\/www.automakers.cz\/?p=16865","title":{"rendered":"Elektrick\u00e1 Kia EV5 se chyst\u00e1 na \u010desk\u00fd trh"},"content":{"rendered":"<div class=\"perex\">\n<p><strong>Kia roz\u0161i\u0159uje nab\u00eddku elektromobil\u016f na \u010desk\u00e9m trhu na dev\u011bt model\u016f. Nov\u00e1 EV5 je kompaktn\u00ed SUV navr\u017een\u00e9 podle automobilky na pot\u0159eby mlad\u00fdch rodin a evropsk\u00fdch z\u00e1kazn\u00edk\u016f. Prvn\u00ed vozy doraz\u00ed k \u010desk\u00fdm dealer\u016fm na p\u0159elomu roku.<\/strong><\/p>\n<\/div>\n<p><!--more--><\/p>\n<div class=\"text\">\n<p>Kia EV5 zapl\u0148uje mezeru mezi modely Sportage a Sorento \u2013 sv\u00fdmi rozm\u011bry (4610 \u00d7 1875 \u00d7 1675 mm; d\u2013\u0161\u2013v) i charakterem spojuje to nejlep\u0161\u00ed ze segment\u016f C-SUV a D-SUV. V\u016fz stoj\u00ed na modul\u00e1rn\u00ed platform\u011b E-GMP se 400V architekturou a d\u00e1le p\u0159ibli\u017euje strategii zna\u010dky Kia uv\u00e9st do roku 2027 na evropsk\u00fd trh celkem 14 model\u016f s \u010dist\u011b elektrick\u00fdm pohonem. Z\u00e1kazn\u00edci si mohou novou EV5 objednat u v\u0161ech autorizovan\u00fdch dealer\u016f Kia ji\u017e nyn\u00ed, p\u0159i\u010dem\u017e prvn\u00ed vozy doraz\u00ed do \u010cesk\u00e9 republiky na p\u0159elomu roku.<\/p>\n<p><strong>V\u00fdbavy, motorizace a\u00a0ceny<\/strong><\/p>\n<p>Z\u00e1jemci o\u00a0novou EV5 mohou vyb\u00edrat ze t\u0159\u00ed v\u00fdbavov\u00fdch verz\u00ed:\u00a0<strong>Air<\/strong>,\u00a0<strong>LAUNCH EDITION<\/strong>\u00a0a\u00a0<strong>GT-Line<\/strong>. V\u0161echny varianty disponuj\u00ed synchronn\u00edm elektromotorem o v\u00fdkonu 217 kon\u00ed (160 kW), pohonem p\u0159edn\u00edch kol a akumul\u00e1torem s kapacitou 81,4 kWh. V z\u00e1vislosti na v\u00fdbav\u011b dosahuje v\u016fz dojezdu a\u017e 530 kilometr\u016f podle metodiky WLTP. V\u0161echny varianty podporuj\u00ed dob\u00edjen\u00ed z 10 na 80 % za 30 minut.<\/p>\n<p>Z\u00e1kladn\u00ed cena modelu EV5 ve\u00a0specifikaci Air za\u010d\u00edn\u00e1 na\u00a0<strong>1 094 980 K\u010d<\/strong>. LAUNCH EDITION je k\u00a0dispozici od\u00a0<strong>1 184 980 K\u010d<\/strong>\u00a0a\u00a0nejvy\u0161\u0161\u00ed verze GT-Line startuje na\u00a0\u010d\u00e1stce\u00a0<strong>1 284 980 K\u010d<\/strong>. V\u00a0cen\u011b je aktualizace naviga\u010dn\u00edch podklad\u016f po\u00a0dobu 7 let a\u00a0dob\u00edjec\u00ed kabel zdarma.<\/p>\n<p><img loading=\"lazy\" decoding=\"async\" class=\"alignnone wp-image-16869\" src=\"http:\/\/www.automakers.cz\/wp-content\/uploads\/2025\/10\/kia-EV5-gtline-my26-static-digital-1920x1080-3-900x506.jpg\" alt=\"\" width=\"1039\" height=\"584\" \/><\/p>\n<p><strong>Design<\/strong><\/p>\n<p>EV5 pokra\u010duje v\u00a0charakteristick\u00e9m designu Kia \u201eSpojen\u00e9 protiklady\u201c p\u0159izp\u016fsoben\u00e9m preferenc\u00edm evropsk\u00fdch z\u00e1kazn\u00edk\u016f. Kombinuje robustn\u00ed vzhled SUV s\u00a0\u010dist\u00fdmi liniemi a\u00a0eleganc\u00ed elektrick\u00e9 mobility. Hranat\u00e1 silueta karoserie disponuje v\u00fdrazn\u00fdm zadn\u00edm D-sloupkem, geometrick\u00fdmi proporcemi a\u00a0sv\u011bteln\u00fdm podpisem ve\u00a0stylu \u201ehv\u011bzdn\u00e9 mapy\u201c v\u00a0p\u0159edn\u00edch i\u00a0zadn\u00edch sv\u011btlech.<\/p>\n<p>Design i rozm\u011bry vozu podporuj\u00ed prostornost interi\u00e9ru a z\u00e1rove\u0148 podtrhuj\u00ed SUV charakter s v\u00fdrazn\u00fdmi blatn\u00edky a vysokou lini\u00ed kapoty. U variant Air a LAUNCH EDITION budou standardn\u011b k dispozici kola o pr\u016fm\u011bru 18\u201c. Sportovn\u011bj\u0161\u00ed varianta GT-Line standardn\u011b vyu\u017e\u00edv\u00e1 19&#8243; kola.<\/p>\n<p><strong>Interi\u00e9r<\/strong><\/p>\n<p>Interi\u00e9r modelu EV5 byl navr\u017een s\u00a0d\u016frazem na\u00a0funk\u010dnost, variabilitu a\u00a0ka\u017edodenn\u00ed pou\u017eitelnost. Zadn\u00ed sedadla lze sklopit do\u00a0vodorovn\u00e9 polohy a\u00a0vytvo\u0159it tak\u00a0lo\u017enou plochu o\u00a0d\u00e9lce a\u017e\u00a0dva metry a\u00a0celkov\u00fd \u00falo\u017en\u00fd prostor o\u00a0objemu 1650 litr\u016f. Objem zavazadlov\u00e9ho prostoru v\u00a0z\u00e1kladn\u00edm rozlo\u017een\u00ed \u010din\u00ed 566 litr\u016f. P\u0159edn\u00ed kufr um\u00edst\u011bn\u00fd pod\u00a0kapotu vozu disponuje objemem 44 litr\u016f.<\/p>\n<p>Kabina EV5 kombinuje vizu\u00e1ln\u00ed \u010distotu s funk\u010dnost\u00ed. Panoramatick\u00fd \u0161iroko\u00fahl\u00fd displej integruje 12,3&#8243; digit\u00e1ln\u00ed p\u0159\u00edstrojov\u00fd \u0161t\u00edt, 12,3&#8243; obrazovku infotainmentu a 5,3&#8243; dotykov\u00fd panel klimatizace. Rozhran\u00ed dopl\u0148uje n\u011bkolik ergonomicky rozm\u00edst\u011bn\u00fdch tla\u010d\u00edtek v\u010detn\u011b nab\u00eddky A\/C dvouz\u00f3nov\u00e9 klimatizace.<\/p>\n<p>Pocit dom\u00e1c\u00edho pohodl\u00ed umoc\u0148uj\u00ed vedle audiosyst\u00e9mu Harman Kardon i sedadla s mas\u00e1\u017en\u00ed funkc\u00ed, vyh\u0159\u00edv\u00e1n\u00edm, ventilac\u00ed a nastavitelnou bedern\u00ed op\u011brkou. D\u016fraz na udr\u017eitelnost pak podtrhuj\u00ed pou\u017eit\u00e9 materi\u00e1ly, jako jsou recyklovan\u00fd polyetylen v sedadlech a koberc\u00edch, bio p\u011bna ve v\u00fdpln\u00edch a laky bez BTX v oblo\u017een\u00ed dve\u0159\u00ed.<\/p>\n<p><img loading=\"lazy\" decoding=\"async\" class=\"alignnone wp-image-16870\" src=\"http:\/\/www.automakers.cz\/wp-content\/uploads\/2025\/10\/kia-EV5-baseline-my26-interior-digital-1920x1080-5-900x506.jpg\" alt=\"\" width=\"946\" height=\"532\" \/><\/p>\n<p><strong>Konektivita a\u00a0chytr\u00e9 technologie: pr\u016fb\u011b\u017en\u00e1 inovace funkc\u00ed a\u00a0dob\u00edjen\u00ed spot\u0159ebi\u010d\u016f<\/strong><\/p>\n<p>EV5 je vybavena syst\u00e9mem Kia ccNC (Connected Car Navigation Cockpit), kter\u00fd p\u0159in\u00e1\u0161\u00ed digit\u00e1ln\u00ed prost\u0159ed\u00ed s mo\u017enost\u00ed pr\u016fb\u011b\u017en\u00fdch aktualizac\u00ed. Prost\u0159ednictv\u00edm technologie OTA (over the air) a platformy Kia Upgrades tak m\u016f\u017ee vozidlo z\u00edsk\u00e1vat nov\u00e9 funkce a slu\u017eby i po zakoupen\u00ed.<\/p>\n<p>Mezi\u00a0chytr\u00e9 funkce vozu pat\u0159\u00ed mimo\u00a0jin\u00e9 naviga\u010dn\u00ed syst\u00e9m s\u00a0online mapami, kter\u00fd\u00a0je pravideln\u011b aktualizov\u00e1n ka\u017ed\u00e9 \u010dty\u0159i t\u00fddny, nebo\u00a0digit\u00e1ln\u00ed kl\u00ed\u010d druh\u00e9 generace Digital Key 2.0, je\u017e umo\u017e\u0148uje mimo\u00a0jin\u00e9 startov\u00e1n\u00ed vozu i\u00a0pomoc\u00ed otisku prstu.<\/p>\n<p>Ovl\u00e1d\u00e1n\u00ed EV5 jedn\u00edm ped\u00e1lem zaji\u0161\u0165uje syst\u00e9m i Pedal 3.0 a efektivn\u00ed rekuperaci energie podporuje syst\u00e9m Smart Regeneration System Plus. Ten na z\u00e1klad\u011b dat z navigace dok\u00e1\u017ee nap\u0159\u00edklad p\u0159i dojezdu ke k\u0159i\u017eovatce nebo p\u0159i zm\u011bn\u00e1ch rychlostn\u00edch limit\u016f automaticky p\u0159izp\u016fsobit m\u00edru rekuperace. Zachov\u00e1n\u00ed dojezdu i p\u0159i nep\u0159\u00edzniv\u00fdch klimatick\u00fdch podm\u00ednk\u00e1ch pak podporuje nov\u00e1 generace syst\u00e9mu oh\u0159evu a chlazen\u00ed akumul\u00e1toru.<\/p>\n<p>D\u00edky\u00a0funkci V2L (Vehicle to Load) s\u00a0v\u00fdkonem a\u017e\u00a03,6 kW lze z\u00a0EV5 nap\u00e1jet extern\u00ed spot\u0159ebi\u010de bu\u010f\u00a0p\u0159es\u00a0vnit\u0159n\u00ed z\u00e1suvku, nebo\u00a0pomoc\u00ed extern\u00edho adapt\u00e9ru. V\u016fz je rovn\u011b\u017e p\u0159ipraven na\u00a0budouc\u00ed vyu\u017eit\u00ed technologie V2G (Vehicle to Grid), kter\u00e1\u00a0umo\u017en\u00ed vracet elekt\u0159inu z\u00a0vozidla zp\u011bt do\u00a0s\u00edt\u011b.<\/p>\n<p><strong>Bezpe\u010dnost a\u00a0asistenti: technologie pro\u00a0klidnou j\u00edzdu<\/strong><\/p>\n<p>Kia EV5 nab\u00edz\u00ed komplexn\u00ed sadu bezpe\u010dnostn\u00edch a\u00a0asisten\u010dn\u00edch technologi\u00ed, kter\u00e9\u00a0reflektuj\u00ed pot\u0159eby evropsk\u00fdch z\u00e1kazn\u00edk\u016f a\u00a0posouvaj\u00ed la\u0165ku v\u00a0segmentu rodinn\u00fdch elektromobil\u016f. Ji\u017e ve\u00a0standardn\u00ed v\u00fdbav\u011b obsahuje \u0161irokou paletu prvk\u016f aktivn\u00ed i\u00a0pasivn\u00ed bezpe\u010dnosti:<\/p>\n<ul>\n<li>Sedm airbag\u016f v\u010detn\u011b st\u0159edov\u00e9ho centr\u00e1ln\u00edho airbagu<\/li>\n<li>Aktivn\u00ed syst\u00e9m pro\u00a0j\u00edzdu v\u00a0pruz\u00edch (LKA) a\u00a0asistent n\u00e1sledov\u00e1n\u00ed v\u00a0j\u00edzdn\u00edm pruhu (LFA II)<\/li>\n<li>Multikolizn\u00ed brzdov\u00fd asistent (MCBA)<\/li>\n<li>Roz\u0161\u00ed\u0159en\u00fd syst\u00e9m autonomn\u00edho nouzov\u00e9ho brzd\u011bn\u00ed FCA-JX II<\/li>\n<li>Pokro\u010dil\u00fd adaptivn\u00ed tempomat SCC 2 s\u00a0funkc\u00ed Stop &amp; Go<\/li>\n<li>Roz\u0161\u00ed\u0159en\u00fd asistent pro\u00a0j\u00edzdu po\u00a0d\u00e1lnici s\u00a0asistentem pro\u00a0vybo\u010den\u00ed z\u00a0pruhu HDA II<\/li>\n<li>Inteligentn\u00ed ukazatel rychlostn\u00edch limit\u016f (ISLA)<\/li>\n<li>Automatick\u00e9 p\u0159ep\u00edn\u00e1n\u00ed d\u00e1lkov\u00fdch sv\u011btel (HBA)<\/li>\n<li>Syst\u00e9m sledov\u00e1n\u00ed mrtv\u00e9ho \u00fahlu s\u00a0asistentem pro\u00a0zamezen\u00ed zadn\u00edm koliz\u00edm (BCA-R)<\/li>\n<li>Zadn\u00ed parkovac\u00ed kameru a\u00a0parkovac\u00ed senzory vp\u0159edu i\u00a0vzadu<\/li>\n<li>Syst\u00e9m sledov\u00e1n\u00ed \u00fanavy \u0159idi\u010de (DAW) a\u00a0syst\u00e9m monitorov\u00e1n\u00ed stavu \u0159idi\u010de pomoc\u00ed kamery v\u00a0interi\u00e9ru vozidla (ICC-D)<\/li>\n<li>Syst\u00e9m ROA pro\u00a0upozorn\u011bn\u00ed na\u00a0p\u0159\u00edtomnost osob vzadu<\/li>\n<\/ul>\n<p><img loading=\"lazy\" decoding=\"async\" class=\"alignnone wp-image-16873\" src=\"http:\/\/www.automakers.cz\/wp-content\/uploads\/2025\/10\/kia-EV5-baseline-my26-interior-digital-1920x1080-4-900x506.jpg\" alt=\"\" width=\"976\" height=\"549\" \/><\/p>\n<p>Voliteln\u00fd paket EvoPark p\u0159id\u00e1v\u00e1 360\u00b0 monitorovac\u00ed syst\u00e9m (SVM), kamerov\u00e9ho asistenta sledov\u00e1n\u00ed slep\u00fdch \u00fahl\u016f BVM a\u00a0inteligentn\u00ed parkovac\u00ed asistent s\u00a0d\u00e1lkov\u00fdm ovl\u00e1d\u00e1n\u00edm RSPA II. K\u00a0dispozici je rovn\u011b\u017e asistent pro\u00a0zabr\u00e1n\u011bn\u00ed koliz\u00edm p\u0159i\u00a0parkov\u00e1n\u00ed PCA se senzory na\u00a0v\u0161ech stran\u00e1ch vozu.<\/p>\n<p><strong>Z\u00e1ruka a\u00a0servis:<\/strong><\/p>\n<p>Ka\u017ed\u00e1 Kia EV5 je standardn\u011b dod\u00e1v\u00e1na se:<\/p>\n<ul>\n<li>7letou z\u00e1rukou \/ 150 000 km, prvn\u00ed 3 roky bez\u00a0omezen\u00ed kilometr\u016f<\/li>\n<li>7 lety bezplatn\u00fdch aktualizac\u00ed navigace<\/li>\n<li>7 lety asisten\u010dn\u00edch slu\u017eeb Kia v\u00a0cel\u00e9 EU<\/li>\n<li>8letou z\u00e1ruku \/ 160\u00a0000 km na\u00a0vysokonap\u011b\u0165ov\u00fd akumul\u00e1tor, v\u010detn\u011b garance 70 % p\u016fvodn\u00ed kapacity<\/li>\n<\/ul>\n<p><img loading=\"lazy\" decoding=\"async\" class=\"alignnone wp-image-16872\" src=\"http:\/\/www.automakers.cz\/wp-content\/uploads\/2025\/10\/kia-EV5-gtline-my26-static-digital-1920x1080-2-900x506.jpg\" alt=\"\" width=\"991\" height=\"557\" \/><\/p>\n<\/div>\n","protected":false},"excerpt":{"rendered":"<p>Kia roz\u0161i\u0159uje nab\u00eddku elektromobil\u016f na \u010desk\u00e9m trhu na dev\u011bt model\u016f. Nov\u00e1 EV5 je kompaktn\u00ed SUV&#8230;<\/p>\n","protected":false},"author":2,"featured_media":16868,"comment_status":"closed","ping_status":"closed","sticky":false,"template":"","format":"standard","meta":{"footnotes":""},"categories":[37,17,13,9],"tags":[],"class_list":["post-16865","post","type-post","status-publish","format-standard","has-post-thumbnail","hentry","category-ceny-novinek","category-dealeri","category-design","category-elektromobily"],"_links":{"self":[{"href":"https:\/\/www.automakers.cz\/index.php?rest_route=\/wp\/v2\/posts\/16865","targetHints":{"allow":["GET"]}}],"collection":[{"href":"https:\/\/www.automakers.cz\/index.php?rest_route=\/wp\/v2\/posts"}],"about":[{"href":"https:\/\/www.automakers.cz\/index.php?rest_route=\/wp\/v2\/types\/post"}],"author":[{"embeddable":true,"href":"https:\/\/www.automakers.cz\/index.php?rest_route=\/wp\/v2\/users\/2"}],"replies":[{"embeddable":true,"href":"https:\/\/www.automakers.cz\/index.php?rest_route=%2Fwp%2Fv2%2Fcomments&post=16865"}],"version-history":[{"count":6,"href":"https:\/\/www.automakers.cz\/index.php?rest_route=\/wp\/v2\/posts\/16865\/revisions"}],"predecessor-version":[{"id":16887,"href":"https:\/\/www.automakers.cz\/index.php?rest_route=\/wp\/v2\/posts\/16865\/revisions\/16887"}],"wp:featuredmedia":[{"embeddable":true,"href":"https:\/\/www.automakers.cz\/index.php?rest_route=\/wp\/v2\/media\/16868"}],"wp:attachment":[{"href":"https:\/\/www.automakers.cz\/index.php?rest_route=%2Fwp%2Fv2%2Fmedia&parent=16865"}],"wp:term":[{"taxonomy":"category","embeddable":true,"href":"https:\/\/www.automakers.cz\/index.php?rest_route=%2Fwp%2Fv2%2Fcategories&post=16865"},{"taxonomy":"post_tag","embeddable":true,"href":"https:\/\/www.automakers.cz\/index.php?rest_route=%2Fwp%2Fv2%2Ftags&post=16865"}],"curies":[{"name":"wp","href":"https:\/\/api.w.org\/{rel}","templated":true}]}}