{"id":16876,"date":"2025-10-07T06:26:06","date_gmt":"2025-10-07T06:26:06","guid":{"rendered":"https:\/\/www.automakers.cz\/?p=16876"},"modified":"2025-10-07T06:26:06","modified_gmt":"2025-10-07T06:26:06","slug":"ferrari-ovladlo-soutez-elegance-v-moste","status":"publish","type":"post","link":"https:\/\/www.automakers.cz\/?p=16876","title":{"rendered":"Ferrari ovl\u00e1dlo sout\u011b\u017e elegance v Most\u011b"},"content":{"rendered":"<p><b>Na t\u0159et\u00ed ro\u010dn\u00edk The Most CLASSIC i p\u0159es nep\u0159\u00edze\u0148 po\u010das\u00ed dorazilo na Autodrom Most t\u00e9m\u011b\u0159 deset tis\u00edc n\u00e1v\u0161t\u011bvn\u00edk\u016f, kte\u0159\u00ed obdivovali v\u00edce ne\u017e 500 vystaven\u00fdch a \u00fa\u010dastnick\u00fdch voz\u016f a p\u0159es 120 z\u00e1vodn\u00edch speci\u00e1l\u016f s\u00e9rie Histo Cup.<\/b><!--more--><\/p>\n<p>Vrchol dne pat\u0159il\u00a0Sout\u011b\u017ei elegance, kterou ovl\u00e1dlo\u00a0Ferrari 275 GTB (1965)\u00a0ze sb\u00edrky\u00a0Ji\u0159\u00edho Sud\u00edka. Na druh\u00e9m m\u00edst\u011b skon\u010dil\u00a0Citro\u00ebn DS 19 Cabriolet Chapron (1963)\u00a0majitele\u00a0Ladislava Karase, t\u0159et\u00ed m\u00edsto z\u00edskal\u00a0Jaguar Mk X (1964)\u00a0\u00a0Josefa a Sebasti\u00e1na \u0160m\u00eddov\u00fdch. Cenu\u00a0Srdcovka, kter\u00e1 oce\u0148uje vozy s v\u00fdrazn\u00fdm charakterem, p\u0159\u00edb\u011bhem a p\u00e9\u010d\u00ed majitele, si letos odnesl\u00a0Fiat 130 Berlina majitele\u00a0Jana Pi\u010dkara.<\/p>\n<p><b>The Most CLASSIC<\/b>\u00a0je festival, kde se klasick\u00e1 auta nejen vystavuj\u00ed, ale p\u0159edev\u0161\u00edm jezd\u00ed \u2013 po z\u00e1vodn\u00edm okruhu, na polygonu i v r\u00e1mci scenic drive Kru\u0161n\u00fdmi horami. Akce kombinuje v\u00fdstavu, z\u00e1vody a setk\u00e1n\u00ed sb\u011bratel\u016f, majitel\u016f i fanou\u0161k\u016f automobilov\u00e9 historie.<\/p>\n<p><img loading=\"lazy\" decoding=\"async\" class=\"alignnone wp-image-16878\" src=\"http:\/\/www.automakers.cz\/wp-content\/uploads\/2025\/10\/Ferrari-ovladlo-soutez-elegance-2-900x600.jpg\" alt=\"\" width=\"962\" height=\"641\" \/><\/p>\n<p>Na velk\u00e9 dr\u00e1ze se po cel\u00fd den odehr\u00e1valy\u00a0<b>z\u00e1vody mezin\u00e1rodn\u00ed s\u00e9rie Histo Cup<\/b>, zat\u00edmco na polygonu prob\u00edhaly\u00a0<b>j\u00edzdy pravidelnosti, voln\u00e9 j\u00edzdy pro ve\u0159ejnost a testovac\u00ed j\u00edzdy<\/b>\u00a0nejnov\u011bj\u0161\u00edch model\u016f zna\u010dek\u00a0<b>Peugeot, Citro\u00ebn, Opel, Nissan, Mitsubishi, MG, Toyota, Subaru a Cupra<\/b>. Zna\u010dka\u00a0<b>\u0160koda Auto \u010cesk\u00e1 republika<\/b>, dlouholet\u00fd partner akce, p\u0159edstavila trojici ikon:\u00a0<b>\u0160kodu 130 RS<\/b>,\u00a0<b>Fabii RS Rally2<\/b>\u00a0a zcela elektrickou\u00a0<b>\u0160kodu Elroq<\/b>, se kterou se n\u00e1v\u0161t\u011bvn\u00edci mohli i osobn\u011b sv\u00e9zt.<\/p>\n<p><b>Sout\u011b\u017e elegance a ocen\u011bn\u00e9 vozy<\/b><\/p>\n<p>\u201eFerrari 275 GTB je dokonal\u00fdm p\u0159\u00edkladem toho, jak m\u016f\u017ee spojen\u00ed kr\u00e1sy, techniky a historie vytvo\u0159it naprostou ikonu. V\u016fz Ji\u0159\u00edho Sud\u00edka m\u00e1 nejen p\u016fvodn\u00ed stav, ale zachycuje perfektn\u011b i ducha doby \u2013 a to je to, co v Sout\u011b\u017ei elegance hled\u00e1me,\u201c uvedl za porotu\u00a0<b>Radek Laube<\/b>\u00a0z Autodromu Most.<\/p>\n<p>Cena\u00a0<b>Srdcovka<\/b>\u00a0byla jednou z\u00a0novinek leto\u0161n\u00edho ro\u010dn\u00edku, kterou ud\u011bluje gener\u00e1ln\u00ed \u0159editel Autodromu Most\u00a0<b>Josef Zaj\u00ed\u010dek<\/b>. Letos ji z\u00edskal\u00a0<b>Fiat 130 Berlina<\/b>, kter\u00fd sice nepat\u0159\u00ed mezi tak vz\u00e1cn\u00e9 vozy jako Ferrari, ale porotu okouzlil svou osobnost\u00ed, designem a zachoval\u00fdm stavem.<\/p>\n<p><img loading=\"lazy\" decoding=\"async\" class=\"alignnone wp-image-16879\" src=\"http:\/\/www.automakers.cz\/wp-content\/uploads\/2025\/10\/Fiat-130-Berlina-900x600.jpg\" alt=\"\" width=\"989\" height=\"659\" \/><\/p>\n<p>\u201eSrdcovka nen\u00ed o exkluzivit\u011b, ale o stylu a charakteru. Cht\u011bli jsme tak\u00e9 uk\u00e1zat, \u017ee cenu od n\u00e1s mohou z\u00edskat i dostupn\u011bj\u0161\u00ed vozy a ocenit nad\u0161en\u00ed pro kr\u00e1sn\u00e9 automobily,\u201c doplnil\u00a0<b>Josef Zaj\u00ed\u010dek<\/b>.<\/p>\n<p>Leto\u0161n\u00ed ro\u010dn\u00edk si nenechaly uj\u00edt ani v\u00fdznamn\u00e9 osobnosti \u2013 mezi hosty byl mimo jin\u00e9\u00a0<b>velvyslanec Japonska v \u010cesk\u00e9 republice<\/b>, kter\u00fd si prohl\u00e9dl expozice i z\u00e1vody v paddocku. Sou\u010d\u00e1st\u00ed programu byla tak\u00e9\u00a0<b>premi\u00e9ra trasy vytrvalostn\u00ed j\u00edzdy Czech Oldtimer Express 2026<\/b>, kterou osobn\u011b p\u0159edstavil\u00a0<b>Josef Zaj\u00ed\u010dek<\/b>.<\/p>\n<p>Nadch\u00e1zej\u00edc\u00ed ro\u010dn\u00edk t\u00e9to mezin\u00e1rodn\u00ed j\u00edzdy se na ja\u0159e vyd\u00e1\u00a0<b>na jih It\u00e1lie<\/b>\u00a0a nav\u00e1\u017ee tak na tradici propojen\u00ed \u010desk\u00fdch a evropsk\u00fdch automobilov\u00fdch dobrodru\u017estv\u00ed. Festival doplnila i\u00a0<b>v\u00fdstava obraz\u016f finsk\u00e9ho automobilov\u00e9ho design\u00e9ra Antti Savia<\/b>, kter\u00fd na sv\u00fdch pl\u00e1tnech zachytil poetiku skandin\u00e1vsk\u00fdch benzinov\u00fdch pump 60.\u201380. let.<\/p>\n<p><img loading=\"lazy\" decoding=\"async\" class=\"alignnone wp-image-16880\" src=\"http:\/\/www.automakers.cz\/wp-content\/uploads\/2025\/10\/Ferrari-275-GTB-5-900x600.jpg\" alt=\"\" width=\"953\" height=\"635\" \/><b>The Most CLASSIC potvrzuje svou pozici<\/b><\/p>\n<p>Festival\u00a0<strong>The Most CLASSIC<\/strong>\u00a0se b\u011bhem t\u0159\u00ed let stal jedn\u00edm z nejv\u00fdrazn\u011bj\u0161\u00edch setk\u00e1n\u00ed milovn\u00edk\u016f klasick\u00fdch automobil\u016f v \u010cesk\u00e9 republice. Spojuje v\u00fdstavu, z\u00e1vody, testov\u00e1n\u00ed i spole\u010densk\u00fd program v atmosf\u00e9\u0159e, kde auta nejsou jen expon\u00e1ty \u2013 ale\u00a0<strong>\u017eiv\u00e9 stroje s p\u0159\u00edb\u011bhem<\/strong>.<\/p>\n<p>\u201eLetos bylo skv\u011bl\u00e9 vid\u011bt tolik kr\u00e1sn\u00fdch aut, tolik nad\u0161en\u00ed a opravdov\u00e9 v\u00e1\u0161n\u011b pro auta i kulturu kolem nich. The Most CLASSIC je, jako ka\u017ed\u00fd spr\u00e1vn\u00fd event tohoto typu, hlavn\u011b o lidech \u2013 a letos ta atmosf\u00e9ra byla opravdu mimo\u0159\u00e1dn\u00e1. D\u011bkujeme v\u0161em partner\u016fm, \u00fa\u010dastn\u00edk\u016fm i div\u00e1k\u016fm, kte\u0159\u00ed se stali sou\u010d\u00e1st\u00ed tohoto v\u00fdjime\u010dn\u00e9ho dne,\u201c uzav\u00edr\u00e1 za organiz\u00e1tory Radek Laube z Autodromu Most.<\/p>\n<p><img loading=\"lazy\" decoding=\"async\" class=\"alignnone wp-image-16881\" src=\"http:\/\/www.automakers.cz\/wp-content\/uploads\/2025\/10\/Ferrari-ovladlo-soutez-elegance-3-900x600.jpg\" alt=\"\" width=\"992\" height=\"661\" \/><\/p>\n","protected":false},"excerpt":{"rendered":"<p>Na t\u0159et\u00ed ro\u010dn\u00edk The Most CLASSIC i p\u0159es nep\u0159\u00edze\u0148 po\u010das\u00ed dorazilo na Autodrom Most t\u00e9m\u011b\u0159&#8230;<\/p>\n","protected":false},"author":2,"featured_media":16877,"comment_status":"closed","ping_status":"closed","sticky":false,"template":"","format":"standard","meta":{"footnotes":""},"categories":[13,26,19,8],"tags":[],"class_list":["post-16876","post","type-post","status-publish","format-standard","has-post-thumbnail","hentry","category-design","category-eventy","category-motorsport","category-vystavy"],"_links":{"self":[{"href":"https:\/\/www.automakers.cz\/index.php?rest_route=\/wp\/v2\/posts\/16876","targetHints":{"allow":["GET"]}}],"collection":[{"href":"https:\/\/www.automakers.cz\/index.php?rest_route=\/wp\/v2\/posts"}],"about":[{"href":"https:\/\/www.automakers.cz\/index.php?rest_route=\/wp\/v2\/types\/post"}],"author":[{"embeddable":true,"href":"https:\/\/www.automakers.cz\/index.php?rest_route=\/wp\/v2\/users\/2"}],"replies":[{"embeddable":true,"href":"https:\/\/www.automakers.cz\/index.php?rest_route=%2Fwp%2Fv2%2Fcomments&post=16876"}],"version-history":[{"count":2,"href":"https:\/\/www.automakers.cz\/index.php?rest_route=\/wp\/v2\/posts\/16876\/revisions"}],"predecessor-version":[{"id":16883,"href":"https:\/\/www.automakers.cz\/index.php?rest_route=\/wp\/v2\/posts\/16876\/revisions\/16883"}],"wp:featuredmedia":[{"embeddable":true,"href":"https:\/\/www.automakers.cz\/index.php?rest_route=\/wp\/v2\/media\/16877"}],"wp:attachment":[{"href":"https:\/\/www.automakers.cz\/index.php?rest_route=%2Fwp%2Fv2%2Fmedia&parent=16876"}],"wp:term":[{"taxonomy":"category","embeddable":true,"href":"https:\/\/www.automakers.cz\/index.php?rest_route=%2Fwp%2Fv2%2Fcategories&post=16876"},{"taxonomy":"post_tag","embeddable":true,"href":"https:\/\/www.automakers.cz\/index.php?rest_route=%2Fwp%2Fv2%2Ftags&post=16876"}],"curies":[{"name":"wp","href":"https:\/\/api.w.org\/{rel}","templated":true}]}}