{"id":1689,"date":"2024-01-25T16:44:03","date_gmt":"2024-01-25T16:44:03","guid":{"rendered":"https:\/\/www.automakers.cz\/?p=1689"},"modified":"2024-01-25T17:01:13","modified_gmt":"2024-01-25T17:01:13","slug":"cesky-rolls-royce-hlasi-rekordni-rok","status":"publish","type":"post","link":"https:\/\/www.automakers.cz\/?p=1689","title":{"rendered":"\u010cesk\u00fd Rolls-Royce hl\u00e1s\u00ed rekordn\u00ed rok"},"content":{"rendered":"<p class=\"x_MsoNormal\"><strong>Mana\u017ee\u0159i Rolls-Royce Motor Cars Prague uzav\u0159eli rok 2023 s nejvy\u0161\u0161\u00edm ro\u010dn\u00edm prodejem ve sv\u00e9 historii a zak\u00e1zkov\u00fdmi \u00fapravami Bespoke na rekordn\u00ed \u00farovni.<\/strong><!--more--><\/p>\n<p class=\"x_MsoNormal\">Z\u00e1sadn\u00ed pro vynikaj\u00edc\u00ed v\u00fdsledky spole\u010dnosti jsou personaliza\u010dn\u00ed slu\u017eby na m\u00edru a schopnost splnit i p\u0159ekonat st\u00e1le rostouc\u00ed o\u010dek\u00e1v\u00e1n\u00ed klient\u016f. Zak\u00e1zkov\u00e9 \u00fapravy Bespoke obsahoval ka\u017ed\u00fd v\u016fz Rolls-Royce vloni prodan\u00fd v Praze.<\/p>\n<p class=\"x_MsoNormal\">Obchodn\u00ed rozvoj v regionu od \u0160umavy a\u017e po Vysok\u00e9 Tatry byl podpo\u0159en silnou popt\u00e1vkou klient\u016f po v\u0161ech modelech Rolls-Royce. Nej\u017e\u00e1dan\u011bj\u0161\u00edmi vozy se staly Cullinan a Ghost, v\u010detn\u011b verz\u00ed Black Badge. Vrcholn\u00fd model Phantom se t\u011b\u0161il trval\u00e9 popt\u00e1vce a v listopadu byl z\u00e1kazn\u00edkovi p\u0159ed\u00e1n rovn\u011b\u017e prvn\u00ed pln\u011b elektrick\u00fd v\u016fz Spectre.<\/p>\n<p class=\"x_MsoNormal\">Od otev\u0159en\u00ed dealerstv\u00ed v roce 2016 p\u0159ekonaly dod\u00e1vky nov\u00fdch model\u016f a pou\u017eit\u00fdch voz\u016f z\u00a0programu Provenance ji\u017e v\u00edce ne\u017e 300 automobil\u016f.<\/p>\n<p class=\"x_MsoNormal\">Program prov\u011b\u0159en\u00fdch voz\u016f z\u00a0druh\u00e9 ruky Provenance dos\u00e1hl zcela nov\u00e9 \u00farovn\u011b a tvo\u0159\u00ed v\u00edce ne\u017e 30 procent celkov\u00fdch prodej\u016f. Klienti s\u00a0t\u011bmito automobily z\u00edsk\u00e1vaj\u00ed stejn\u00fd z\u00e1\u017eitek a jistotu, jako by si po\u0159izovali zbrusu nov\u00fd Rolls-Royce. V\u00a0prosinci 2023 dos\u00e1hl po\u010det v\u0161ech v\u00a0Praze p\u0159edan\u00fdch voz\u016f Provenance trojcifern\u00e9ho \u010d\u00edsla, co\u017e podtrhuje nad\u010dasovou p\u0159ita\u017elivost automobil\u016f Rolls-Royce a ojedin\u011bl\u00fd charakter t\u00e9to nab\u00eddky pou\u017eit\u00fdch model\u016f.<\/p>\n<p><img loading=\"lazy\" decoding=\"async\" class=\"alignnone size-medium wp-image-1693\" src=\"http:\/\/www.automakers.cz\/wp-content\/uploads\/2024\/01\/Rolls-Spectre-Kadlec-Tiemann-900x600.jpg\" alt=\"\" width=\"900\" height=\"600\" srcset=\"https:\/\/www.automakers.cz\/wp-content\/uploads\/2024\/01\/Rolls-Spectre-Kadlec-Tiemann-900x600.jpg 900w, https:\/\/www.automakers.cz\/wp-content\/uploads\/2024\/01\/Rolls-Spectre-Kadlec-Tiemann-1024x682.jpg 1024w, https:\/\/www.automakers.cz\/wp-content\/uploads\/2024\/01\/Rolls-Spectre-Kadlec-Tiemann-768x512.jpg 768w, https:\/\/www.automakers.cz\/wp-content\/uploads\/2024\/01\/Rolls-Spectre-Kadlec-Tiemann-1536x1024.jpg 1536w, https:\/\/www.automakers.cz\/wp-content\/uploads\/2024\/01\/Rolls-Spectre-Kadlec-Tiemann.jpg 2000w\" sizes=\"auto, (max-width: 900px) 100vw, 900px\" \/><\/p>\n<p><strong>Kalou\u0161: prod\u00e1v\u00e1me jako nikdy d\u0159\u00edv<\/strong><\/p>\n<p class=\"x_MsoNormal\">Pavel Kalou\u0161, brand manager Rolls-Royce Motor Cars Prague, p\u0159i t\u00e9to p\u0159\u00edle\u017eitosti \u0159\u00edk\u00e1: \u201eJe velmi pot\u011b\u0161uj\u00edc\u00ed vid\u011bt, \u017ee dok\u00e1\u017eeme naplnit i p\u0159ekon\u00e1vat neust\u00e1le se zvy\u0161uj\u00edc\u00ed o\u010dek\u00e1v\u00e1n\u00ed klient\u016f, co\u017e vede k\u00a0prodeji na tak vysok\u00e9 \u00farovni jako nikdy d\u0159\u00edve.\u201c<\/p>\n<p class=\"x_MsoNormal\">\u201eI nad\u00e1le z\u016fst\u00e1v\u00e1 na\u0161e obchodn\u00ed aktivita velmi exkluzivn\u00ed, stejn\u011b jako jsou velmi vz\u00e1cn\u00e9 automobily Rolls-Royce. P\u0159esn\u011b to z\u00e1kazn\u00edci naprosto pr\u00e1vem o\u010dek\u00e1vaj\u00ed a d\u016fkazem jsou jedine\u010dn\u00e9 a na zak\u00e1zku stav\u011bn\u00e9 projekty, kter\u00e9 jsme m\u011bli tu \u010dest uv\u00e9st do reality,\u201c dod\u00e1v\u00e1 \u0161\u00e9f pra\u017esk\u00e9ho zastoupen\u00ed.<\/p>\n<p class=\"x_MsoNormal\">Dealerstv\u00ed, kter\u00e9 je sou\u010d\u00e1st\u00ed spole\u010dnosti CarTec Group, tak\u00e9 potvrdilo, \u017ee ve druh\u00e9m \u010dtvrtlet\u00ed leto\u0161n\u00edho roku otev\u0159e v\u00a0Praze nov\u011b pojat\u00fd autosalon. Ten vznikl kompletn\u00ed p\u0159estavbou p\u0159edchoz\u00edho showroomu a klienty zaujme p\u016fsobiv\u00fdm proveden\u00edm pro zcela nov\u00e9 z\u00e1\u017eitky spojen\u00e9 s\u00a0v\u00fdb\u011brem exkluzivn\u00edch voz\u016f. Prom\u011bnou pro\u0161lo i servisn\u00ed z\u00e1zem\u00ed, aby bylo pln\u011b p\u0159ipraveno na za\u010d\u00e1tek elektrick\u00e9 \u00e9ry zna\u010dky Rolls-Royce.<\/p>\n<p class=\"x_MsoNormal\">Karel Kadlec, majitel dealerstv\u00ed Rolls-Royce Motor Cars Prague a spole\u010dnosti CarTech Group, zd\u016fraz\u0148uje: \u201eV\u00fdjime\u010dn\u00fd \u00fasp\u011bch, kter\u00e9ho jsme dos\u00e1hli, odr\u00e1\u017e\u00ed spole\u010dnou v\u00e1\u0161e\u0148 a odhodl\u00e1n\u00ed cel\u00e9ho t\u00fdmu. Jsem velmi hrd\u00fd na to, \u017ee rozvoj na\u0161\u00ed \u010dinnosti vytv\u00e1\u0159\u00ed pevn\u00e9 z\u00e1klady do budoucna a umo\u017e\u0148uje v\u00fdznamn\u011b investovat do pos\u00edlen\u00ed dlouhodob\u00fdch vztah\u016f s\u00a0klienty t\u00edm, jak se posouv\u00e1me na je\u0161t\u011b vy\u0161\u0161\u00ed \u00farove\u0148 luxusu.\u201c<\/p>\n<p class=\"x_MsoNormal\">Frank Tiemann, vedouc\u00ed korpor\u00e1tn\u00ed komunikace pro st\u0159edn\u00ed a v\u00fdchodn\u00ed Evropu a st\u0159edn\u00ed Asii ve\u00a0spole\u010dnosti Rolls-Royce Motor Cars, dod\u00e1v\u00e1: \u201eJako luxusn\u00ed zna\u010dka naplno spol\u00e9h\u00e1me na\u00a0partnery, kte\u0159\u00ed ve v\u0161em, co d\u011blaj\u00ed, usiluj\u00ed o dokonalost. R\u00e1d bych vyj\u00e1d\u0159il sv\u00e9 up\u0159\u00edmn\u00e9 pod\u011bkov\u00e1n\u00ed za mimo\u0159\u00e1dn\u00e9 nasazen\u00ed spole\u010dnosti Rolls-Royce Motor Cars Prague a za jej\u00ed p\u0159\u00edsp\u011bvek k na\u0161emu region\u00e1ln\u00edmu a celosv\u011btov\u00e9mu \u00fasp\u011bchu.\u201c<\/p>\n<p><strong>Glob\u00e1ln\u00ed \u010d\u00edsla<\/strong><\/p>\n<p class=\"x_MsoNormal\">P\u0159edn\u00ed v\u00fdrobce luxusn\u00edch v\u00fdrobk\u016f ned\u00e1vno potvrdil celosv\u011btov\u00fd prodejn\u00ed rekord a z\u00e1rove\u0148 historicky nejvy\u0161\u0161\u00ed odbyt v Evrop\u011b. Glob\u00e1ln\u00ed prodej v roce 2023 \u010dinil celkem 6 032 automobil\u016f a rekordn\u00ed \u00farovn\u011b dos\u00e1hla rovn\u011b\u017e hodnota zak\u00e1zkov\u00fdch \u00faprav programu Bespoke. Popt\u00e1vka po v\u0161ech modelech Rolls-Royce z\u016fst\u00e1v\u00e1 i nad\u00e1le v\u00fdjime\u010dn\u011b vysok\u00e1 a p\u0159edb\u011b\u017en\u00e9 objedn\u00e1vky sahaj\u00ed a\u017e do roku 2025.<\/p>\n<p><strong>Zdroj: R-R, Michal Kudela<\/strong><\/p>\n<p><img loading=\"lazy\" decoding=\"async\" class=\"alignnone size-full wp-image-1690\" src=\"http:\/\/www.automakers.cz\/wp-content\/uploads\/2024\/01\/Rolls-Royce-Spectre-678x381-1.jpg\" alt=\"\" width=\"678\" height=\"381\" \/><\/p>\n","protected":false},"excerpt":{"rendered":"<p>Mana\u017ee\u0159i Rolls-Royce Motor Cars Prague uzav\u0159eli rok 2023 s nejvy\u0161\u0161\u00edm ro\u010dn\u00edm prodejem ve sv\u00e9 historii&#8230;<\/p>\n","protected":false},"author":1,"featured_media":1694,"comment_status":"open","ping_status":"open","sticky":false,"template":"","format":"standard","meta":{"footnotes":""},"categories":[11,10],"tags":[],"class_list":["post-1689","post","type-post","status-publish","format-standard","has-post-thumbnail","hentry","category-importeri","category-statistika"],"_links":{"self":[{"href":"https:\/\/www.automakers.cz\/index.php?rest_route=\/wp\/v2\/posts\/1689","targetHints":{"allow":["GET"]}}],"collection":[{"href":"https:\/\/www.automakers.cz\/index.php?rest_route=\/wp\/v2\/posts"}],"about":[{"href":"https:\/\/www.automakers.cz\/index.php?rest_route=\/wp\/v2\/types\/post"}],"author":[{"embeddable":true,"href":"https:\/\/www.automakers.cz\/index.php?rest_route=\/wp\/v2\/users\/1"}],"replies":[{"embeddable":true,"href":"https:\/\/www.automakers.cz\/index.php?rest_route=%2Fwp%2Fv2%2Fcomments&post=1689"}],"version-history":[{"count":2,"href":"https:\/\/www.automakers.cz\/index.php?rest_route=\/wp\/v2\/posts\/1689\/revisions"}],"predecessor-version":[{"id":1695,"href":"https:\/\/www.automakers.cz\/index.php?rest_route=\/wp\/v2\/posts\/1689\/revisions\/1695"}],"wp:featuredmedia":[{"embeddable":true,"href":"https:\/\/www.automakers.cz\/index.php?rest_route=\/wp\/v2\/media\/1694"}],"wp:attachment":[{"href":"https:\/\/www.automakers.cz\/index.php?rest_route=%2Fwp%2Fv2%2Fmedia&parent=1689"}],"wp:term":[{"taxonomy":"category","embeddable":true,"href":"https:\/\/www.automakers.cz\/index.php?rest_route=%2Fwp%2Fv2%2Fcategories&post=1689"},{"taxonomy":"post_tag","embeddable":true,"href":"https:\/\/www.automakers.cz\/index.php?rest_route=%2Fwp%2Fv2%2Ftags&post=1689"}],"curies":[{"name":"wp","href":"https:\/\/api.w.org\/{rel}","templated":true}]}}