{"id":16895,"date":"2025-10-07T08:45:58","date_gmt":"2025-10-07T08:45:58","guid":{"rendered":"https:\/\/www.automakers.cz\/?p=16895"},"modified":"2025-10-07T08:48:02","modified_gmt":"2025-10-07T08:48:02","slug":"kancler-merz-nechce-zakaz-spalovacich-motoru","status":"publish","type":"post","link":"https:\/\/www.automakers.cz\/?p=16895","title":{"rendered":"N\u011bmeck\u00fd kancl\u00e9\u0159 Merz u\u017e nechce z\u00e1kaz spalovac\u00edch motor\u016f"},"content":{"rendered":"<p class=\"c_bv i_io speakable\" data-dot=\"ogm-article-perex\"><strong>N\u011bmeck\u00fd kancl\u00e9\u0159 Friedrich Merz prohl\u00e1sil, \u017ee chce, aby Evropsk\u00e1 unie upustila od pl\u00e1nu na ukon\u010den\u00ed prodeje aut se spalovac\u00edmi motory v roce 2035. Uv\u00e1d\u00ed, \u017ee velk\u00e9 n\u011bmeck\u00e9 automobilky jako Volkswagen, BMW a Mercedes-Benz vyjad\u0159uj\u00ed ohledn\u011b tohoto c\u00edle pochybnosti, p\u00ed\u0161\u00ed novinky.cz<\/strong><!--more--><\/p>\n<div class=\"_67f5fff6d27cec3392ad16c3 ogm-container\">\n<div class=\"i_iy\" data-e2e=\"ogm-article-layout\">\n<article class=\"i_iA\" role=\"article\" aria-labelledby=\"accessibility-article\">\n<div class=\"i_iz\" data-dot=\"ogm-article-content\">\n<div class=\"f_fG f_bx f_bx\">\n<div class=\"f_bv speakable\" data-dot=\"mol-paragraph\">\n<div class=\"f_bv speakable\" data-dot=\"mol-paragraph\">\n<p class=\"c_bv\"><span class=\"c_f3\">P\u0159ed sch\u016fzkou se z\u00e1stupci automobilov\u00e9ho pr\u016fmyslu Merz v rozhovoru s televiz\u00ed Ntv \u0159ekl, \u017ee si mysl\u00ed, \u017ee chystan\u00fd z\u00e1kaz v EU je chybn\u00fd.<\/span><\/p>\n<\/div>\n<div class=\"f_bv speakable\" data-dot=\"mol-paragraph\">\n<p class=\"c_bv\"><span class=\"c_f3\">EU ned\u00e1vno po tlaku ze strany firem p\u016fsob\u00edc\u00edch v\u00a0automobilov\u00e9m pr\u016fmyslu sl\u00edbila, \u017ee urychl\u00ed revizi z\u00e1m\u011bru ohledn\u011b z\u00e1kazu aut se spalovac\u00edmi motory od roku 2035.<\/span><\/p>\n<\/div>\n<div class=\"f_bv speakable\" data-dot=\"mol-paragraph\">\n<p class=\"c_bv\"><span class=\"c_f3\">\u201eNechci, aby N\u011bmecko bylo jednou ze zem\u00ed podporuj\u00edc\u00edch tento z\u00e1kaz,\u201c \u0159ekl Merz.<\/span><\/p>\n<p><strong>Protest evropsk\u00fdch automobilek<\/strong><\/p>\n<\/div>\n<p class=\"c_bv\"><span class=\"c_f3\">Konec aut se spalovac\u00edmi motory u\u017e za deset let p\u0159ed n\u011bkolika t\u00fddny v dopise p\u0159edsedkyni Evropsk\u00e9 komise <strong>Ursule von der Leyenov\u00e9<\/strong> odm\u00edtli i p\u0159edstavitel\u00e9 evropsk\u00fdch automobilek a dodavatel\u016f d\u00edl\u016f.<\/span><\/p>\n<\/div>\n<div class=\"f_bv speakable\" data-dot=\"mol-paragraph\">\n<p class=\"c_bv\"><span class=\"c_f3\">\u201eSplnit c\u00edle pro emise CO\u2082 pro roky 2030 a 2035 u\u017e v dne\u0161n\u00edm sv\u011bt\u011b jednodu\u0161e nen\u00ed mo\u017en\u00e9,\u201c prohl\u00e1sili prezident Evropsk\u00e9 asociace v\u00fdrobc\u016f automobil\u016f Ola K\u00e4llenius a prezident Evropsk\u00e9 asociace dodavatel\u016f automobilov\u00e9ho pr\u016fmyslu Matthias Zink.<\/span><\/p>\n<\/div>\n<div class=\"f_bv speakable\" data-dot=\"mol-paragraph\">\n<p class=\"c_bv\"><strong><span class=\"c_f3\">Klimatick\u00e1 regulace podle automobilek ohro\u017euje cel\u00fd evropsk\u00fd automobilov\u00fd pr\u016fmysl.<\/span><\/strong><\/p>\n<\/div>\n<div class=\"f_bv speakable\" data-dot=\"mol-paragraph\">\n<p class=\"c_bv\"><span class=\"c_f3\">\u201eEvropsk\u00fd transforma\u010dn\u00ed pl\u00e1n pro automobilov\u00fd pr\u016fmysl se mus\u00ed posunout za hranice idealismu a\u00a0uznat sou\u010dasnou pr\u016fmyslovou a\u00a0geopolitickou realitu,\u201c uvedli K\u00e4llenius, kter\u00fd je z\u00e1rove\u0148 \u0161\u00e9fem automobilky Mercedes-Benz a\u00a0Zink ze spole\u010dnosti Schaeffler, kter\u00e1 pat\u0159\u00ed k\u00a0nejv\u011bt\u0161\u00edm sv\u011btov\u00fdm dodavatel\u016fm pro automobilov\u00fd a\u00a0stroj\u00edrensk\u00fd pr\u016fmysl.<\/span><\/p>\n<p><img loading=\"lazy\" decoding=\"async\" class=\"alignnone size-medium wp-image-3671\" src=\"http:\/\/www.automakers.cz\/wp-content\/uploads\/2024\/04\/mercedes-3-1-900x600.webp\" alt=\"\" width=\"900\" height=\"600\" srcset=\"https:\/\/www.automakers.cz\/wp-content\/uploads\/2024\/04\/mercedes-3-1-900x600.webp 900w, https:\/\/www.automakers.cz\/wp-content\/uploads\/2024\/04\/mercedes-3-1-768x512.webp 768w, https:\/\/www.automakers.cz\/wp-content\/uploads\/2024\/04\/mercedes-3-1.webp 1000w\" sizes=\"auto, (max-width: 900px) 100vw, 900px\" \/><span class=\"c_f3\">Podle vyj\u00e1d\u0159en\u00ed nyn\u00ed \u010del\u00ed evrop\u0161t\u00ed v\u00fdrobci t\u00e9m\u011b\u0159 \u00fapln\u00e9 z\u00e1vislosti na Asii, pokud jde o baterie, stejn\u011b jako nerovnom\u011brn\u011b rozvinut\u00e9 nab\u00edjec\u00ed infrastruktu\u0159e, vy\u0161\u0161\u00edm v\u00fdrobn\u00edm n\u00e1klad\u016fm a americk\u00fdm cl\u016fm, uvedla agentura Reuters.<\/span><\/p>\n<\/div>\n<div class=\"f_bv speakable\" data-dot=\"mol-paragraph\">\n<p class=\"c_bv\"><strong><span class=\"c_f3\">K odporu proti z\u00e1kazu se p\u0159idal i ministr dopravy Martin Kupka (ODS).<\/span><\/strong><\/p>\n<\/div>\n<div class=\"f_bv speakable\" data-dot=\"mol-paragraph\">\n<p class=\"c_bv\"><span class=\"c_f3\">\u201e\u010cesk\u00e1 republika dlouhodob\u011b zd\u016fraz\u0148uje, \u017ee tempo a\u00a0podm\u00ednky p\u0159echodu na bezemisn\u00ed vozidla mus\u00ed b\u00fdt realistick\u00e9 a\u00a0nesm\u00ed ohro\u017eovat konkurenceschopnost evropsk\u00e9ho automobilov\u00e9ho pr\u016fmyslu,\u201c \u0159ekl ji\u017e d\u0159\u00edve Novink\u00e1m.<\/span><\/p>\n<figure id=\"attachment_10900\" aria-describedby=\"caption-attachment-10900\" style=\"width: 900px\" class=\"wp-caption alignnone\"><img loading=\"lazy\" decoding=\"async\" class=\"size-medium wp-image-10900\" src=\"http:\/\/www.automakers.cz\/wp-content\/uploads\/2025\/02\/Auto-roku-2025-Kupka-900x600.jpg\" alt=\"\" width=\"900\" height=\"600\" \/><figcaption id=\"caption-attachment-10900\" class=\"wp-caption-text\">Martin Kupka, Ilustra\u010dn\u00ed foto<\/figcaption><\/figure>\n<\/div>\n<div class=\"f_bv speakable\" data-dot=\"mol-paragraph\">\n<p class=\"c_bv\"><span class=\"c_f3\">Podle v\u00fdkonn\u00e9ho \u0159editele Sdru\u017een\u00ed automobilov\u00e9ho pr\u016fmyslu Zde\u0148ka Petzla je politika EU p\u0159ehnan\u011b ambici\u00f3zn\u00ed a\u00a0technologicky nerealistick\u00e1.<\/span><\/p>\n<figure id=\"attachment_3525\" aria-describedby=\"caption-attachment-3525\" style=\"width: 900px\" class=\"wp-caption alignnone\"><img loading=\"lazy\" decoding=\"async\" class=\"size-medium wp-image-3525\" src=\"http:\/\/www.automakers.cz\/wp-content\/uploads\/2024\/04\/Zdenek-Petzl_3-900x632.jpg\" alt=\"\" width=\"900\" height=\"632\" \/><figcaption id=\"caption-attachment-3525\" class=\"wp-caption-text\">V\u00fdkonn\u00fd \u0159editel AutoSAP Zden\u011bk Petzl<\/figcaption><\/figure>\n<\/div>\n<div class=\"f_bv speakable\" data-dot=\"mol-paragraph\">\n<p class=\"c_bv\"><span class=\"c_f3\">\u201eTuzemsk\u00e9 automobilky i\u00a0jejich dodavatel\u00e9 masivn\u011b investuj\u00ed do inovac\u00ed a\u00a0z\u00e1rove\u0148 napl\u0148uj\u00ed p\u0159\u00edsn\u00e9 environment\u00e1ln\u00ed, soci\u00e1ln\u00ed a\u00a0pracovn\u00ed standardy EU, kter\u00e9 nemaj\u00ed obdoby nikde jinde na sv\u011bt\u011b,\u201c prohl\u00e1sil.<\/span><\/p>\n<\/div>\n<div class=\"f_bv speakable\" data-dot=\"mol-paragraph\">\n<p class=\"c_bv\"><span class=\"c_f3\">Sou\u010dasn\u011b ale podle n\u011bj \u010del\u00ed drah\u00e9 energii, slo\u017eit\u00e9 regulaci a\u00a0geopolitick\u00fdm tlak\u016fm.<\/span><\/p>\n<\/div>\n<div class=\"f_bv speakable\" data-dot=\"mol-paragraph\">\n<p class=\"c_bv\"><span class=\"c_f3\">\u201ePokud EU nepodpo\u0159\u00ed transformaci smyslupln\u00fdmi n\u00e1stroji a\u00a0nebude pru\u017en\u011bj\u0161\u00ed, riskujeme nejen ztr\u00e1tu konkurenceschopnosti, ale i\u00a0odliv investic a\u00a0talent\u016f mimo EU a\u00a0z\u00e1nik desetitis\u00edc\u016f kvalifikovan\u00fdch pracovn\u00edch m\u00edst,\u201c dodal.<\/span><\/p>\n<p><strong>Oto\u010dka do protism\u011bru<\/strong><\/p>\n<\/div>\n<div class=\"f_bv speakable\" data-dot=\"mol-paragraph\">\n<p class=\"c_bv\"><span class=\"c_f3\">\u0160\u00e9fov\u00e9 automobilek p\u0159itom d\u0159\u00edve tvrdili, \u017ee ukon\u010den\u00ed v\u00fdroby aut se spalovac\u00edmi motory do roku 2035\u00a0zvl\u00e1dnou, te\u010f ale ot\u00e1\u010dej\u00ed. Elektromobily se toti\u017e zdaleka neprod\u00e1vaj\u00ed tak, jak\u00e9 byly pl\u00e1ny a\u00a0v\u00fdrobci je \u010dasto prod\u00e1vaj\u00ed bu\u010f s\u00a0minim\u00e1ln\u00ed mar\u017e\u00ed nebo i\u00a0ztr\u00e1tou. P\u0159esto\u017ee podle agentury Bloomberg uvedli na trh des\u00edtky elektrick\u00fdch model\u016f, jejich pod\u00edl na prodej\u00edch nov\u00fdch aut je asi patn\u00e1ct procent.<\/span><\/p>\n<p><strong>Zdroj: Novinky, Bloomberg, Foto archiv<\/strong><\/p>\n<\/div>\n<\/div>\n<\/div>\n<\/article>\n<\/div>\n<\/div>\n","protected":false},"excerpt":{"rendered":"<p>N\u011bmeck\u00fd kancl\u00e9\u0159 Friedrich Merz prohl\u00e1sil, \u017ee chce, aby Evropsk\u00e1 unie upustila od pl\u00e1nu na ukon\u010den\u00ed&#8230;<\/p>\n","protected":false},"author":1,"featured_media":5670,"comment_status":"closed","ping_status":"closed","sticky":false,"template":"","format":"standard","meta":{"footnotes":""},"categories":[57,25,31],"tags":[],"class_list":["post-16895","post","type-post","status-publish","format-standard","has-post-thumbnail","hentry","category-emise","category-legislativa","category-news"],"_links":{"self":[{"href":"https:\/\/www.automakers.cz\/index.php?rest_route=\/wp\/v2\/posts\/16895","targetHints":{"allow":["GET"]}}],"collection":[{"href":"https:\/\/www.automakers.cz\/index.php?rest_route=\/wp\/v2\/posts"}],"about":[{"href":"https:\/\/www.automakers.cz\/index.php?rest_route=\/wp\/v2\/types\/post"}],"author":[{"embeddable":true,"href":"https:\/\/www.automakers.cz\/index.php?rest_route=\/wp\/v2\/users\/1"}],"replies":[{"embeddable":true,"href":"https:\/\/www.automakers.cz\/index.php?rest_route=%2Fwp%2Fv2%2Fcomments&post=16895"}],"version-history":[{"count":4,"href":"https:\/\/www.automakers.cz\/index.php?rest_route=\/wp\/v2\/posts\/16895\/revisions"}],"predecessor-version":[{"id":16897,"href":"https:\/\/www.automakers.cz\/index.php?rest_route=\/wp\/v2\/posts\/16895\/revisions\/16897"}],"wp:featuredmedia":[{"embeddable":true,"href":"https:\/\/www.automakers.cz\/index.php?rest_route=\/wp\/v2\/media\/5670"}],"wp:attachment":[{"href":"https:\/\/www.automakers.cz\/index.php?rest_route=%2Fwp%2Fv2%2Fmedia&parent=16895"}],"wp:term":[{"taxonomy":"category","embeddable":true,"href":"https:\/\/www.automakers.cz\/index.php?rest_route=%2Fwp%2Fv2%2Fcategories&post=16895"},{"taxonomy":"post_tag","embeddable":true,"href":"https:\/\/www.automakers.cz\/index.php?rest_route=%2Fwp%2Fv2%2Ftags&post=16895"}],"curies":[{"name":"wp","href":"https:\/\/api.w.org\/{rel}","templated":true}]}}