{"id":16911,"date":"2025-10-08T09:16:55","date_gmt":"2025-10-08T09:16:55","guid":{"rendered":"https:\/\/www.automakers.cz\/?p=16911"},"modified":"2025-10-08T09:16:55","modified_gmt":"2025-10-08T09:16:55","slug":"cr-eviduje-pres-50-000-elektromobilu","status":"publish","type":"post","link":"https:\/\/www.automakers.cz\/?p=16911","title":{"rendered":"\u010cR eviduje p\u0159es 50 000 elektromobil\u016f"},"content":{"rendered":"<p><strong>V \u010cesku je aktu\u00e1ln\u011b provozov\u00e1no v\u00edce ne\u017e 52 tis\u00edc osobn\u00edch bateriov\u00fdch elektromobil\u016f. B\u011bhem dev\u00edti m\u011bs\u00edc\u016f p\u0159ibylo 10 180 nov\u00fdch vozidel, co\u017e p\u0159edstavuje meziro\u010dn\u00ed n\u00e1r\u016fst o 41 %. Elektroauta si tak dr\u017e\u00ed 5,6% pod\u00edl na trhu s nov\u00fdmi osobn\u00edmi vozidly, zat\u00edmco ve stejn\u00e9m obdob\u00ed lo\u0148sk\u00e9ho roku \u010dinil jejich pod\u00edl 4,2 %. <\/strong><!--more--><\/p>\n<p>Nejv\u00edce registrac\u00ed zaznamenala \u0160koda Elroq (2 048), n\u00e1sledovan\u00e1 modelem \u0160koda Enyaq (1 649) a Teslou Model Y (1 105). R\u016fst se v\u0161ak net\u00fdk\u00e1 jen nov\u00fdch vozidel \u2013 b\u011bhem sledovan\u00e9ho obdob\u00ed bylo do \u010ceska dovezeno tak\u00e9 6 179 ojet\u00fdch elektromobil\u016f. Ty se letos pod\u00edlej\u00ed na trhu se v\u0161emi dovezen\u00fdmi ojetinami rovn\u011b\u017e 5,6 %, zat\u00edmco loni ve stejn\u00e9m obdob\u00ed dosahoval jejich pod\u00edl pouze 2,5 %. Vypl\u00fdv\u00e1 to z aktu\u00e1ln\u00edch dat zve\u0159ejn\u011bn\u00fdch na port\u00e1lu cistadoprava.cz, kter\u00e1 \u010derpaj\u00ed ze zdrojov\u00fdch dat Ministerstva dopravy a Svazu dovozc\u016f automobil\u016f.<\/p>\n<p>V pr\u016fb\u011bhu ledna a\u017e z\u00e1\u0159\u00ed bylo na tuzemsk\u00e9m trhu registrov\u00e1no 182 437 nov\u00fdch osobn\u00edch vozidel (meziro\u010dn\u011b o 6,1 % v\u00edce), z nich 10 180 bylo bateriov\u00fdch elektrick\u00fdch (meziro\u010dn\u011b o 41 % v\u00edce). Bateriov\u00e9 elektromobily byly s pod\u00edlem 5,6 % t\u0159et\u00ed nejobl\u00edben\u011bj\u0161\u00ed z\u00e1kaznickou volbou, nejv\u00edce registrac\u00ed si s 67% pod\u00edlem p\u0159ipsaly benz\u00ednov\u00e9 motorizace (meziro\u010dn\u011b +8,9 %), p\u0159ed naftov\u00fdmi s 20,4% pod\u00edlem (meziro\u010dn\u011b -16,3 %), plug-in hybridn\u00ed motorizace dos\u00e1hly pod\u00edlu 4,3 % (meziro\u010dn\u011b +77,4 %), vozidla na zkapaln\u011bn\u00fd ropn\u00fd plyn LPG pak 2,6 % (meziro\u010dn\u011b +46,6 %), registrov\u00e1no bylo 21 vozidel s vod\u00edkov\u00fdm palivov\u00fdm \u010dl\u00e1nkem.<\/p>\n<p>V z\u00e1\u0159\u00ed 2025 bylo v \u010cesk\u00e9 republice registrov\u00e1no 1 360 nov\u00fdch osobn\u00edch bateriov\u00fdch elektromobil\u016f (BEV), co\u017e p\u0159edstavuje meziro\u010dn\u00ed pokles o 7\u202f% oproti z\u00e1\u0159\u00ed 2024. Tr\u017en\u00ed pod\u00edl BEV v tomto m\u011bs\u00edci dos\u00e1hl 6,4\u202f%, co\u017e je o 1,7procentn\u00edho bodu m\u00e9n\u011b ne\u017e ve stejn\u00e9m obdob\u00ed lo\u0148sk\u00e9ho roku. Za prvn\u00edch dev\u011bt m\u011bs\u00edc\u016f roku 2025 tak bylo celkem registrov\u00e1no 10 180 nov\u00fdch BEV, co\u017e p\u0159edstavuje meziro\u010dn\u00ed r\u016fst o 41\u202f% a zv\u00fd\u0161en\u00ed jejich celkov\u00e9ho tr\u017en\u00edho pod\u00edlu na 5,6\u202f% (oproti 4,2\u202f% v roce 2024). V\u00fdrazn\u00fd meziro\u010dn\u00ed n\u00e1r\u016fst byl zaznamen\u00e1n zejm\u00e9na v b\u0159eznu (+261\u202f%) a dubnu (+109\u202f%), zat\u00edmco v \u010dervnu a v z\u00e1\u0159\u00ed do\u0161lo k poklesu registrac\u00ed.<\/p>\n<p>Tabulka 1: Registrace nov\u00fdch osobn\u00edch bateriov\u00fdch elektromobil\u016f v jednotliv\u00fdch m\u011bs\u00edc\u00edc<\/p>\n<p><img loading=\"lazy\" decoding=\"async\" class=\"alignnone wp-image-16915\" src=\"http:\/\/www.automakers.cz\/wp-content\/uploads\/2025\/10\/tabulka-elektromobily.png\" alt=\"\" width=\"958\" height=\"312\" srcset=\"https:\/\/www.automakers.cz\/wp-content\/uploads\/2025\/10\/tabulka-elektromobily.png 801w, https:\/\/www.automakers.cz\/wp-content\/uploads\/2025\/10\/tabulka-elektromobily-768x250.png 768w\" sizes=\"auto, (max-width: 958px) 100vw, 958px\" \/><\/p>\n<p>\u201eTrh s bateriov\u00fdmi elektromobily v \u010cesk\u00e9 republice nad\u00e1le roste \u2013 za prvn\u00edch dev\u011bt m\u011bs\u00edc\u016f roku vzrostly registrace nov\u00fdch osobn\u00edch vozidel o v\u00edce ne\u017e 40 % a jejich tr\u017en\u00ed pod\u00edl dos\u00e1hl 5,6 %. Stejn\u00e9ho pod\u00edlu letos dos\u00e1hly i dovezen\u00e9 ojet\u00e9 elektromobily, jejich\u017e meziro\u010dn\u00ed r\u016fst je dokonce je\u0161t\u011b dynami\u010dt\u011bj\u0161\u00ed. Leto\u0161n\u00ed v\u00fdvoj potvrzuje, \u017ee elektromobilita se postupn\u011b st\u00e1v\u00e1 dostupn\u011bj\u0161\u00ed a z\u00e1kazn\u00edci ji st\u00e1le \u010dast\u011bji vn\u00edmaj\u00ed jako re\u00e1lnou alternativu k tradi\u010dn\u00edm pohon\u016fm,\u201c uv\u00e1d\u00ed Jind\u0159ich Fri\u010d, \u0159editel Centra dopravn\u00edho v\u00fdzkumu.\u201c<\/p>\n<p>\u201eZ\u00e1\u0159ijov\u00e1 data z\u00e1rove\u0148 potvrzuj\u00ed r\u016fstov\u00fd trend, i kdy\u017e v meziro\u010dn\u00edm srovn\u00e1n\u00ed evidujeme pokles. Ten je v\u0161ak d\u00e1n mimo\u0159\u00e1dn\u011b siln\u00fdm z\u00e1v\u011brem t\u0159et\u00edho kvart\u00e1lu lo\u0148sk\u00e9ho roku, kdy v\u00fdznamnou roli sehr\u00e1l dota\u010dn\u00ed program pro firmy, jeho\u017e alokace byla vy\u010derp\u00e1na v \u0159\u00edjnu 2024,\u201c dod\u00e1v\u00e1 Jind\u0159ich Fri\u010d.<\/p>\n<p>Nejv\u00fdrazn\u011bj\u0161\u00ed meziro\u010dn\u00ed n\u00e1r\u016fst registrac\u00ed v segmentu bateriov\u00fdch elektromobil\u016f zaznamenala zna\u010dka \u0160koda, kter\u00e1 t\u00edm z\u00edskala tr\u017en\u00ed pod\u00edl 36,3 % a pozici l\u00eddra trhu v dan\u00e9m segmentu. Tesla, kter\u00e1 byla v lo\u0148sk\u00e9m roce na prvn\u00edm m\u00edst\u011b, naopak vyk\u00e1zala meziro\u010dn\u00ed pokles o 43 %, co\u017e vedlo ke sn\u00ed\u017een\u00ed jej\u00edho tr\u017en\u00edho pod\u00edlu z 38,1 % na 15,4 %. R\u016fst zaznamenal tak\u00e9 t\u0159et\u00ed Volkswagen, kter\u00fd dos\u00e1hl pod\u00edl 6,2 %. Mezi dal\u0161\u00ed zna\u010dky z prvn\u00ed des\u00edtky, kter\u00e9 zaznamenaly meziro\u010dn\u00ed pokles registrac\u00ed, pat\u0159\u00ed BMW, jeho\u017e registrace klesly o 7 %, u Volva pak dokonce o 55 %.<\/p>\n<p>Tabulka 2: Meziro\u010dn\u00ed srovn\u00e1n\u00ed 10 nejregistrovan\u011bj\u0161\u00edch zna\u010dek nov\u00fdch osobn\u00edch bateriov\u00fdch elektromobil\u016f<\/p>\n<p><img loading=\"lazy\" decoding=\"async\" class=\"alignnone wp-image-16917\" src=\"http:\/\/www.automakers.cz\/wp-content\/uploads\/2025\/10\/t2.png\" alt=\"\" width=\"974\" height=\"360\" srcset=\"https:\/\/www.automakers.cz\/wp-content\/uploads\/2025\/10\/t2.png 814w, https:\/\/www.automakers.cz\/wp-content\/uploads\/2025\/10\/t2-768x284.png 768w\" sizes=\"auto, (max-width: 974px) 100vw, 974px\" \/><\/p>\n<p>Mezi nov\u011b registrovan\u00fdmi elektromobily letos vede \u0160koda Elroq s 2 048 vozidly. Hned za n\u00ed se dr\u017e\u00ed dal\u0161\u00ed \u010desk\u00fd z\u00e1stupce \u2013 \u0160koda Enyaq (1 649 registrac\u00ed). Bronzovou p\u0159\u00ed\u010dku obsadila Tesla Model Y, kter\u00e9 na \u010desk\u00e9 silnice p\u0159ibylo 1 105 vozidel. U n\u011bkter\u00fdch obl\u00edben\u00fdch model\u016f byl letos znateln\u00fd pokles \u2013 nap\u0159\u00edklad Tesla Model Y ztratila 25 %, Model 3 dokonce 65 % a Hyundai Kona 23 %. Naopak mezi prvn\u00ed des\u00edtku nej\u017e\u00e1dan\u011bj\u0161\u00edch bateriov\u00fdch elektromobil\u016f se probojovaly novinky \u0160koda Elroq, Kia EV3 a Hyundai Inster.<\/p>\n<p>Tabulka 3: Meziro\u010dn\u00ed srovn\u00e1n\u00ed 10 nejregistrovan\u011bj\u0161\u00edch nov\u00fdch osobn\u00edch bateriov\u00fdch elektromobil\u016f<\/p>\n<p><img loading=\"lazy\" decoding=\"async\" class=\"alignnone wp-image-16920\" src=\"http:\/\/www.automakers.cz\/wp-content\/uploads\/2025\/10\/t3.png\" alt=\"\" width=\"978\" height=\"351\" srcset=\"https:\/\/www.automakers.cz\/wp-content\/uploads\/2025\/10\/t3.png 839w, https:\/\/www.automakers.cz\/wp-content\/uploads\/2025\/10\/t3-768x276.png 768w\" sizes=\"auto, (max-width: 978px) 100vw, 978px\" \/><\/p>\n<p>Registrace ostatn\u00edch kategori\u00ed nov\u00fdch bateriov\u00fdch elektromobil\u016f v obdob\u00ed leden-z\u00e1\u0159\u00ed 2025:<\/p>\n<p><strong>lehk\u00e1 u\u017eitkov\u00e1 vozidla<\/strong>; (887 voz., meziro\u010dn\u011b +231 %, tr\u017en\u00ed pod\u00edl 6,1 %)<\/p>\n<ul>\n<li>Maxus 177 voz., Toyota 165 voz., Mercedes-Benz 159 voz., \u2026<\/li>\n<\/ul>\n<p><strong>n\u00e1kladn\u00ed automobily<\/strong>; (90 voz., meziro\u010dn\u011b +75 voz., tr\u017en\u00ed pod\u00edl 1,4 %)<\/p>\n<ul>\n<li>Mercedes-Benz 50 voz., Volvo 9 voz., Toyota 8 voz., \u2026<\/li>\n<\/ul>\n<p><strong> elektrobusy<\/strong>; (19 voz., meziro\u010dn\u011b -15 voz., tr\u017en\u00ed pod\u00edl 3,2 %)<\/p>\n<ul>\n<li>MAN 11 voz., Iveco Bus 5 voz., Solaris 2 voz.<\/li>\n<\/ul>\n<p><strong>Zdroj: CDV<\/strong><\/p>\n<figure id=\"attachment_12595\" aria-describedby=\"caption-attachment-12595\" style=\"width: 900px\" class=\"wp-caption alignnone\"><img loading=\"lazy\" decoding=\"async\" class=\"size-medium wp-image-12595\" src=\"http:\/\/www.automakers.cz\/wp-content\/uploads\/2025\/04\/centrum-dopravniho-vyzkumu-900x308.jpg\" alt=\"\" width=\"900\" height=\"308\" srcset=\"https:\/\/www.automakers.cz\/wp-content\/uploads\/2025\/04\/centrum-dopravniho-vyzkumu-900x308.jpg 900w, https:\/\/www.automakers.cz\/wp-content\/uploads\/2025\/04\/centrum-dopravniho-vyzkumu-1024x350.jpg 1024w, https:\/\/www.automakers.cz\/wp-content\/uploads\/2025\/04\/centrum-dopravniho-vyzkumu-768x262.jpg 768w, https:\/\/www.automakers.cz\/wp-content\/uploads\/2025\/04\/centrum-dopravniho-vyzkumu.jpg 1226w\" sizes=\"auto, (max-width: 900px) 100vw, 900px\" \/><figcaption id=\"caption-attachment-12595\" class=\"wp-caption-text\">Zdroj: Centrum dopravn\u00edho v\u00fdzkumu<\/figcaption><\/figure>\n","protected":false},"excerpt":{"rendered":"<p>V \u010cesku je aktu\u00e1ln\u011b provozov\u00e1no v\u00edce ne\u017e 52 tis\u00edc osobn\u00edch bateriov\u00fdch elektromobil\u016f. B\u011bhem dev\u00edti m\u011bs\u00edc\u016f&#8230;<\/p>\n","protected":false},"author":2,"featured_media":10097,"comment_status":"closed","ping_status":"closed","sticky":false,"template":"","format":"standard","meta":{"footnotes":""},"categories":[42,9,48,10],"tags":[],"class_list":["post-16911","post","type-post","status-publish","format-standard","has-post-thumbnail","hentry","category-analyza","category-elektromobily","category-registrace","category-statistika"],"_links":{"self":[{"href":"https:\/\/www.automakers.cz\/index.php?rest_route=\/wp\/v2\/posts\/16911","targetHints":{"allow":["GET"]}}],"collection":[{"href":"https:\/\/www.automakers.cz\/index.php?rest_route=\/wp\/v2\/posts"}],"about":[{"href":"https:\/\/www.automakers.cz\/index.php?rest_route=\/wp\/v2\/types\/post"}],"author":[{"embeddable":true,"href":"https:\/\/www.automakers.cz\/index.php?rest_route=\/wp\/v2\/users\/2"}],"replies":[{"embeddable":true,"href":"https:\/\/www.automakers.cz\/index.php?rest_route=%2Fwp%2Fv2%2Fcomments&post=16911"}],"version-history":[{"count":10,"href":"https:\/\/www.automakers.cz\/index.php?rest_route=\/wp\/v2\/posts\/16911\/revisions"}],"predecessor-version":[{"id":16959,"href":"https:\/\/www.automakers.cz\/index.php?rest_route=\/wp\/v2\/posts\/16911\/revisions\/16959"}],"wp:featuredmedia":[{"embeddable":true,"href":"https:\/\/www.automakers.cz\/index.php?rest_route=\/wp\/v2\/media\/10097"}],"wp:attachment":[{"href":"https:\/\/www.automakers.cz\/index.php?rest_route=%2Fwp%2Fv2%2Fmedia&parent=16911"}],"wp:term":[{"taxonomy":"category","embeddable":true,"href":"https:\/\/www.automakers.cz\/index.php?rest_route=%2Fwp%2Fv2%2Fcategories&post=16911"},{"taxonomy":"post_tag","embeddable":true,"href":"https:\/\/www.automakers.cz\/index.php?rest_route=%2Fwp%2Fv2%2Ftags&post=16911"}],"curies":[{"name":"wp","href":"https:\/\/api.w.org\/{rel}","templated":true}]}}