{"id":16939,"date":"2025-10-08T13:38:04","date_gmt":"2025-10-08T13:38:04","guid":{"rendered":"https:\/\/www.automakers.cz\/?p=16939"},"modified":"2025-10-08T13:38:04","modified_gmt":"2025-10-08T13:38:04","slug":"rohlova-hr-manazerkou-raben-group","status":"publish","type":"post","link":"https:\/\/www.automakers.cz\/?p=16939","title":{"rendered":"Rohlov\u00e1 HR mana\u017eerkou Raben Group"},"content":{"rendered":"<p><strong>Raben Group jmenovala do \u010dela person\u00e1ln\u00edho odd\u011blen\u00ed pro \u010ceskou a Slovenskou republiku HR profesion\u00e1lku Janu Rohlovou. Jej\u00edm hlavn\u00edm \u00fakolem bude podpora dal\u0161\u00edho r\u016fstu firmy prost\u0159ednictv\u00edm rozvoje lid\u00ed, firemn\u00ed kultury a zam\u011bstnaneck\u00e9 anga\u017eovanosti.<\/strong><!--more--><\/p>\n<p>\u201eRaben Group je siln\u00e1 zna\u010dka s velk\u00fdm d\u016frazem na t\u00fdmovou spolupr\u00e1ci a odpov\u011bdn\u00fd p\u0159\u00edstup k zam\u011bstnanc\u016fm. Moj\u00ed viz\u00ed je je\u0161t\u011b v\u00edce propojit byznys s HR strategi\u00ed a vytvo\u0159it prost\u0159ed\u00ed, kde se lid\u00e9 budou c\u00edtit motivovan\u00ed a hrd\u00ed na to, \u017ee jsou sou\u010d\u00e1st\u00ed Raben,\u201c uvedla Jana Rohlov\u00e1, nov\u00e1 HR mana\u017eerka Raben Logistics Czech &amp; Slovakia.<\/p>\n<p><strong>Zku\u0161enosti z nadn\u00e1rodn\u00edch firem<\/strong><\/p>\n<p>Rohlov\u00e1 p\u0159ich\u00e1z\u00ed do Raben Group s v\u00edce ne\u017e patn\u00e1cti letou prax\u00ed v HR. \u010cty\u0159i roky p\u016fsobila jako HR Country Head CZ ve spole\u010dnosti Stada Pharma, kde vybudovala cel\u00e9 HR odd\u011blen\u00ed v\u010detn\u011b intern\u00ed komunikace po akvizici Walmarku a zavedla modern\u00ed n\u00e1stroje a procesy, nap\u0159\u00edklad syst\u00e9m Success Factors.<\/p>\n<p>P\u0159edt\u00edm zast\u00e1vala HR pozice ve spole\u010dnostech Total Energies, Sanofi, Accor Hotels, Monster Worldwide a MSD. D\u00edky t\u00e9to zku\u0161enosti m\u00e1 hlubok\u00fd vhled do rozmanit\u00fdch odv\u011btv\u00ed a schopnost rychle implementovat osv\u011bd\u010den\u00e9 postupy do praxe.<\/p>\n<p><strong>Strategick\u00fd krok pro budoucnost<\/strong><\/p>\n<p>\u201eJsem opravdu r\u00e1d, \u017ee m\u016f\u017eeme Janu mezi sebou p\u0159iv\u00edtat. Na\u0161e odv\u011btv\u00ed je o lidech \u2013 jejich know-how, nasazen\u00ed a spolupr\u00e1ci. Jsem p\u0159esv\u011bd\u010den, \u017ee s jej\u00edm veden\u00edm dok\u00e1\u017eeme pos\u00edlit firemn\u00ed kulturu, posunout na\u0161e HR aktivity zase o krok d\u00e1l a st\u00e1t se je\u0161t\u011b atraktivn\u011bj\u0161\u00edm zam\u011bstnavatelem na \u010desk\u00e9m trhu,\u201c \u0159\u00edk\u00e1 Jakub Trnka, gener\u00e1ln\u00ed \u0159editel Raben Logistics Czech &amp; Slovakia.<\/p>\n<p>Zdroj: Raben Group<\/p>\n<p><img loading=\"lazy\" decoding=\"async\" class=\"alignnone size-medium wp-image-4131\" src=\"http:\/\/www.automakers.cz\/wp-content\/uploads\/2024\/05\/Raben-hala-Rokycany-900x675.jpg\" alt=\"\" width=\"900\" height=\"675\" srcset=\"https:\/\/www.automakers.cz\/wp-content\/uploads\/2024\/05\/Raben-hala-Rokycany-900x675.jpg 900w, https:\/\/www.automakers.cz\/wp-content\/uploads\/2024\/05\/Raben-hala-Rokycany-1024x768.jpg 1024w, https:\/\/www.automakers.cz\/wp-content\/uploads\/2024\/05\/Raben-hala-Rokycany-768x576.jpg 768w, https:\/\/www.automakers.cz\/wp-content\/uploads\/2024\/05\/Raben-hala-Rokycany-1536x1152.jpg 1536w, https:\/\/www.automakers.cz\/wp-content\/uploads\/2024\/05\/Raben-hala-Rokycany.jpg 2040w\" sizes=\"auto, (max-width: 900px) 100vw, 900px\" \/><\/p>\n","protected":false},"excerpt":{"rendered":"<p>Raben Group jmenovala do \u010dela person\u00e1ln\u00edho odd\u011blen\u00ed pro \u010ceskou a Slovenskou republiku HR profesion\u00e1lku Janu&#8230;<\/p>\n","protected":false},"author":2,"featured_media":16943,"comment_status":"closed","ping_status":"closed","sticky":false,"template":"","format":"standard","meta":{"footnotes":""},"categories":[7,43,5],"tags":[],"class_list":["post-16939","post","type-post","status-publish","format-standard","has-post-thumbnail","hentry","category-kariera","category-logistika","category-personalie"],"_links":{"self":[{"href":"https:\/\/www.automakers.cz\/index.php?rest_route=\/wp\/v2\/posts\/16939","targetHints":{"allow":["GET"]}}],"collection":[{"href":"https:\/\/www.automakers.cz\/index.php?rest_route=\/wp\/v2\/posts"}],"about":[{"href":"https:\/\/www.automakers.cz\/index.php?rest_route=\/wp\/v2\/types\/post"}],"author":[{"embeddable":true,"href":"https:\/\/www.automakers.cz\/index.php?rest_route=\/wp\/v2\/users\/2"}],"replies":[{"embeddable":true,"href":"https:\/\/www.automakers.cz\/index.php?rest_route=%2Fwp%2Fv2%2Fcomments&post=16939"}],"version-history":[{"count":4,"href":"https:\/\/www.automakers.cz\/index.php?rest_route=\/wp\/v2\/posts\/16939\/revisions"}],"predecessor-version":[{"id":16969,"href":"https:\/\/www.automakers.cz\/index.php?rest_route=\/wp\/v2\/posts\/16939\/revisions\/16969"}],"wp:featuredmedia":[{"embeddable":true,"href":"https:\/\/www.automakers.cz\/index.php?rest_route=\/wp\/v2\/media\/16943"}],"wp:attachment":[{"href":"https:\/\/www.automakers.cz\/index.php?rest_route=%2Fwp%2Fv2%2Fmedia&parent=16939"}],"wp:term":[{"taxonomy":"category","embeddable":true,"href":"https:\/\/www.automakers.cz\/index.php?rest_route=%2Fwp%2Fv2%2Fcategories&post=16939"},{"taxonomy":"post_tag","embeddable":true,"href":"https:\/\/www.automakers.cz\/index.php?rest_route=%2Fwp%2Fv2%2Ftags&post=16939"}],"curies":[{"name":"wp","href":"https:\/\/api.w.org\/{rel}","templated":true}]}}