{"id":16951,"date":"2025-10-09T07:51:47","date_gmt":"2025-10-09T07:51:47","guid":{"rendered":"https:\/\/www.automakers.cz\/?p=16951"},"modified":"2025-10-09T07:51:47","modified_gmt":"2025-10-09T07:51:47","slug":"skoda-dodala-20-vozu-socialni-peci","status":"publish","type":"post","link":"https:\/\/www.automakers.cz\/?p=16951","title":{"rendered":"\u0160koda dodala 20 voz\u016f soci\u00e1ln\u00ed p\u00e9\u010di"},"content":{"rendered":"<div class=\"entry-summary\">\n<p><strong>\u0160koda Auto p\u0159edala nov\u00e9 vozy z\u00e1stupc\u016fm organizac\u00ed zaji\u0161\u0165uj\u00edc\u00edch soci\u00e1ln\u00ed p\u00e9\u010di v regionech, kde automobilka p\u016fsob\u00ed prost\u0159ednictv\u00edm v\u00fdrobn\u00edch z\u00e1vod\u016f. Jedn\u00e1 se o osm instituc\u00ed z oblasti kolem z\u00e1vodu v Kvasin\u00e1ch, \u0161est organizac\u00ed z Vrchlabska a Jilemnicka a \u0161est z Mlad\u00e9 Boleslavi a \u0161ir\u0161\u00edho okol\u00ed.<\/strong><\/p>\n<\/div>\n<p><!--more--><\/p>\n<p>Tato za\u0159\u00edzen\u00ed ze soci\u00e1ln\u00ed sf\u00e9ry se v\u011bnuj\u00ed \u0161irok\u00e9mu spektru \u010dinnost\u00ed, v\u010detn\u011b psychologick\u00e9 pomoci, p\u00e9\u010de o seniory i zdravotn\u011b znev\u00fdhodn\u011bn\u00e9 osoby nebo hospicov\u00fdch slu\u017eeb. \u0160koda Auto takto p\u0159isp\u00edv\u00e1 k zv\u00fd\u0161en\u00ed dostupnosti soci\u00e1ln\u00ed p\u00e9\u010de v regionech ji\u017e od roku 2018. Tato pomoc je jednou z hlavn\u00edch sou\u010d\u00e1st\u00ed spole\u010densk\u00e9 odpov\u011bdnosti \u010desk\u00e9 automobilky. Vedle toho podporuje nejen na region\u00e1ln\u00ed \u00farovni zdravotnick\u00e9 slu\u017eby, vzd\u011bl\u00e1v\u00e1n\u00ed, kulturu, bezpe\u010dnost, ochranu \u017eivotn\u00edho prost\u0159ed\u00ed a komunitn\u00ed aktivity.<\/p>\n<p><em>\u201eOrganizace poskytuj\u00edc\u00ed soci\u00e1ln\u00ed p\u00e9\u010di odv\u00e1d\u011bj\u00ed mimo\u0159\u00e1dn\u011b d\u016fle\u017eitou pr\u00e1ci, kter\u00e1 si zaslou\u017e\u00ed na\u0161i plnou pozornost a respekt. Jejich ka\u017edodenn\u00ed \u00fasil\u00ed \u010dasto prob\u00edh\u00e1 ti\u0161e, bez v\u011bt\u0161\u00edho pov\u0161imnut\u00ed, p\u0159esto m\u00e1 z\u00e1sadn\u00ed dopad na \u017eivoty mnoha lid\u00ed a rodin. Jsme r\u00e1di, \u017ee jim m\u016f\u017eeme alespo\u0148 \u010d\u00e1ste\u010dn\u011b usnadnit jejich \u010dinnost \u2013 vozy, kter\u00e9 jsme p\u0159edali, jim pomohou b\u00fdt mobiln\u011bj\u0161\u00ed a dostupn\u011bj\u0161\u00ed pro ty, kte\u0159\u00ed jejich pomoc pot\u0159ebuj\u00ed nejv\u00edce,\u201c \u0159\u00edk\u00e1 <\/em>Michal Kadera, vedouc\u00ed Vn\u011bj\u0161\u00edch vztah\u016f \u0160koda Auto.<\/p>\n<div class=\"entry-content\">\n<p><strong>\u0160koda poskytla vozy v regionu Kvasin osmi organizac\u00edm<\/strong><\/p>\n<p>Mezi podpo\u0159en\u00e9 instituce na Rychnovsku pat\u0159\u00ed Pe\u010dovatelsk\u00e1 slu\u017eba m\u011bsta Dobru\u0161ky, Pe\u010dovatelsk\u00e1 slu\u017eba m\u011bsta Kostelec nad Orlic\u00ed, Pe\u010dovatelsk\u00e1 slu\u017eba obce Kvasiny, Pe\u010dovatelsk\u00e1 slu\u017eba Rokytnice v\u00a0Orlick\u00fdch hor\u00e1ch, Pe\u010dovatelsk\u00e1 slu\u017eba Vamberk, \u00dastav soci\u00e1ln\u00ed p\u00e9\u010de pro ml\u00e1de\u017e Kvasiny, Domov F.\u00a0A.\u00a0Skuhersk\u00e9ho v\u00a0Opo\u010dn\u011b a\u00a0P\u00e9\u010de o\u00a0du\u0161evn\u00ed zdrav\u00ed Rychnov nad Kn\u011b\u017enou.<\/p>\n<p>Automobilka se v\u00a0regionu zam\u011b\u0159uje i\u00a0na podporu zdravotnick\u00fdch za\u0159\u00edzen\u00ed v\u010detn\u011b Nemocnice Rychnov nad Kn\u011b\u017enou a\u00a0aktu\u00e1ln\u011b prost\u0159ednictv\u00edm Nada\u010dn\u00edho fondu \u0160koda Auto p\u0159isp\u011bla na rekonstrukci m\u00edstn\u00edho komunitn\u00edho centra, kter\u00e9 slou\u017e\u00ed jako mate\u0159sk\u00e1 \u0161kolka a\u00a0prostor pro setk\u00e1v\u00e1n\u00ed rodin.<\/p>\n<p><strong>Ve Vrchlab\u00ed a\u00a0okol\u00ed pomohou vozy \u0160koda \u0161esti organizac\u00edm<\/strong><\/p>\n<p>Ve Vrchlab\u00ed p\u0159edala automobilka k\u00a0u\u017e\u00edv\u00e1n\u00ed vozy z\u00e1stupc\u016fm m\u00edstn\u00edho domova pro seniory, Diakonie \u010ceskobratrsk\u00e9 c\u00edrkve evangelick\u00e9 \u2013 st\u0159ediska Sv\u011btlo ve Vrchlab\u00ed, Dom\u00e1c\u00edho hospice Duha, Pe\u010dovatelsk\u00e9 slu\u017eby m\u011bsta Vrchlab\u00ed, D\u011btsk\u00e9ho centra Jilemnice a\u00a0Charity Jilemnice.<\/p>\n<p>Automobilka zde tak\u00e9 zvy\u0161uje mobilitu prost\u0159ednictv\u00edm elektrokol, pomoc\u00ed grant\u016f zlep\u0161uje \u017eivotn\u00ed prost\u0159ed\u00ed \u010di p\u0159isp\u00edv\u00e1 na studium st\u0159edo\u0161kolsk\u00fdch student\u016f v\u00a0zahrani\u010d\u00ed.<\/p>\n<p><strong>\u0160est voz\u016f \u0160koda pro za\u0159\u00edzen\u00ed soci\u00e1ln\u00edch slu\u017eeb v\u00a0Mlad\u00e9 Boleslavi a\u00a0\u0161ir\u0161\u00ed okol\u00ed<\/strong><\/p>\n<p>V oblasti Mlad\u00e9 Boleslavi a\u00a0p\u0159ilehl\u00fdch regionech v\u00a0sou\u010dasnosti slou\u017e\u00ed v\u00a0soci\u00e1ln\u00edch slu\u017eb\u00e1ch \u0161est voz\u016f od spole\u010dnosti \u0160koda Auto. Pou\u017e\u00edvaj\u00ed je neziskov\u00e9 organizace Fokus MB, Luma a\u00a0Jistoty Domova z\u00a0Mlad\u00e9 Boleslavi, Oblastn\u00ed nemocnice Mlad\u00e1 Boleslav, Diec\u00e9zn\u00ed charita Litom\u011b\u0159ice a\u00a0Dom\u00e1c\u00ed hospic Nabl\u00edzku v\u00a0Lys\u00e9 nad Labem.<\/p>\n<p>Ve sv\u00e9m s\u00eddeln\u00edm m\u011bst\u011b podporuje \u0160koda Auto celou \u0159adu dal\u0161\u00edch ve\u0159ejn\u011b prosp\u011b\u0161n\u00fdch aktivit \u2013 z\u00a0t\u011bch nejnov\u011bj\u0161\u00edch lze p\u0159ipomenout dod\u00e1vku j\u00eddel m\u00edstn\u00ed pobo\u010dce organizace Nad\u011bje a\u00a0Azylov\u00e9mu domu pro matky s\u00a0d\u011btmi \u010di dobro\u010dinnou\u00a0<a href=\"https:\/\/www.skoda-storyboard.com\/cs\/tiskove-zpravy-archiv\/skoda-auto-a-odbory-kovo-opet-podporily-dobrocinnou-sbirku-osatnik-pro-skolaky-ze-znevyhodnenych-rodin\/\" target=\"_blank\" rel=\"noopener\">sb\u00edrku O\u0161atn\u00edk<\/a>\u00a0zam\u011b\u0159enou na zaji\u0161t\u011bn\u00ed pot\u0159eb pro rodiny s\u00a0d\u011btmi ze znev\u00fdhodn\u011bn\u00fdch rodin.<\/p>\n<p><strong>Podpora soci\u00e1ln\u00ed oblasti je sou\u010d\u00e1st\u00ed spole\u010densk\u00e9 odpov\u011bdnosti automobilky \u0160koda Auto<\/strong><\/p>\n<p>\u0160koda Auto podporuje region\u00e1ln\u00ed soci\u00e1ln\u00ed slu\u017eby od roku 2018 a\u00a0letos p\u0159edala vybran\u00fdm za\u0159\u00edzen\u00edm celkem 20\u00a0voz\u016f \u0160koda. V\u00a0m\u011bstsk\u00e9m provozu v\u00a0Mlad\u00e9 Boleslavi a\u00a0okol\u00ed se osv\u011bd\u010dily modely Fabia, v\u00a0podhorsk\u00fdch regionech vyu\u017e\u00edvaj\u00ed organizace ke sv\u00fdm pot\u0159eb\u00e1m vozidla Octavia Combi. Automobily pom\u00e1haj\u00ed zlep\u0161it dostupnost slu\u017eeb i\u00a0v\u00a0odlehlej\u0161\u00edch obc\u00edch a\u00a0vedle doj\u00ed\u017ed\u011bn\u00ed za klienty slou\u017e\u00ed nap\u0159\u00edklad i\u00a0k\u00a0zaji\u0161t\u011bn\u00ed zdravotn\u00edch prohl\u00eddek osob se zhor\u0161enou hybnost\u00ed.<\/p>\n<p>Automobilka se v\u00a0r\u00e1mci spole\u010densk\u00e9 odpov\u011bdnosti zam\u011b\u0159uje na \u0161irokou podporu vzd\u011bl\u00e1v\u00e1n\u00ed, kultury, dopravn\u00ed bezpe\u010dnosti, \u017eivotn\u00edho prost\u0159ed\u00ed \u010di komunitn\u00edch aktivit. V\u00a0leto\u0161n\u00edm roce nap\u0159\u00edklad p\u0159isp\u011bla na \u0159adu kulturn\u00edch vystoupen\u00ed, op\u011btovn\u011b se zapojila do v\u00fdzvy\u00a0<a href=\"https:\/\/www.skoda-storyboard.com\/cs\/tiskove-zpravy-archiv\/zamestnanci-skoda-auto-behem-3-akci-v-ramci-iniciativy-uklidme-cesko-pomohli-prirode-v-okoli-vyrobnich-zavodu\/\" target=\"_blank\" rel=\"noopener\">Ukli\u010fme \u010cesko<\/a>\u00a0nebo pomohla k\u00a0zv\u00fd\u0161en\u00ed \u00farovn\u011b vzd\u011bl\u00e1v\u00e1n\u00ed d\u011bt\u00ed a\u00a0dosp\u00edvaj\u00edc\u00edch p\u00e1t\u00fdm ro\u010dn\u00edkem\u00a0<a href=\"https:\/\/www.skoda-storyboard.com\/cs\/tiskove-zpravy-archiv\/skoda-auto-se-jiz-po-pate-vyznamne-podilela-na-akci-edu-week-se-zamerenim-na-digitalni-nastroje-a-bezpecnost\/\" target=\"_blank\" rel=\"noopener\">akce EDU Week<\/a>\u00a0se zam\u011b\u0159en\u00edm na digit\u00e1ln\u00ed n\u00e1stroje a\u00a0bezpe\u010dnost.<\/p>\n<p><img loading=\"lazy\" decoding=\"async\" class=\"alignnone wp-image-16953\" src=\"http:\/\/www.automakers.cz\/wp-content\/uploads\/2025\/10\/Skoda-Auto-dodala-20-vozu-organizacim-socialni-pece-2-900x454.jpg\" alt=\"\" width=\"944\" height=\"476\" \/><\/p>\n<\/div>\n","protected":false},"excerpt":{"rendered":"<p>\u0160koda Auto p\u0159edala nov\u00e9 vozy z\u00e1stupc\u016fm organizac\u00ed zaji\u0161\u0165uj\u00edc\u00edch soci\u00e1ln\u00ed p\u00e9\u010di v regionech, kde automobilka p\u016fsob\u00ed&#8230;<\/p>\n","protected":false},"author":2,"featured_media":16952,"comment_status":"closed","ping_status":"closed","sticky":false,"template":"","format":"standard","meta":{"footnotes":""},"categories":[93,15,29],"tags":[],"class_list":["post-16951","post","type-post","status-publish","format-standard","has-post-thumbnail","hentry","category-charita","category-fleety","category-sponzoring"],"_links":{"self":[{"href":"https:\/\/www.automakers.cz\/index.php?rest_route=\/wp\/v2\/posts\/16951","targetHints":{"allow":["GET"]}}],"collection":[{"href":"https:\/\/www.automakers.cz\/index.php?rest_route=\/wp\/v2\/posts"}],"about":[{"href":"https:\/\/www.automakers.cz\/index.php?rest_route=\/wp\/v2\/types\/post"}],"author":[{"embeddable":true,"href":"https:\/\/www.automakers.cz\/index.php?rest_route=\/wp\/v2\/users\/2"}],"replies":[{"embeddable":true,"href":"https:\/\/www.automakers.cz\/index.php?rest_route=%2Fwp%2Fv2%2Fcomments&post=16951"}],"version-history":[{"count":3,"href":"https:\/\/www.automakers.cz\/index.php?rest_route=\/wp\/v2\/posts\/16951\/revisions"}],"predecessor-version":[{"id":16974,"href":"https:\/\/www.automakers.cz\/index.php?rest_route=\/wp\/v2\/posts\/16951\/revisions\/16974"}],"wp:featuredmedia":[{"embeddable":true,"href":"https:\/\/www.automakers.cz\/index.php?rest_route=\/wp\/v2\/media\/16952"}],"wp:attachment":[{"href":"https:\/\/www.automakers.cz\/index.php?rest_route=%2Fwp%2Fv2%2Fmedia&parent=16951"}],"wp:term":[{"taxonomy":"category","embeddable":true,"href":"https:\/\/www.automakers.cz\/index.php?rest_route=%2Fwp%2Fv2%2Fcategories&post=16951"},{"taxonomy":"post_tag","embeddable":true,"href":"https:\/\/www.automakers.cz\/index.php?rest_route=%2Fwp%2Fv2%2Ftags&post=16951"}],"curies":[{"name":"wp","href":"https:\/\/api.w.org\/{rel}","templated":true}]}}