{"id":16975,"date":"2025-10-09T08:25:41","date_gmt":"2025-10-09T08:25:41","guid":{"rendered":"https:\/\/www.automakers.cz\/?p=16975"},"modified":"2025-10-09T08:26:10","modified_gmt":"2025-10-09T08:26:10","slug":"designblok-jahn-predvedl-skodu-vision-o","status":"publish","type":"post","link":"https:\/\/www.automakers.cz\/?p=16975","title":{"rendered":"Designblok: Jahn p\u0159edvedl \u0160kodu Vision O"},"content":{"rendered":"<p><strong><span style=\"color: #000000;\"><span style=\"font-family: Times New Roman, serif;\"><span style=\"font-size: medium;\">\u0160koda Auto se na <\/span><\/span><\/span><\/strong><strong><span style=\"color: #000000;\"><span style=\"font-family: Times New Roman, serif;\"><span style=\"font-size: medium;\">\u0159\u00edjnov\u00e9 <\/span><\/span><\/span><\/strong><strong><span style=\"color: #000000;\"><span style=\"font-family: Times New Roman, serif;\"><span style=\"font-size: medium;\">pra\u017esk\u00e9 p\u0159ehl\u00eddce designu a m\u00f3dy Designblok 2025 prezentova<\/span><\/span><\/span><\/strong><strong><span style=\"color: #000000;\"><span style=\"font-family: Times New Roman, serif;\"><span style=\"font-size: medium;\">la<\/span><\/span><\/span><\/strong><strong><span style=\"color: #000000;\"><span style=\"font-family: Times New Roman, serif;\"><span style=\"font-size: medium;\"> vlastn\u00ed expozic\u00ed. Vedle elektrick\u00e9ho modelu Elroq RS moh<\/span><\/span><\/span><\/strong><strong><span style=\"color: #000000;\"><span style=\"font-family: Times New Roman, serif;\"><span style=\"font-size: medium;\">li<\/span><\/span><\/span><\/strong><strong><span style=\"color: #000000;\"><span style=\"font-family: Times New Roman, serif;\"><span style=\"font-size: medium;\"> n\u00e1v\u0161t\u011bvn\u00edci obdivovat i studii \u0160koda Vision O uvnit\u0159 K\u0159i\u017e\u00edkova pavilonu B. Koncept odprezentoval m\u00e9di\u00edm Martin Jahn.<\/span><\/span><\/span><\/strong><!--more--><\/p>\n<p><span style=\"color: #000000;\"><span style=\"font-family: Times New Roman, serif;\"><span style=\"font-size: medium;\"> \u201eVzhled vozu zaujme \u010dist\u00fdmi liniemi, optimalizovanou aerodynamikou a osv\u011btlen\u00edm \u0160koda Cyber Lights. Evoluce designov\u00e9ho jazyka Modern Solid podtrhuje exteri\u00e9r studie s p\u0159evratn\u011b pojatou maskou Tech-loop. Vision O disponuje funkcemi autonomn\u00edho \u0159\u00edzen\u00ed i chytr\u00fdmi \u0159e\u0161en\u00edmi um\u011bl\u00e9 inteligence. Up\u0159ednost\u0148uje udr\u017eitelnost d\u00edky pou\u017eit\u00ed obnoviteln\u00fdch materi\u00e1l\u016f a dodr\u017eov\u00e1n\u00ed princip\u016f ob\u011bhov\u00e9ho hospod\u00e1\u0159stv\u00ed,\u201c <\/span><\/span><\/span><span style=\"color: #000000;\"><span style=\"font-family: Times New Roman, serif;\"><span style=\"font-size: medium;\">uvedl na <\/span><\/span><\/span><span style=\"color: #000000;\"><span style=\"font-family: Times New Roman, serif;\"><span style=\"font-size: medium;\">\u010desk\u00e9 <\/span><\/span><\/span><span style=\"color: #000000;\"><span style=\"font-family: Times New Roman, serif;\"><span style=\"font-size: medium;\">premi\u00e9\u0159e vozu <strong>\u010dlen p\u0159edstavenstva \u0160kody Martin Jahn.<\/strong><\/span><\/span><\/span><\/p>\n<p><img loading=\"lazy\" decoding=\"async\" class=\"alignnone size-medium wp-image-16979\" src=\"http:\/\/www.automakers.cz\/wp-content\/uploads\/2025\/10\/Skoda-Vision-O-Degnblok-zadek-orez-900x560.jpg\" alt=\"\" width=\"900\" height=\"560\" srcset=\"https:\/\/www.automakers.cz\/wp-content\/uploads\/2025\/10\/Skoda-Vision-O-Degnblok-zadek-orez-900x560.jpg 900w, https:\/\/www.automakers.cz\/wp-content\/uploads\/2025\/10\/Skoda-Vision-O-Degnblok-zadek-orez-1024x637.jpg 1024w, https:\/\/www.automakers.cz\/wp-content\/uploads\/2025\/10\/Skoda-Vision-O-Degnblok-zadek-orez-768x478.jpg 768w, https:\/\/www.automakers.cz\/wp-content\/uploads\/2025\/10\/Skoda-Vision-O-Degnblok-zadek-orez-1536x956.jpg 1536w, https:\/\/www.automakers.cz\/wp-content\/uploads\/2025\/10\/Skoda-Vision-O-Degnblok-zadek-orez.jpg 1723w\" sizes=\"auto, (max-width: 900px) 100vw, 900px\" \/>V \u00fast\u0159ed\u00ed<strong> venkovn\u00ed expozice<\/strong> st\u00e1l na Designbloku model Elroq ve verzi RS. Sochy i sc\u00e9ny v expozici prezentovaly t\u00e9mata spojen\u00e1 pr\u00e1v\u011b s vozem \u0160koda Elroq.<\/p>\n<p><img loading=\"lazy\" decoding=\"async\" class=\"alignnone size-medium wp-image-16978\" src=\"http:\/\/www.automakers.cz\/wp-content\/uploads\/2025\/10\/Skoda-Elroq-Designblok-orez-900x585.jpg\" alt=\"\" width=\"900\" height=\"585\" srcset=\"https:\/\/www.automakers.cz\/wp-content\/uploads\/2025\/10\/Skoda-Elroq-Designblok-orez-900x585.jpg 900w, https:\/\/www.automakers.cz\/wp-content\/uploads\/2025\/10\/Skoda-Elroq-Designblok-orez-1024x665.jpg 1024w, https:\/\/www.automakers.cz\/wp-content\/uploads\/2025\/10\/Skoda-Elroq-Designblok-orez-768x499.jpg 768w, https:\/\/www.automakers.cz\/wp-content\/uploads\/2025\/10\/Skoda-Elroq-Designblok-orez-1536x998.jpg 1536w, https:\/\/www.automakers.cz\/wp-content\/uploads\/2025\/10\/Skoda-Elroq-Designblok-orez.jpg 1696w\" sizes=\"auto, (max-width: 900px) 100vw, 900px\" \/><strong>Erich Handl, Designblok, V\u00fdstavi\u0161t\u011b Hole\u0161ovice<\/strong><\/p>\n<p>&nbsp;<\/p>\n","protected":false},"excerpt":{"rendered":"<p>\u0160koda Auto se na \u0159\u00edjnov\u00e9 pra\u017esk\u00e9 p\u0159ehl\u00eddce designu a m\u00f3dy Designblok 2025 prezentovala vlastn\u00ed expozic\u00ed&#8230;.<\/p>\n","protected":false},"author":1,"featured_media":16965,"comment_status":"closed","ping_status":"closed","sticky":false,"template":"","format":"standard","meta":{"footnotes":""},"categories":[13,26,8],"tags":[],"class_list":["post-16975","post","type-post","status-publish","format-standard","has-post-thumbnail","hentry","category-design","category-eventy","category-vystavy"],"_links":{"self":[{"href":"https:\/\/www.automakers.cz\/index.php?rest_route=\/wp\/v2\/posts\/16975","targetHints":{"allow":["GET"]}}],"collection":[{"href":"https:\/\/www.automakers.cz\/index.php?rest_route=\/wp\/v2\/posts"}],"about":[{"href":"https:\/\/www.automakers.cz\/index.php?rest_route=\/wp\/v2\/types\/post"}],"author":[{"embeddable":true,"href":"https:\/\/www.automakers.cz\/index.php?rest_route=\/wp\/v2\/users\/1"}],"replies":[{"embeddable":true,"href":"https:\/\/www.automakers.cz\/index.php?rest_route=%2Fwp%2Fv2%2Fcomments&post=16975"}],"version-history":[{"count":5,"href":"https:\/\/www.automakers.cz\/index.php?rest_route=\/wp\/v2\/posts\/16975\/revisions"}],"predecessor-version":[{"id":16981,"href":"https:\/\/www.automakers.cz\/index.php?rest_route=\/wp\/v2\/posts\/16975\/revisions\/16981"}],"wp:featuredmedia":[{"embeddable":true,"href":"https:\/\/www.automakers.cz\/index.php?rest_route=\/wp\/v2\/media\/16965"}],"wp:attachment":[{"href":"https:\/\/www.automakers.cz\/index.php?rest_route=%2Fwp%2Fv2%2Fmedia&parent=16975"}],"wp:term":[{"taxonomy":"category","embeddable":true,"href":"https:\/\/www.automakers.cz\/index.php?rest_route=%2Fwp%2Fv2%2Fcategories&post=16975"},{"taxonomy":"post_tag","embeddable":true,"href":"https:\/\/www.automakers.cz\/index.php?rest_route=%2Fwp%2Fv2%2Ftags&post=16975"}],"curies":[{"name":"wp","href":"https:\/\/api.w.org\/{rel}","templated":true}]}}