{"id":16983,"date":"2025-10-09T13:20:56","date_gmt":"2025-10-09T13:20:56","guid":{"rendered":"https:\/\/www.automakers.cz\/?p=16983"},"modified":"2025-10-09T13:23:41","modified_gmt":"2025-10-09T13:23:41","slug":"jan-laube-skoncil-u-importu-vozu-baic","status":"publish","type":"post","link":"https:\/\/www.automakers.cz\/?p=16983","title":{"rendered":"Jan Laube skon\u010dil u importu voz\u016f BAIC"},"content":{"rendered":"<p align=\"left\"><strong><span style=\"color: #2c363a;\"><span style=\"font-family: Aptos, sans-serif;\"><span style=\"font-size: small;\">Naprosto ne\u010dekan\u011b skon\u010dil ve st\u0159edu 8. \u0159\u00edjna ve funkci gener\u00e1ln\u00edho \u0159editele spole\u010dnosti GB Distribution CZ Jan Laube. Na pozici koordin\u00e1tora import\u00e9ra automobil\u016f \u010d\u00ednsk\u00e9 zna\u010dky BAIC pro \u010cR a SR vydr\u017eel osm m\u011bs\u00edc\u016f. GB Distribution CZ\u00a0 je \u010dlenem polsk\u00e9 skupiny BEMO Group.<\/span><\/span><\/span><\/strong><!--more--><\/p>\n<p align=\"left\"><span style=\"color: #2c363a;\"><span style=\"font-family: Aptos, sans-serif;\"><span style=\"font-size: small;\">D\u016fvody tohoto p\u0159ekvapiv\u00e9ho opat\u0159en\u00ed zat\u00edm nejsou zn\u00e1m\u00e9. Zna\u010dka BAIC teprve p\u0159ed \u0161esti t\u00fddny prezentovala v Praze sv\u016fj ofici\u00e1ln\u00ed vstup na \u010desk\u00fd trh a v \u010desk\u00e9 premi\u00e9\u0159e zaj\u00edmavou novinku, off-road model BJ30 AWD, kter\u00fd by se m\u011bl za\u010d\u00edt prod\u00e1vat n\u011bkdy okolo konce leto\u0161n\u00edho roku. V sou\u010dasnosti BAIC zahajuje prodej model\u016f BAIC X7, X55 \u00a0X35 s t\u00edm, \u017ee brzo p\u0159ibydou dal\u0161\u00ed. <\/span><\/span><\/span><\/p>\n<p align=\"left\"><strong><span style=\"color: #2c363a;\"><span style=\"font-family: Aptos, sans-serif;\"><span style=\"font-size: small;\">Mate\u0159sk\u00e1 skupina BEMO u\u017e podle dostupn\u00fdch inmformac\u00ed jedn\u00e1 s mo\u017en\u00fdmi n\u00e1stupci na Laubeho pozici.<\/span><\/span><\/span><\/strong><\/p>\n<p><img loading=\"lazy\" decoding=\"async\" class=\"size-medium wp-image-15889\" src=\"http:\/\/www.automakers.cz\/wp-content\/uploads\/2025\/08\/BAIC-Laube-schody-prapor-900x506.jpg\" alt=\"\" width=\"900\" height=\"506\" srcset=\"https:\/\/www.automakers.cz\/wp-content\/uploads\/2025\/08\/BAIC-Laube-schody-prapor-900x506.jpg 900w, https:\/\/www.automakers.cz\/wp-content\/uploads\/2025\/08\/BAIC-Laube-schody-prapor-1024x576.jpg 1024w, https:\/\/www.automakers.cz\/wp-content\/uploads\/2025\/08\/BAIC-Laube-schody-prapor-768x432.jpg 768w, https:\/\/www.automakers.cz\/wp-content\/uploads\/2025\/08\/BAIC-Laube-schody-prapor-1536x864.jpg 1536w, https:\/\/www.automakers.cz\/wp-content\/uploads\/2025\/08\/BAIC-Laube-schody-prapor-1280x720.jpg 1280w, https:\/\/www.automakers.cz\/wp-content\/uploads\/2025\/08\/BAIC-Laube-schody-prapor.jpg 2048w\" sizes=\"auto, (max-width: 900px) 100vw, 900px\" \/><strong><span style=\"color: #2c363a;\"><span style=\"font-family: Aptos, sans-serif;\"><span style=\"font-size: small;\">O dal\u0161\u00edm v\u00fdvoji situace v importu voz\u016f BAIC a o dal\u0161\u00edm profesn\u00edm p\u016fsoben\u00ed nyn\u00ed voln\u00e9ho Jana Laubeho budeme informovat.<\/span><\/span><\/span><\/strong><\/p>\n<p align=\"left\"><span style=\"color: #2c363a;\"><span style=\"font-family: Aptos, sans-serif;\"><span style=\"font-size: small;\">Zdroj: Automakers archiv\u00a0 \u00a0<\/span><\/span><\/span><\/p>\n","protected":false},"excerpt":{"rendered":"<p>Naprosto ne\u010dekan\u011b skon\u010dil ve st\u0159edu 8. \u0159\u00edjna ve funkci gener\u00e1ln\u00edho \u0159editele spole\u010dnosti GB Distribution CZ&#8230;<\/p>\n","protected":false},"author":1,"featured_media":15935,"comment_status":"closed","ping_status":"closed","sticky":false,"template":"","format":"standard","meta":{"footnotes":""},"categories":[80,6,5],"tags":[],"class_list":["post-16983","post","type-post","status-publish","format-standard","has-post-thumbnail","hentry","category-insider","category-management","category-personalie"],"_links":{"self":[{"href":"https:\/\/www.automakers.cz\/index.php?rest_route=\/wp\/v2\/posts\/16983","targetHints":{"allow":["GET"]}}],"collection":[{"href":"https:\/\/www.automakers.cz\/index.php?rest_route=\/wp\/v2\/posts"}],"about":[{"href":"https:\/\/www.automakers.cz\/index.php?rest_route=\/wp\/v2\/types\/post"}],"author":[{"embeddable":true,"href":"https:\/\/www.automakers.cz\/index.php?rest_route=\/wp\/v2\/users\/1"}],"replies":[{"embeddable":true,"href":"https:\/\/www.automakers.cz\/index.php?rest_route=%2Fwp%2Fv2%2Fcomments&post=16983"}],"version-history":[{"count":4,"href":"https:\/\/www.automakers.cz\/index.php?rest_route=\/wp\/v2\/posts\/16983\/revisions"}],"predecessor-version":[{"id":16987,"href":"https:\/\/www.automakers.cz\/index.php?rest_route=\/wp\/v2\/posts\/16983\/revisions\/16987"}],"wp:featuredmedia":[{"embeddable":true,"href":"https:\/\/www.automakers.cz\/index.php?rest_route=\/wp\/v2\/media\/15935"}],"wp:attachment":[{"href":"https:\/\/www.automakers.cz\/index.php?rest_route=%2Fwp%2Fv2%2Fmedia&parent=16983"}],"wp:term":[{"taxonomy":"category","embeddable":true,"href":"https:\/\/www.automakers.cz\/index.php?rest_route=%2Fwp%2Fv2%2Fcategories&post=16983"},{"taxonomy":"post_tag","embeddable":true,"href":"https:\/\/www.automakers.cz\/index.php?rest_route=%2Fwp%2Fv2%2Ftags&post=16983"}],"curies":[{"name":"wp","href":"https:\/\/api.w.org\/{rel}","templated":true}]}}