{"id":17012,"date":"2025-10-09T14:19:31","date_gmt":"2025-10-09T14:19:31","guid":{"rendered":"https:\/\/www.automakers.cz\/?p=17012"},"modified":"2025-10-09T14:37:44","modified_gmt":"2025-10-09T14:37:44","slug":"akce-art-of-volvo-predstavila-elektromobil-es-90","status":"publish","type":"post","link":"https:\/\/www.automakers.cz\/?p=17012","title":{"rendered":"Pragovka hostila akci Art of Volvo, p\u0159edstavil se elektromobil ES 90"},"content":{"rendered":"<p><strong>Pra\u017esk\u00e1 Pragovka Art District hostila prezentaci Art of Volvo v r\u00e1mci kter\u00e9 se \u010desk\u00fdm m\u00e9di\u00edm poprv\u00e9 p\u0159edvedl elektromobil ES 90. Vedle \u0161\u00e9fky importu \u0160\u00e1rky Heyny Fuchsov\u00e9 prezentovali novinku tak\u00e9 zahrani\u010dn\u00ed host\u00e9, k vid\u011bn\u00ed byly i um\u011bleck\u00e9 expozice.<\/strong><!--more--><\/p>\n<p>Volvo Cars zah\u00e1jilo v\u00fdrobu pln\u011b<strong> elektrick\u00e9ho sedanu ES90<\/strong> ur\u010den\u00e9ho pro evropsk\u00e9 trhy za\u010d\u00e1tkem leto\u0161n\u00edho z\u00e1\u0159\u00ed.<\/p>\n<p><img loading=\"lazy\" decoding=\"async\" class=\"alignnone size-medium wp-image-17019\" src=\"http:\/\/www.automakers.cz\/wp-content\/uploads\/2025\/10\/Volvo-EX90-Pragovka-koberec-900x600.jpg\" alt=\"\" width=\"900\" height=\"600\" \/>&#8222;Novinka byla v z\u00e1\u0159\u00ed na tour, bude d\u00e1le k vid\u011bn\u00ed na listopadov\u00e9m e-SALONu, import u\u017e zah\u00e1jil p\u0159\u00edjem objedn\u00e1vek. Prvn\u00ed z\u00e1kazn\u00edci se do\u010dkaj\u00ed sv\u00fdch nov\u00fdch voz\u016f v zim\u011b,&#8220; uvedla <strong>\u0160\u00e1rka Heyna Fuchsov\u00e1.<\/strong><\/p>\n<p><img loading=\"lazy\" decoding=\"async\" class=\"alignnone size-medium wp-image-17018\" src=\"http:\/\/www.automakers.cz\/wp-content\/uploads\/2025\/10\/Volvo-Pragovka-Heyna-Petra-900x600.jpg\" alt=\"\" width=\"900\" height=\"600\" \/>&#8222;Jedn\u00e1 se o prvn\u00ed n\u00e1\u0161 model vybaven\u00fd 800voltovou technologi\u00ed umo\u017e\u0148uj\u00edc\u00ed del\u0161\u00ed dojezd a rychlej\u0161\u00ed nab\u00edjen\u00ed ne\u017e jak\u00fdkoli z dosavadn\u00edch voz\u016f Volvo. Jeho ned\u00edlnou sou\u010d\u00e1st\u00ed jsou pr\u016fkopnick\u00e9 bezpe\u010dnostn\u00ed technologie a atraktivn\u00ed design, kter\u00fd aspiruje na pozici dal\u0161\u00ed skandin\u00e1vsk\u00e9 designov\u00e9 klasiky zna\u010dky Volvo,&#8220; <strong>up\u0159esnili Frederik Lind a Bart Pyl.<\/strong><\/p>\n<p><img loading=\"lazy\" decoding=\"async\" class=\"alignnone size-medium wp-image-17022\" src=\"http:\/\/www.automakers.cz\/wp-content\/uploads\/2025\/10\/Volvo-manazeri-Lynk-900x600.jpg\" alt=\"\" width=\"900\" height=\"600\" \/><strong>Model ES90 je \u0159\u00edzen\u00fd v\u00fdpo\u010detn\u00edm j\u00e1drem vozu nov\u00e9 generace<\/strong> a vyvinut\u00fd s vyu\u017eit\u00edm supersady technologick\u00fdch funkc\u00ed (Super tech stack) automobilky Volvo, p\u0159i\u010dem\u017e je sou\u010dasn\u011b navr\u017een tak, aby se mohl na z\u00e1klad\u011b softwarov\u00fdch aktualizac\u00ed postupem doby d\u00e1le vyv\u00edjet.<\/p>\n<p><img loading=\"lazy\" decoding=\"async\" class=\"alignnone size-medium wp-image-17020\" src=\"http:\/\/www.automakers.cz\/wp-content\/uploads\/2025\/10\/Volvo-Pragovka-hala-900x600.jpg\" alt=\"\" width=\"900\" height=\"600\" \/><strong>V\u00fdroba vozu prob\u00edh\u00e1 v z\u00e1vod\u011b spole\u010dnosti Volvo Cars v \u010d\u00ednsk\u00e9m \u010ccheng-tu<\/strong>, kde je vyu\u017e\u00edv\u00e1na klimaticky neutr\u00e1ln\u00ed energie, p\u0159i\u010dem\u017e se podle \u010dervencov\u00e9 zpr\u00e1vy spole\u010dnosti o hodnocen\u00ed \u017eivotn\u00edho cyklu* m\u016f\u017ee model ES90 pochlubit jednou z nejni\u017e\u0161\u00edch uhl\u00edkov\u00fdch stop ze v\u0161ech voz\u016f Volvo.<\/p>\n<p><iframe loading=\"lazy\"  id=\"_ytid_44057\"  width=\"640\" height=\"360\"  data-origwidth=\"640\" data-origheight=\"360\" src=\"https:\/\/www.youtube.com\/embed\/Vqya0VKJniU?enablejsapi=1&#038;autoplay=0&#038;cc_load_policy=0&#038;cc_lang_pref=&#038;iv_load_policy=1&#038;loop=0&#038;modestbranding=0&#038;rel=1&#038;fs=1&#038;playsinline=0&#038;autohide=2&#038;theme=dark&#038;color=red&#038;controls=1&#038;\" class=\"__youtube_prefs__  epyt-is-override  no-lazyload\" title=\"YouTube player\"  allow=\"accelerometer; autoplay; clipboard-write; encrypted-media; gyroscope; picture-in-picture\" allowfullscreen data-no-lazy=\"1\" data-skipgform_ajax_framebjll=\"\"><\/iframe><\/p>\n<p>Nov\u00e9 pln\u011b elektrick\u00e9 Volvo ES90 se v z\u00e1\u0159\u00ed p\u0159edstavilo tak\u00e9 v r\u00e1mci statick\u00e9 prezentace u autorizovan\u00fdch partner\u016f zna\u010dky.<\/p>\n<p><strong>Erich Handl, Pragovka Art District, Vyso\u010dany; Foto: Volvo<\/strong><\/p>\n<p><img loading=\"lazy\" decoding=\"async\" class=\"alignnone size-medium wp-image-17029\" src=\"http:\/\/www.automakers.cz\/wp-content\/uploads\/2025\/10\/Volvo-Pragovka-Webster-900x600.jpg\" alt=\"\" width=\"900\" height=\"600\" \/><\/p>\n<p><img loading=\"lazy\" decoding=\"async\" class=\"alignnone size-medium wp-image-17027\" src=\"http:\/\/www.automakers.cz\/wp-content\/uploads\/2025\/10\/Volvo-Praga-Behal-900x600.jpg\" alt=\"\" width=\"900\" height=\"600\" \/><img loading=\"lazy\" decoding=\"async\" class=\"alignnone size-medium wp-image-17017\" src=\"http:\/\/www.automakers.cz\/wp-content\/uploads\/2025\/10\/Volvo-Pragovka-auta-900x600.jpg\" alt=\"\" width=\"900\" height=\"600\" \/><\/p>\n","protected":false},"excerpt":{"rendered":"<p>Pra\u017esk\u00e1 Pragovka Art District hostila prezentaci Art of Volvo v r\u00e1mci kter\u00e9 se \u010desk\u00fdm m\u00e9di\u00edm&#8230;<\/p>\n","protected":false},"author":1,"featured_media":17016,"comment_status":"closed","ping_status":"closed","sticky":false,"template":"","format":"standard","meta":{"footnotes":""},"categories":[9,26,12,66],"tags":[],"class_list":["post-17012","post","type-post","status-publish","format-standard","has-post-thumbnail","hentry","category-elektromobily","category-eventy","category-premiery","category-video"],"_links":{"self":[{"href":"https:\/\/www.automakers.cz\/index.php?rest_route=\/wp\/v2\/posts\/17012","targetHints":{"allow":["GET"]}}],"collection":[{"href":"https:\/\/www.automakers.cz\/index.php?rest_route=\/wp\/v2\/posts"}],"about":[{"href":"https:\/\/www.automakers.cz\/index.php?rest_route=\/wp\/v2\/types\/post"}],"author":[{"embeddable":true,"href":"https:\/\/www.automakers.cz\/index.php?rest_route=\/wp\/v2\/users\/1"}],"replies":[{"embeddable":true,"href":"https:\/\/www.automakers.cz\/index.php?rest_route=%2Fwp%2Fv2%2Fcomments&post=17012"}],"version-history":[{"count":10,"href":"https:\/\/www.automakers.cz\/index.php?rest_route=\/wp\/v2\/posts\/17012\/revisions"}],"predecessor-version":[{"id":17032,"href":"https:\/\/www.automakers.cz\/index.php?rest_route=\/wp\/v2\/posts\/17012\/revisions\/17032"}],"wp:featuredmedia":[{"embeddable":true,"href":"https:\/\/www.automakers.cz\/index.php?rest_route=\/wp\/v2\/media\/17016"}],"wp:attachment":[{"href":"https:\/\/www.automakers.cz\/index.php?rest_route=%2Fwp%2Fv2%2Fmedia&parent=17012"}],"wp:term":[{"taxonomy":"category","embeddable":true,"href":"https:\/\/www.automakers.cz\/index.php?rest_route=%2Fwp%2Fv2%2Fcategories&post=17012"},{"taxonomy":"post_tag","embeddable":true,"href":"https:\/\/www.automakers.cz\/index.php?rest_route=%2Fwp%2Fv2%2Ftags&post=17012"}],"curies":[{"name":"wp","href":"https:\/\/api.w.org\/{rel}","templated":true}]}}