{"id":17034,"date":"2025-10-10T06:28:51","date_gmt":"2025-10-10T06:28:51","guid":{"rendered":"https:\/\/www.automakers.cz\/?p=17034"},"modified":"2025-10-12T18:23:19","modified_gmt":"2025-10-12T18:23:19","slug":"chery-otevrela-showroom-v-pruhonicich","status":"publish","type":"post","link":"https:\/\/www.automakers.cz\/?p=17034","title":{"rendered":"Chery otev\u0159ela showroom v Pr\u016fhonic\u00edch (Video z openingu)"},"content":{"rendered":"<p><strong>\u010c\u00ednsk\u00e1 Chery v l\u00e9t\u011b ohl\u00e1sila p\u0159\u00edchod do st\u0159edn\u00ed Evropy a v \u00fater\u00fd 7. \u0159\u00edjna otev\u0159ela prvn\u00ed \u010desk\u00fd showroom zna\u010dky v Pr\u016fhonic\u00edch u Prahy. Je\u0161t\u011b letos chce v tuzemsku prodat cca 60 voz\u016f, v p\u0159\u00ed\u0161t\u00edm roce v\u00edce. P\u0159ipravuje tak\u00e9 s\u00e9rii z\u00e1\u017eitkov\u00fdch akc\u00ed pro \u010desk\u00e9 z\u00e1kazn\u00edky.<\/strong><\/p>\n<p><!--more--><\/p>\n<p><strong>Nejv\u011bt\u0161\u00ed \u010d\u00ednsk\u00fd export\u00e9r tak\u00e9 u n\u00e1s<\/strong><\/p>\n<p>Chery na ja\u0159e vyjedn\u00e1vala o \u010desk\u00e9m importu s <strong>Autobinckem<\/strong>, z dohody ale nakonec se\u0161lo. \u010c\u00ed\u0148an\u00e9 pot\u00e9 pov\u011b\u0159ili dovozem kaza\u0161skou <strong>Astan<\/strong>u. Jej\u00ed\u00ed \u0161\u00e9f Nurlan Shamgonov v\u011b\u0159\u00ed, \u017ee bude spolehliv\u00fdm partnerem budouc\u00edch \u010desk\u00fdch dealer\u016f.<\/p>\n<p><iframe loading=\"lazy\"  id=\"_ytid_42300\"  width=\"640\" height=\"360\"  data-origwidth=\"640\" data-origheight=\"360\" src=\"https:\/\/www.youtube.com\/embed\/Sw0Qicz7SMI?enablejsapi=1&#038;autoplay=0&#038;cc_load_policy=0&#038;cc_lang_pref=&#038;iv_load_policy=1&#038;loop=0&#038;modestbranding=0&#038;rel=1&#038;fs=1&#038;playsinline=0&#038;autohide=2&#038;theme=dark&#038;color=red&#038;controls=1&#038;\" class=\"__youtube_prefs__  epyt-is-override  no-lazyload\" title=\"YouTube player\"  allow=\"accelerometer; autoplay; clipboard-write; encrypted-media; gyroscope; picture-in-picture\" allowfullscreen data-no-lazy=\"1\" data-skipgform_ajax_framebjll=\"\"><\/iframe><\/p>\n<p><strong>Nab\u00eddka t\u0159\u00ed crossover\u016f<\/strong><\/p>\n<p>V\u0161echny t\u0159i u n\u00e1s nab\u00edzen\u00e9 modely Chery jsou poh\u00e1n\u011bny z\u00e1\u017eehov\u00fdmi motory, vybaveny samo\u010dinn\u00fdmi p\u0159evodovkami a nab\u00edzeny v n\u011bkolika verz\u00edch. Nejmen\u0161\u00edm v sou\u010dasn\u00e9 nab\u00eddce je 4320 mm dlouh\u00e9 <strong>Tiggo 4 CSH (Chery Super Hybrid)<\/strong>, kter\u00e9 za 699 000 K\u010d nab\u00edz\u00ed kombinovan\u00fd v\u00fdkon 120 kW, pr\u016fm\u011brnou spot\u0159ebu 5,4 l\/100 km, zrychlen\u00ed z 0 na 100 km\/h za 8,9 s, dojezd p\u0159i pln\u00e9m nabit\u00ed 1000 km a nadstandardn\u00ed v\u00fdbavu, kter\u00e1 zahrnuje mj. 360\u00b0 kamerov\u00fd syst\u00e9m, \u010daloun\u011bn\u00ed kvalitn\u00ed um\u011blou eko k\u016f\u017e\u00ed, vyh\u0159\u00edv\u00e1n\u00ed p\u0159edn\u00edch a audio syst\u00e9m.<\/p>\n<p><img loading=\"lazy\" decoding=\"async\" class=\"alignnone size-medium wp-image-17040\" src=\"http:\/\/www.automakers.cz\/wp-content\/uploads\/2025\/10\/CheryPruhonice-auta-900x566.jpg\" alt=\"\" width=\"900\" height=\"566\" \/><\/p>\n<p>Velikost\u00ed s\u0159edn\u00ed \u010dty\u0159kolka <strong>Tiggo 7<\/strong> nab\u00edz\u00ed p\u0159i d\u00e9lce 4553 mm inteligentn\u00ed syst\u00e9m pohonu v\u0161ech kol BorgWarner 6. generace s j\u00edzdn\u00edm re\u017eimy sn\u00edh, bl\u00e1to, p\u00edsek a off-road, z\u00e1\u017eehov\u00fd motor 1.6 l\/108 kW, 19\u201c kola z\u00a0lehk\u00fdch slitin, panoramatick\u00e9 st\u0159e\u0161n\u00ed okno, sound syst\u00e9m Sony s\u00a08 reproduktory, ventilovan\u00e1 p\u0159edn\u00ed sedadla, head-up display, a to v\u0161e za 869\u00a0000 K\u010d.<\/p>\n<p><img loading=\"lazy\" decoding=\"async\" class=\"alignnone size-medium wp-image-17041\" src=\"http:\/\/www.automakers.cz\/wp-content\/uploads\/2025\/10\/2510_Chery_3-900x766.jpg\" alt=\"\" width=\"900\" height=\"766\" \/>Vrcholem aktu\u00e1ln\u00ed nab\u00eddky Chery je 4725 mm dlouh\u00fd model <strong>Tiggo 8<\/strong> s klasick\u00fdm pohonem p\u0159edn\u00edch kol a motorem o v\u00fdkonu 108 kW (147 k), jeho\u017e bohat\u00e1 standardn\u00ed v\u00fdbava zahrnuje nap\u0159. 26 asisten\u010dn\u00edch syst\u00e9m\u016f, 9 airbag\u016f, 540\u00b0 kamerov\u00fd syst\u00e9m, panoramatick\u00e9 st\u0159e\u0161n\u00ed okno, audio syst\u00e9m Sony s 12 reproduktory, sedadla pota\u017een\u00e1 eko k\u016f\u017e\u00ed, p\u0159edn\u00ed vyh\u0159\u00edvan\u00e1 a ventilovan\u00e1, vyh\u0159\u00edvan\u00e9 \u010deln\u00ed sklo, 19\u201c kola z lehk\u00fdch slitin, a to v\u0161e za 899 000 K\u010d.<\/p>\n<p><img loading=\"lazy\" decoding=\"async\" class=\"alignnone size-medium wp-image-17039\" src=\"http:\/\/www.automakers.cz\/wp-content\/uploads\/2025\/10\/Chery-Tiggo-8-900x641.jpg\" alt=\"\" width=\"900\" height=\"641\" \/><strong>Zaj\u00edmav\u00e1 konkurence<\/strong><\/p>\n<p>Pap\u00edrov\u011b p\u0159edstavuj\u00ed v\u0161echny t\u0159i modely Chery docela nebezpe\u010dnou konkurenci mnoha zaveden\u00fdm zna\u010dk\u00e1m u\u017e proto, \u017ee nejen na prvn\u00ed pohled bud\u00ed tyto modely dojem kvality a seri\u00f3znosti na \u00farovni evropsk\u00fdch pr\u00e9miov\u00fdch zna\u010dek. Dojmy budou muset samoz\u0159ejm\u011b potvrdit zku\u0161enosti z\u00a0praktick\u00e9ho provozu. Import\u00e9r tvrd\u00ed, \u017ee bude kl\u00e1st velk\u00fd d\u016fraz na z\u00e1kaznick\u00fd servis, poprodejn\u00ed podporu a inovativn\u00ed marketing, a \u017ee spole\u010dnost je dob\u0159e p\u0159ipravena splnit o\u010dek\u00e1v\u00e1n\u00ed \u010desk\u00fdch spot\u0159ebitel\u016f.<\/p>\n<p><strong>Karel Ber\u00e1nek, Pr\u016fhonice, Video: Lud\u011bk Kortus<\/strong><\/p>\n<p><strong>P\u00e1sku p\u0159i slavnostn\u00edm otev\u0159en\u00ed skute\u010dn\u011b velk\u00e9 a reprezentativn\u00ed prodejny p\u0159est\u0159ihli Nurlan Shamgonov, CEO Astana Motors Europe (vpravo) a Jan V\u00e1vra, \u0159editel dealerstv\u00ed Chery Praha.<\/strong><\/p>\n<p><img loading=\"lazy\" decoding=\"async\" class=\"alignnone size-medium wp-image-17038\" src=\"http:\/\/www.automakers.cz\/wp-content\/uploads\/2025\/10\/Chery-showroom-paska-Shamhonov-900x709.jpg\" alt=\"\" width=\"900\" height=\"709\" \/><\/p>\n<p>&nbsp;<\/p>\n","protected":false},"excerpt":{"rendered":"<p>\u010c\u00ednsk\u00e1 Chery v l\u00e9t\u011b ohl\u00e1sila p\u0159\u00edchod do st\u0159edn\u00ed Evropy a v \u00fater\u00fd 7. \u0159\u00edjna otev\u0159ela&#8230;<\/p>\n","protected":false},"author":1,"featured_media":17037,"comment_status":"closed","ping_status":"closed","sticky":false,"template":"","format":"standard","meta":{"footnotes":""},"categories":[59,17,73,66],"tags":[],"class_list":["post-17034","post","type-post","status-publish","format-standard","has-post-thumbnail","hentry","category-automakers-tv","category-dealeri","category-opening","category-video"],"_links":{"self":[{"href":"https:\/\/www.automakers.cz\/index.php?rest_route=\/wp\/v2\/posts\/17034","targetHints":{"allow":["GET"]}}],"collection":[{"href":"https:\/\/www.automakers.cz\/index.php?rest_route=\/wp\/v2\/posts"}],"about":[{"href":"https:\/\/www.automakers.cz\/index.php?rest_route=\/wp\/v2\/types\/post"}],"author":[{"embeddable":true,"href":"https:\/\/www.automakers.cz\/index.php?rest_route=\/wp\/v2\/users\/1"}],"replies":[{"embeddable":true,"href":"https:\/\/www.automakers.cz\/index.php?rest_route=%2Fwp%2Fv2%2Fcomments&post=17034"}],"version-history":[{"count":9,"href":"https:\/\/www.automakers.cz\/index.php?rest_route=\/wp\/v2\/posts\/17034\/revisions"}],"predecessor-version":[{"id":17079,"href":"https:\/\/www.automakers.cz\/index.php?rest_route=\/wp\/v2\/posts\/17034\/revisions\/17079"}],"wp:featuredmedia":[{"embeddable":true,"href":"https:\/\/www.automakers.cz\/index.php?rest_route=\/wp\/v2\/media\/17037"}],"wp:attachment":[{"href":"https:\/\/www.automakers.cz\/index.php?rest_route=%2Fwp%2Fv2%2Fmedia&parent=17034"}],"wp:term":[{"taxonomy":"category","embeddable":true,"href":"https:\/\/www.automakers.cz\/index.php?rest_route=%2Fwp%2Fv2%2Fcategories&post=17034"},{"taxonomy":"post_tag","embeddable":true,"href":"https:\/\/www.automakers.cz\/index.php?rest_route=%2Fwp%2Fv2%2Ftags&post=17034"}],"curies":[{"name":"wp","href":"https:\/\/api.w.org\/{rel}","templated":true}]}}