{"id":17064,"date":"2025-10-10T09:48:28","date_gmt":"2025-10-10T09:48:28","guid":{"rendered":"https:\/\/www.automakers.cz\/?p=17064"},"modified":"2025-10-10T09:48:28","modified_gmt":"2025-10-10T09:48:28","slug":"markus-haupt-sefuje-znacky-seat-a-cupra","status":"publish","type":"post","link":"https:\/\/www.automakers.cz\/?p=17064","title":{"rendered":"Markus Haupt \u0161\u00e9fuje zna\u010dky SEAT a CUPRA"},"content":{"rendered":"<p><strong>Dozor\u010d\u00ed rada zna\u010dek SEAT a CUPRA, j\u00ed\u017e p\u0159edsed\u00e1 Thomas Sch\u00e4fer, \u010dlen p\u0159edstavenstva Volkswagen AG odpov\u011bdn\u00fd za skupinu zna\u010dek Core a p\u0159edseda p\u0159edstavenstva zna\u010dky Volkswagen, jmenovala s okam\u017eitou platnost\u00ed Markuse Haupta nov\u00fdm p\u0159edsedou p\u0159edstavenstva zna\u010dek SEAT a CUPRA.<\/strong> <!--more--><\/p>\n<p>Haupt vykon\u00e1val od 1. dubna funkci prozat\u00edmn\u00edho p\u0159edsedy p\u0159edstavenstva a nyn\u00ed, s plnou podporou v\u00fdkonn\u00e9ho v\u00fdboru spole\u010dnosti, form\u00e1ln\u011b nastupuje na tuto pozici trvale.<\/p>\n<p><strong><b>\u201eMarkus disponuje v\u00edce ne\u017e dv\u011bma desetilet\u00edmi zku\u0161enost\u00ed nap\u0159\u00ed\u010d r\u016fzn\u00fdmi zna\u010dkami a zem\u011bmi v\u00a0r\u00e1mci koncernu Volkswagen,\u201c<\/b><\/strong>\u00a0\u0159\u00edk\u00e1 Thomas Sch\u00e4fer, p\u0159edseda dozor\u010d\u00ed rady zna\u010dek SEAT a CUPRA. <strong><b>\u201eD\u00edky sv\u00fdm hlubok\u00fdm znalostem v\u00a0oblastech v\u00fdroby, logistiky a strategick\u00e9ho pl\u00e1nov\u00e1n\u00ed je ide\u00e1ln\u00edm l\u00eddrem pro realizaci elektrifika\u010dn\u00ed strategie spole\u010dnosti a udr\u017een\u00ed r\u016fstu zna\u010dky CUPRA. Po \u00fasp\u011b\u0161n\u00e9m \u0159\u00edzen\u00ed transformace v\u00fdrobn\u00edch z\u00e1vod\u016f zna\u010dek SEAT a CUPRA v\u00a0r\u00e1mci p\u0159\u00edprav na rodinu m\u011bstsk\u00fdch elektromobil\u016f je dokonale p\u0159ipraven utv\u00e1\u0159et budoucnost obou zna\u010dek,\u201c<\/b><\/strong>\u00a0dodal Sch\u00e4fer.<\/p>\n<p><strong><b>\u00a0<\/b><\/strong>Markus Haupt p\u0159eb\u00edr\u00e1 kormidlo v\u00a0d\u016fle\u017eit\u00e9m okam\u017eiku, nebo\u0165 spole\u010dnost SEAT S.A. pr\u00e1v\u011b urychluje svou elektrifikaci. Haupt nastoupil do funkce \u010dlena p\u0159edstavenstva odpov\u011bdn\u00e9ho za v\u00fdrobu a logistiku v\u00a0roce 2022 a od t\u00e9 doby podporuje transforma\u010dn\u00ed kroky v\u010detn\u011b investice 3 miliard EUR do elektrifikace v\u00fdrobn\u00edho z\u00e1vodu Martorell. Z\u00a0pov\u011b\u0159en\u00ed skupiny zna\u010dek Core stoj\u00ed spole\u010dnost SEAT S.A. na z\u00e1klad\u011b jeho vize a know-how v\u00a0\u010dele pr\u016fkopnick\u00e9ho projektu rodiny m\u011bstsk\u00fdch elektromobil\u016f se \u010dty\u0159mi modely t\u0159\u00ed zna\u010dek, kter\u00e9 budou vyr\u00e1b\u011bny ve dvou v\u00fdrobn\u00edch z\u00e1vodech. D\u00edky t\u00e9to iniciativ\u011b bude elektromobilita je\u0161t\u011b dostupn\u011bj\u0161\u00ed. Nedo\u010dkav\u011b o\u010dek\u00e1van\u00e1 CUPRA Raval, prvn\u00ed model, kter\u00fd za\u010dne sj\u00ed\u017ed\u011bt z\u00a0mont\u00e1\u017en\u00ed linky, bude uvedena na trh v\u00a0b\u0159eznu 2026 a p\u0159iprav\u00ed cestu pro novou \u00e9ru m\u011bstsk\u00e9 elektromobility.<\/p>\n<p><strong><b>\u201eMoje v\u00e1\u0161e\u0148 pro automobily se objevila ji\u017e v\u00a0ran\u00e9m v\u011bku a doprov\u00e1z\u00ed celou moji kari\u00e9ru od pr\u00e1ce na prototypech v\u00a0koncernu Volkswagen a\u017e po nyn\u011bj\u0161\u00ed veden\u00ed zna\u010dek SEAT a CUPRA jako p\u0159edseda p\u0159edstavenstva. Je mi ct\u00ed, \u017ee mohu \u0159\u00eddit tuto spole\u010dnost v\u00a0jej\u00ed nejv\u00fdznamn\u011bj\u0161\u00ed transformaci v\u010detn\u011b p\u0159edstaven\u00ed pr\u016fkopnick\u00fdch model\u016f, jak\u00fdm je CUPRA Raval, a na\u0161eho posunu sm\u011brem k\u00a0elektrifikaci. Spole\u010dn\u011b s\u00a0na\u0161\u00edm v\u00fdkonn\u00fdm v\u00fdborem a na\u0161imi t\u00fdmy jsem p\u0159esv\u011bd\u010den o tom, \u017ee se do historie t\u00e9to spole\u010dnosti zap\u00ed\u0161eme novou kapitolou r\u016fstu,\u201c<\/b><\/strong>\u00a0\u0159ekl Markus Haupt po sv\u00e9m nov\u00e9m jmenov\u00e1n\u00ed. <strong><b>\u201eR\u00e1d bych srde\u010dn\u011b pod\u011bkoval Oliveru Blumemu, Thomasi Sch\u00e4ferovi a p\u0159edstavenstvu koncernu Volkswagen za d\u016fv\u011bru v\u00a0moji osobu v\u00a0t\u00e9to vzru\u0161uj\u00edc\u00ed v\u00fdzv\u011b. Stejn\u011b vd\u011b\u010dn\u00fd jsem tak\u00e9 v\u00fdkonn\u00e9mu v\u00fdboru zna\u010dek SEAT a CUPRA za to, \u017ee jsou v\u00fdjime\u010dn\u00fdmi kolegy a neust\u00e1l\u00fdm zdrojem inspirace. Jsem p\u0159esv\u011bd\u010den o tom, \u017ee spole\u010dn\u011b dos\u00e1hneme pozoruhodn\u00fdch v\u011bc\u00ed,\u201c<\/b><\/strong>\u00a0dodal Haupt.<\/p>\n<p>Zdroj: CUPRA, Zorka Ma\u0161kov\u00e1<\/p>\n<p>&nbsp;<\/p>\n<p>&nbsp;<\/p>\n","protected":false},"excerpt":{"rendered":"<p>Dozor\u010d\u00ed rada zna\u010dek SEAT a CUPRA, j\u00ed\u017e p\u0159edsed\u00e1 Thomas Sch\u00e4fer, \u010dlen p\u0159edstavenstva Volkswagen AG odpov\u011bdn\u00fd&#8230;<\/p>\n","protected":false},"author":1,"featured_media":17067,"comment_status":"closed","ping_status":"closed","sticky":false,"template":"","format":"standard","meta":{"footnotes":""},"categories":[6,5],"tags":[],"class_list":["post-17064","post","type-post","status-publish","format-standard","has-post-thumbnail","hentry","category-management","category-personalie"],"_links":{"self":[{"href":"https:\/\/www.automakers.cz\/index.php?rest_route=\/wp\/v2\/posts\/17064","targetHints":{"allow":["GET"]}}],"collection":[{"href":"https:\/\/www.automakers.cz\/index.php?rest_route=\/wp\/v2\/posts"}],"about":[{"href":"https:\/\/www.automakers.cz\/index.php?rest_route=\/wp\/v2\/types\/post"}],"author":[{"embeddable":true,"href":"https:\/\/www.automakers.cz\/index.php?rest_route=\/wp\/v2\/users\/1"}],"replies":[{"embeddable":true,"href":"https:\/\/www.automakers.cz\/index.php?rest_route=%2Fwp%2Fv2%2Fcomments&post=17064"}],"version-history":[{"count":2,"href":"https:\/\/www.automakers.cz\/index.php?rest_route=\/wp\/v2\/posts\/17064\/revisions"}],"predecessor-version":[{"id":17066,"href":"https:\/\/www.automakers.cz\/index.php?rest_route=\/wp\/v2\/posts\/17064\/revisions\/17066"}],"wp:featuredmedia":[{"embeddable":true,"href":"https:\/\/www.automakers.cz\/index.php?rest_route=\/wp\/v2\/media\/17067"}],"wp:attachment":[{"href":"https:\/\/www.automakers.cz\/index.php?rest_route=%2Fwp%2Fv2%2Fmedia&parent=17064"}],"wp:term":[{"taxonomy":"category","embeddable":true,"href":"https:\/\/www.automakers.cz\/index.php?rest_route=%2Fwp%2Fv2%2Fcategories&post=17064"},{"taxonomy":"post_tag","embeddable":true,"href":"https:\/\/www.automakers.cz\/index.php?rest_route=%2Fwp%2Fv2%2Ftags&post=17064"}],"curies":[{"name":"wp","href":"https:\/\/api.w.org\/{rel}","templated":true}]}}