{"id":17072,"date":"2025-10-12T17:53:16","date_gmt":"2025-10-12T17:53:16","guid":{"rendered":"https:\/\/www.automakers.cz\/?p=17072"},"modified":"2025-10-12T18:42:03","modified_gmt":"2025-10-12T18:42:03","slug":"baumbick-prezidentem-ford-europe","status":"publish","type":"post","link":"https:\/\/www.automakers.cz\/?p=17072","title":{"rendered":"Baumbick prezidentem Ford Europe"},"content":{"rendered":"<p><strong>Jim Baumbick byl s \u00fa\u010dinnost\u00ed od listopadu jmenov\u00e1n prezidentem Ford Europe. V t\u00e9to funkci bude \u0159\u00eddit strategick\u00e9 sm\u011b\u0159ov\u00e1n\u00ed evropsk\u00e9 obchodn\u00ed jednotky spole\u010dnosti s c\u00edlem pos\u00edlit spolupr\u00e1ci s kl\u00ed\u010dov\u00fdmi partnery v regionu.<\/strong><!--more--><\/p>\n<p>Baumbick naposledy p\u016fsobil jako viceprezident pro pokro\u010dil\u00fd v\u00fdvoj produkt\u016f, pl\u00e1nov\u00e1n\u00ed cykl\u016f a programov\u00e1n\u00ed.<\/p>\n<p>Nyn\u00ed bude vyv\u00edjet produkty relevantn\u00ed pro evropsk\u00e9 z\u00e1kazn\u00edky a zajistit rychlej\u0161\u00ed a efektivn\u011bj\u0161\u00ed realizaci. Baumbick bude pod\u0159\u00edzen\u00fd m\u00edstop\u0159edsedovi spole\u010dnosti Ford Johnu Lawlerovi. Baumbick zast\u00e1val ve spole\u010dnosti Ford \u0159adu funkc\u00ed, mimo jin\u00e9 i funkci glob\u00e1ln\u00edho \u0159editele pro v\u00fdvoj produkt\u016f.<\/p>\n<p><strong>Zdroj: FMC, Petr Buri\u00e1n<\/strong><\/p>\n","protected":false},"excerpt":{"rendered":"<p>Jim Baumbick byl s \u00fa\u010dinnost\u00ed od listopadu jmenov\u00e1n prezidentem Ford Europe. V t\u00e9to funkci bude&#8230;<\/p>\n","protected":false},"author":1,"featured_media":17074,"comment_status":"closed","ping_status":"closed","sticky":false,"template":"","format":"standard","meta":{"footnotes":""},"categories":[7,6,5],"tags":[],"class_list":["post-17072","post","type-post","status-publish","format-standard","has-post-thumbnail","hentry","category-kariera","category-management","category-personalie"],"_links":{"self":[{"href":"https:\/\/www.automakers.cz\/index.php?rest_route=\/wp\/v2\/posts\/17072","targetHints":{"allow":["GET"]}}],"collection":[{"href":"https:\/\/www.automakers.cz\/index.php?rest_route=\/wp\/v2\/posts"}],"about":[{"href":"https:\/\/www.automakers.cz\/index.php?rest_route=\/wp\/v2\/types\/post"}],"author":[{"embeddable":true,"href":"https:\/\/www.automakers.cz\/index.php?rest_route=\/wp\/v2\/users\/1"}],"replies":[{"embeddable":true,"href":"https:\/\/www.automakers.cz\/index.php?rest_route=%2Fwp%2Fv2%2Fcomments&post=17072"}],"version-history":[{"count":3,"href":"https:\/\/www.automakers.cz\/index.php?rest_route=\/wp\/v2\/posts\/17072\/revisions"}],"predecessor-version":[{"id":17080,"href":"https:\/\/www.automakers.cz\/index.php?rest_route=\/wp\/v2\/posts\/17072\/revisions\/17080"}],"wp:featuredmedia":[{"embeddable":true,"href":"https:\/\/www.automakers.cz\/index.php?rest_route=\/wp\/v2\/media\/17074"}],"wp:attachment":[{"href":"https:\/\/www.automakers.cz\/index.php?rest_route=%2Fwp%2Fv2%2Fmedia&parent=17072"}],"wp:term":[{"taxonomy":"category","embeddable":true,"href":"https:\/\/www.automakers.cz\/index.php?rest_route=%2Fwp%2Fv2%2Fcategories&post=17072"},{"taxonomy":"post_tag","embeddable":true,"href":"https:\/\/www.automakers.cz\/index.php?rest_route=%2Fwp%2Fv2%2Ftags&post=17072"}],"curies":[{"name":"wp","href":"https:\/\/api.w.org\/{rel}","templated":true}]}}