{"id":17094,"date":"2025-10-14T06:56:57","date_gmt":"2025-10-14T06:56:57","guid":{"rendered":"https:\/\/www.automakers.cz\/?p=17094"},"modified":"2025-10-14T06:56:57","modified_gmt":"2025-10-14T06:56:57","slug":"alpine-otevira-prvni-concept-store-v-parizi","status":"publish","type":"post","link":"https:\/\/www.automakers.cz\/?p=17094","title":{"rendered":"ALPINE otev\u00edr\u00e1 prvn\u00ed concept store v Pa\u0159\u00ed\u017ei"},"content":{"rendered":"<p><strong>Po Barcelon\u011b p\u0159in\u00e1\u0161\u00ed Alpine sv\u016fj vlajkov\u00fd koncept do Pa\u0159\u00ed\u017ee a otev\u00edr\u00e1 dve\u0159e sv\u00e9ho Atelieru. Z\u00e1\u017eitkov\u00fd prostor oslavuje francouzskou automobilovou dokonalost, technologick\u00e9 inovace a v\u00e1\u0161e\u0148 pro motoristick\u00fd sport. <\/strong><!--more--><\/p>\n<p>Toto v\u00fdjime\u010dn\u00e9 m\u00edsto je skute\u010dnou vitr\u00ednou zna\u010dky, navr\u017eenou pro n\u00e1ro\u010dn\u00e9 nad\u0161ence, fanou\u0161ky motoristick\u00e9ho sportu, z\u00e1kazn\u00edky a zv\u011bdav\u00e9 n\u00e1v\u0161t\u011bvn\u00edky, kte\u0159\u00ed hledaj\u00ed intenzivn\u00ed a modern\u00ed automobilov\u00fd z\u00e1\u017eitek.<\/p>\n<p><img loading=\"lazy\" decoding=\"async\" class=\"alignnone wp-image-17095\" src=\"http:\/\/www.automakers.cz\/wp-content\/uploads\/2025\/10\/Atelier-Alpine-Paris-1-900x720.jpg\" alt=\"\" width=\"996\" height=\"797\" \/><\/p>\n<p>Koncept Atelier Alpine, kter\u00fd byl zaveden v ikonick\u00fdch \u010dtvrt\u00edch velk\u00fdch m\u011bst, se brzy otev\u0159e v lond\u00fdnsk\u00e9 Park Lane a pot\u00e9 v Mil\u00e1n\u011b v r\u00e1mci sv\u00e9 pokra\u010duj\u00edc\u00ed expanze po cel\u00e9 Evrop\u011b.<\/p>\n<p>\u201eAlpine je zna\u010dka pro milovn\u00edky motoristick\u00e9ho sportu a vynikaj\u00edc\u00ed techniky. S Atelier Alpine chceme tuto v\u00e1\u0161e\u0148 p\u0159iv\u00e9st k \u017eivotu jedine\u010dn\u00fdm zp\u016fsobem a nab\u00eddnout modern\u00ed a inkluzivn\u00ed z\u00e1\u017eitek ze zna\u010dky, kter\u00fd oslov\u00ed v\u0161echny generace. Nyn\u00ed m\u016f\u017eete otestovat sv\u00e9 reflexy za volantem jednoho z na\u0161ich simul\u00e1tor\u016f Formule 1, p\u0159izp\u016fsobit si sv\u016fj budouc\u00ed v\u016fz Alpine nebo prost\u011b za\u017e\u00edt intenzitu Grand Prix s p\u0159\u00e1teli a dal\u0161\u00edmi nad\u0161enci v rozhodn\u011b m\u00f3dn\u00edm prost\u0159ed\u00ed v sam\u00e9m srdci Pa\u0159\u00ed\u017ee,\u201c \u0159\u00edk\u00e1 Antonino Labate, viceprezident Alpine pro prodej, marketing a z\u00e1kaznickou zku\u0161enost.<\/p>\n<p><img loading=\"lazy\" decoding=\"async\" class=\"alignnone size-medium wp-image-17096\" src=\"http:\/\/www.automakers.cz\/wp-content\/uploads\/2025\/10\/Atelier-Alpine-Paris-5-900x600.jpg\" alt=\"\" width=\"900\" height=\"600\" \/><\/p>\n","protected":false},"excerpt":{"rendered":"<p>Po Barcelon\u011b p\u0159in\u00e1\u0161\u00ed Alpine sv\u016fj vlajkov\u00fd koncept do Pa\u0159\u00ed\u017ee a otev\u00edr\u00e1 dve\u0159e sv\u00e9ho Atelieru. Z\u00e1\u017eitkov\u00fd&#8230;<\/p>\n","protected":false},"author":2,"featured_media":17098,"comment_status":"closed","ping_status":"closed","sticky":false,"template":"","format":"standard","meta":{"footnotes":""},"categories":[13,19,73],"tags":[],"class_list":["post-17094","post","type-post","status-publish","format-standard","has-post-thumbnail","hentry","category-design","category-motorsport","category-opening"],"_links":{"self":[{"href":"https:\/\/www.automakers.cz\/index.php?rest_route=\/wp\/v2\/posts\/17094","targetHints":{"allow":["GET"]}}],"collection":[{"href":"https:\/\/www.automakers.cz\/index.php?rest_route=\/wp\/v2\/posts"}],"about":[{"href":"https:\/\/www.automakers.cz\/index.php?rest_route=\/wp\/v2\/types\/post"}],"author":[{"embeddable":true,"href":"https:\/\/www.automakers.cz\/index.php?rest_route=\/wp\/v2\/users\/2"}],"replies":[{"embeddable":true,"href":"https:\/\/www.automakers.cz\/index.php?rest_route=%2Fwp%2Fv2%2Fcomments&post=17094"}],"version-history":[{"count":3,"href":"https:\/\/www.automakers.cz\/index.php?rest_route=\/wp\/v2\/posts\/17094\/revisions"}],"predecessor-version":[{"id":17101,"href":"https:\/\/www.automakers.cz\/index.php?rest_route=\/wp\/v2\/posts\/17094\/revisions\/17101"}],"wp:featuredmedia":[{"embeddable":true,"href":"https:\/\/www.automakers.cz\/index.php?rest_route=\/wp\/v2\/media\/17098"}],"wp:attachment":[{"href":"https:\/\/www.automakers.cz\/index.php?rest_route=%2Fwp%2Fv2%2Fmedia&parent=17094"}],"wp:term":[{"taxonomy":"category","embeddable":true,"href":"https:\/\/www.automakers.cz\/index.php?rest_route=%2Fwp%2Fv2%2Fcategories&post=17094"},{"taxonomy":"post_tag","embeddable":true,"href":"https:\/\/www.automakers.cz\/index.php?rest_route=%2Fwp%2Fv2%2Ftags&post=17094"}],"curies":[{"name":"wp","href":"https:\/\/api.w.org\/{rel}","templated":true}]}}