{"id":17105,"date":"2025-10-14T07:22:49","date_gmt":"2025-10-14T07:22:49","guid":{"rendered":"https:\/\/www.automakers.cz\/?p=17105"},"modified":"2025-10-14T13:32:43","modified_gmt":"2025-10-14T13:32:43","slug":"elroq-se-dostal-do-flotily-policie-cr","status":"publish","type":"post","link":"https:\/\/www.automakers.cz\/?p=17105","title":{"rendered":"\u0160koda Elroq se dostala do flotily Policie"},"content":{"rendered":"<p><strong>Vozov\u00fd park Policie \u010cR se rozr\u016fst\u00e1 o elektromobil. Na z\u00e1klad\u011b uzav\u0159en\u00e9 n\u00e1jemn\u00ed smlouvy byla do slu\u017eby za\u0159azena \u0160koda Elroq 85 Selection ve st\u0159\u00edbrn\u00e9 metal\u00edze Brilliant. Krom\u011b tradi\u010dn\u00edch polep\u016f bude vybavena i specifick\u00fdmi prvky nezbytn\u00fdmi pro pot\u0159eby policejn\u00edch hl\u00eddek.<\/strong><!--more--><\/p>\n<p>Policie \u010cR pokra\u010duje v obm\u011bn\u011b vozov\u00e9ho parku a nejnov\u011bji se rozhodla vyzkou\u0161et nov\u00fd elektromobil \u0160koda Elroq. V policejn\u00edch \u0159ad\u00e1ch u\u017e slou\u017e\u00ed stovky jin\u00fdch voz\u016f \u0160koda nap\u0159\u00ed\u010d modelov\u00fdmi \u0159adami, kter\u00e9 sn\u00e1\u0161\u00ed mimo\u0159\u00e1dnou z\u00e1t\u011b\u017e zejm\u00e9na s ohledem na extr\u00e9mn\u011b n\u00e1ro\u010dn\u00e9 provozn\u00ed podm\u00ednky a vysok\u00e9 n\u00e1jezdy kilometr\u016f. P\u0159itom je nutn\u00e9, aby za v\u0161ech okolnost\u00ed<br \/>\nspolehliv\u011b fungovaly.<\/p>\n<p>Pro nejnov\u011bj\u0161\u00ed elektrick\u00e9 SUV mladoboleslavsk\u00e9 automobilky tak p\u016fjde o jeden z nejn\u00e1ro\u010dn\u011bj\u0161\u00edch test\u016f spolehlivosti a odolnosti.<\/p>\n<p>\u201eKompaktn\u00ed elektrick\u00e9 SUV \u0160koda si ji\u017e z\u00edskalo sympatie mnoha z\u00e1kazn\u00edk\u016f a bylo ocen\u011bno i \u0159adou odborn\u00edk\u016f. Nen\u00ed tedy p\u0159ekvapen\u00edm, \u017ee si jeho p\u0159ednost\u00ed v\u0161imlo i veden\u00ed Policie \u010cR. Do jej\u00edch slu\u017eeb m\u00ed\u0159\u00ed Elroq v\u016fbec poprv\u00e9. V\u011b\u0159\u00edm, \u017ee policist\u016fm bude u\u017eite\u010dn\u00fdm a spolehliv\u00fdm pomocn\u00edkem,\u201c uvedl<strong> Tom\u00e1\u0161 Ducho\u0148, vedouc\u00ed prodeje \u0160koda Auto pro \u010desk\u00fd trh.<\/strong><\/p>\n<p>Kompaktn\u00ed p\u0159estavba s maxim\u00e1ln\u00edm vyu\u017eit\u00edm zavazadlov\u00e9ho prostoru Policie \u010cR si p\u0159evzala Elroq ve specifikaci 85 Selection, kter\u00fd technicky zcela odpov\u00edd\u00e1 s\u00e9riov\u011b vyr\u00e1b\u011bn\u00e9 specifikaci. Vozidlo bude osazeno n\u00edzkoprofilovou maj\u00e1kovou rampou a za\u0159\u00edzen\u00edm pro propojen\u00ed policejn\u00ed p\u0159estavby s elektronikou vozu i vybran\u00fdmi polo\u017ekami ze sortimentu \u0160koda Origin\u00e1ln\u00ed p\u0159\u00edslu\u0161enstv\u00ed.<\/p>\n<p>Sou\u010d\u00e1st\u00ed p\u0159estavby je rovn\u011b\u017e aplikace polep\u016f \u010di instalace v\u00fdstra\u017en\u00e9ho a r\u00e1diov\u00e9ho za\u0159\u00edzen\u00ed. To sest\u00e1v\u00e1 p\u0159edev\u0161\u00edm ze sv\u011bteln\u00e9 soupravy Magnum, programovateln\u00e9ho displeje na slune\u010dn\u00ed clon\u011b a za zadn\u00edm oknem, ovl\u00e1dac\u00edho\u00a0 panelu dopl\u0148kov\u00fdch funkc\u00ed ve st\u0159edov\u00e9 konzole, elektronick\u00e9 sir\u00e9ny s n\u00edzkoimpedan\u010dn\u00edmi reproduktory pro vysok\u00fd akustick\u00fd tlak p\u0159i n\u00edzk\u00e9 spot\u0159eb\u011b energie a dopl\u0148kov\u00fdch v\u00fdstra\u017en\u00fdch sv\u00edtidel za \u010deln\u00edm sklem.<\/p>\n<p><strong>Elroq poprv\u00e9 v policejn\u00edch barv\u00e1ch<\/strong><br \/>\n\u0160koda Auto je dlouholet\u00fdm dodavatelem voz\u016f pro tuzemsk\u00e9 bezpe\u010dnostn\u00ed s\u00edly. Za v\u00edce ne\u017e 30 let bylo \u010desk\u00fdm policist\u016fm p\u0159ed\u00e1no p\u0159es 20 tis\u00edc automobil\u016f \u0160koda nejr\u016fzn\u011bj\u0161\u00edch model\u016f a specifikac\u00ed \u2013 a\u0165 ji\u017e speci\u00e1ln\u011b upraven\u00fdch podle po\u017eadavk\u016f policejn\u00edch sbor\u016f nebo v s\u00e9riov\u00e9m proveden\u00ed. Nyn\u00ed se do policejn\u00edho vozov\u00e9ho parku poprv\u00e9 dost\u00e1v\u00e1 pln\u011b elektrick\u00fd v\u016fz \u0160koda, jeho\u017e nasazen\u00edm Policie \u010cR mimo jin\u00e9 p\u0159isp\u00edv\u00e1 k pln\u011bn\u00ed strategick\u00fdch c\u00edl\u016f v oblasti ochrany \u017eivotn\u00edho prost\u0159ed\u00ed.<\/p>\n<p>\u201ePolicie \u010cR v projektu \u010cist\u00e1 mobilita provozuje 172 elektrick\u00fdch vozidel, ke kter\u00fdm p\u0159ibude dal\u0161\u00edch 21 elektromobil\u016f do konce roku. V\u0161echna dosavadn\u00ed elektrick\u00e1 vozidla jsou v komer\u010dn\u00edm proveden\u00ed a vyu\u017e\u00edv\u00e1na p\u0159ev\u00e1\u017en\u011b krimin\u00e1ln\u00ed polici\u00ed. Pot\u0159ebujeme v\u0161ak testovat elektrick\u00e1 vozidla i ve slu\u017eb\u011b po\u0159\u00e1dkov\u00e9, dopravn\u00ed a cizineck\u00e9 policie. Proto jsme p\u0159iv\u00edtali nab\u00eddku spole\u010dnosti \u0160koda Auto na pron\u00e1jem pln\u011b elektrick\u00e9ho vozu Elroq v policejn\u00edch barv\u00e1ch s dal\u0161\u00edm vybaven\u00edm. \u0160koda Elroq je prvn\u00ed elektromobil testovan\u00fd pro p\u0159\u00edm\u00fd v\u00fdkon slu\u017eby a pl\u00e1nujeme testov\u00e1n\u00ed dal\u0161\u00edch pln\u011b elektrick\u00fdch vozidel od r\u016fzn\u00fdch v\u00fdrobc\u016f,\u201c dodal<strong> Jozef Boc\u00e1n z odboru komunikace a vn\u011bj\u0161\u00edch vztah\u016f Policejn\u00edho prezidia \u010cR.<\/strong><\/p>\n<p>Zdrpj: \u0160koda Auto<\/p>\n","protected":false},"excerpt":{"rendered":"<p>Vozov\u00fd park Policie \u010cR se rozr\u016fst\u00e1 o elektromobil. Na z\u00e1klad\u011b uzav\u0159en\u00e9 n\u00e1jemn\u00ed smlouvy byla do&#8230;<\/p>\n","protected":false},"author":1,"featured_media":17107,"comment_status":"closed","ping_status":"closed","sticky":false,"template":"","format":"standard","meta":{"footnotes":""},"categories":[9,15],"tags":[],"class_list":["post-17105","post","type-post","status-publish","format-standard","has-post-thumbnail","hentry","category-elektromobily","category-fleety"],"_links":{"self":[{"href":"https:\/\/www.automakers.cz\/index.php?rest_route=\/wp\/v2\/posts\/17105","targetHints":{"allow":["GET"]}}],"collection":[{"href":"https:\/\/www.automakers.cz\/index.php?rest_route=\/wp\/v2\/posts"}],"about":[{"href":"https:\/\/www.automakers.cz\/index.php?rest_route=\/wp\/v2\/types\/post"}],"author":[{"embeddable":true,"href":"https:\/\/www.automakers.cz\/index.php?rest_route=\/wp\/v2\/users\/1"}],"replies":[{"embeddable":true,"href":"https:\/\/www.automakers.cz\/index.php?rest_route=%2Fwp%2Fv2%2Fcomments&post=17105"}],"version-history":[{"count":4,"href":"https:\/\/www.automakers.cz\/index.php?rest_route=\/wp\/v2\/posts\/17105\/revisions"}],"predecessor-version":[{"id":17141,"href":"https:\/\/www.automakers.cz\/index.php?rest_route=\/wp\/v2\/posts\/17105\/revisions\/17141"}],"wp:featuredmedia":[{"embeddable":true,"href":"https:\/\/www.automakers.cz\/index.php?rest_route=\/wp\/v2\/media\/17107"}],"wp:attachment":[{"href":"https:\/\/www.automakers.cz\/index.php?rest_route=%2Fwp%2Fv2%2Fmedia&parent=17105"}],"wp:term":[{"taxonomy":"category","embeddable":true,"href":"https:\/\/www.automakers.cz\/index.php?rest_route=%2Fwp%2Fv2%2Fcategories&post=17105"},{"taxonomy":"post_tag","embeddable":true,"href":"https:\/\/www.automakers.cz\/index.php?rest_route=%2Fwp%2Fv2%2Ftags&post=17105"}],"curies":[{"name":"wp","href":"https:\/\/api.w.org\/{rel}","templated":true}]}}