{"id":17108,"date":"2025-10-14T08:55:27","date_gmt":"2025-10-14T08:55:27","guid":{"rendered":"https:\/\/www.automakers.cz\/?p=17108"},"modified":"2025-10-14T08:55:27","modified_gmt":"2025-10-14T08:55:27","slug":"daimler-truck-predal-eactrosy-schenkeru","status":"publish","type":"post","link":"https:\/\/www.automakers.cz\/?p=17108","title":{"rendered":"Daimler Truck p\u0159edal eActrosy Schenkeru"},"content":{"rendered":"<p><strong>Spole\u010dnost Schenker, kter\u00e1 je sou\u010d\u00e1st\u00ed skupiny DSV, p\u0159evzala od \u010desk\u00e9ho Daimleru Truck \u010dty\u0159i elektrick\u00e1 vozidla Mercedes eActros. Vozy dopln\u00ed elektrickou flotilu, kter\u00e1 je vyu\u017eije jak pro pravideln\u00e9 svozy, tak na p\u0159epravy mezi logistick\u00fdmi termin\u00e1ly pro konkr\u00e9tn\u00ed z\u00e1kazn\u00edky.<\/strong><!--more--><\/p>\n<p>\u201eZav\u00e1zali jsme se investovat do modern\u00edch technologi\u00ed, kter\u00e9 p\u0159in\u00e1\u0161ej\u00ed v\u00fdhody jak na\u0161im z\u00e1kazn\u00edk\u016fm, tak \u017eivotn\u00edmu prost\u0159ed\u00ed. Elektromobilita pro n\u00e1s p\u0159edstavuje kl\u00ed\u010dov\u00fd krok sm\u011brem k udr\u017eiteln\u011bj\u0161\u00ed a modern\u011bj\u0161\u00ed logistice,\u201c potvrzuje Petra S\u016fvov\u00e1, Head of Direct Operations v Schenkeru.<\/p>\n<p>\u201eD\u00edky v\u00edce ne\u017e dvoulet\u00fdm zku\u0161enostem s provozem elektrick\u00fdch kamion\u016f m\u00e1me ov\u011b\u0159eno, \u017ee tato technologie dok\u00e1\u017ee nahradit konven\u010dn\u00ed \u0159e\u0161en\u00ed i v n\u00e1ro\u010dn\u00fdch podm\u00ednk\u00e1ch. Nov\u00e9 Mercedes-Benz eActrosy dokonale spl\u0148uj\u00ed na\u0161e po\u017eadavky na nosnost i dojezd a umo\u017e\u0148uj\u00ed n\u00e1m poskytovat na\u0161im z\u00e1kazn\u00edk\u016fm p\u0159epravy s ni\u017e\u0161\u00ed uhl\u00edkovou stopou \u2013 bez kompromis\u016f v kvalit\u011b nebo spolehlivosti,\u201c dod\u00e1v\u00e1 Petra S\u016fvov\u00e1.<\/p>\n<p>\u010cty\u0159i nov\u00e1\u010dci s logem Mercedes jsou r\u016fzn\u00e9ho proveden\u00ed. \u201eJedn\u00e1 se o jeden taha\u010d n\u00e1v\u011bs\u016f Mercedes-Benz eActros 600 LS\/4&#215;2. Dal\u0161\u00ed p\u0159edan\u00e9 vozidlo je Mercedes-Benz eActros 600 L\/6&#215;2, t\u0159\u00edn\u00e1pravov\u00fd podvozek, kter\u00fd je osazen r\u00e1mem pro p\u0159epravu v\u00fdm\u011bnn\u00fdch n\u00e1staveb a je ur\u010den pro provoz v souprav\u011b s p\u0159\u00edv\u011bsem. Pro rozv\u00e1\u017eku na krat\u0161\u00ed vzd\u00e1lenosti bude Schenker a DSV vyu\u017e\u00edvat dv\u011b vozidla Mercedes-Benz eActros 300\/4&#215;2 se sk\u0159\u00ed\u0148ov\u00fdmi n\u00e1stavbami z produkce \u010desk\u00e9ho v\u00fdrobce n\u00e1staveb, firmy Montex. N\u00e1stavby jsou osazeny hydraulick\u00fdmi zvedac\u00edmi plo\u0161inami,\u201c vysv\u011btluje Martin \u0160ud\u0159ich, vedouc\u00ed prodeje ve spole\u010dnosti Daimler Truck \u010cesk\u00e1 republika.<\/p>\n<p>Mercedes-Benz eActros pou\u017e\u00edv\u00e1 lithium-\u017eelezo-fosf\u00e1tov\u00e9 baterie (LFP). Vozidlo je p\u0159ipraveno i na megawattov\u00fd nab\u00edjec\u00ed standard, d\u00edky kter\u00e9mu lze z 20 % na 80 % nab\u00edt za m\u00e9n\u011b ne\u017e hodinu. P\u0159i b\u011b\u017en\u00e9m nab\u00edjen\u00ed vysokov\u00fdkonnou nab\u00edje\u010dkou o v\u00fdkonu 300 kW trv\u00e1 pln\u00e9 nabit\u00ed p\u0159ibli\u017en\u011b dv\u011b hodiny. D\u00edky dojezdu a\u017e 500 kilometr\u016f na jedno nabit\u00ed dok\u00e1\u017ee eActros 600 pokr\u00fdt b\u011b\u017en\u00e9 denn\u00ed d\u00e1lkov\u00e9 trasy. Tich\u00fd provoz a nulov\u00e9 emise p\u0159i j\u00edzd\u011b jsou ide\u00e1ln\u00ed pro m\u011bstsk\u00e9 prost\u0159ed\u00ed, kde najde vyu\u017eit\u00ed model eActros 300 s dojezdem okolo 300 km. Baterie maj\u00ed od v\u00fdrobce deklarovanou \u017eivotnost minim\u00e1ln\u011b 1,2 milionu kilometr\u016f a p\u0159edpokl\u00e1d\u00e1 se, \u017ee po dobu \u017eivotnosti vozidla je nebude pot\u0159eba m\u011bnit.<\/p>\n<p><img loading=\"lazy\" decoding=\"async\" class=\"alignnone wp-image-17115\" src=\"http:\/\/www.automakers.cz\/wp-content\/uploads\/2025\/10\/IMG_2723-900x675.jpg\" alt=\"\" width=\"995\" height=\"746\" \/><\/p>\n<p><strong>Vyu\u017eit\u00ed a budoucnost elektrick\u00fdch n\u00e1kladn\u00edch vozidel<\/strong><\/p>\n<p>Strategick\u00e9 termin\u00e1ly Schenker jsou vybaveny n\u011bkolika nab\u00edjec\u00edmi AC\/DC Wallboxy, ale i velkokapacitn\u00edmi nab\u00edje\u010dkami pro elektrokamiony (v Praze 200 kW, v Brn\u011b 400 kW), obecn\u011b se infrastruktura pro elektromobilitu roz\u0161i\u0159uje, p\u0159esto je nutn\u00e9 trasy t\u011bchto vozidel pe\u010dliv\u011b pl\u00e1novat, pr\u00e1v\u011b s ohledem na jejich dojezd. Proto se elektrick\u00e1 vozidla s bateriov\u00fdm pohonem obvykle nasazuj\u00ed na pevn\u011b dan\u00e9, p\u0159edv\u00eddateln\u00e9 trasy, typicky na opakovan\u00e9 p\u0159epravy mezi dv\u011bma nebo v\u00edce body.<\/p>\n<p>\u201eM\u00e1me k dispozici v\u00fdpo\u010detn\u00ed n\u00e1stroj \u201ee-Truck Ready\u201c, kter\u00fd um\u00ed na konkr\u00e9tn\u00ed zad\u00e1n\u00ed spo\u010d\u00edtat, zda je elektrick\u00e9 vozidlo na danou p\u0159epravu a trasu vhodn\u00e9,\u201c \u0159\u00edk\u00e1 David Chleboun, Head of Product Management and Marketing.<\/p>\n<p>V leto\u0161n\u00edm roce v \u010cesku eActrosy \u0159ady 600 najely v testovac\u00edm provozu u r\u016fzn\u00fdch z\u00e1kazn\u00edk\u016f p\u0159es 58 tis\u00edc kilometr\u016f. \u201eJeden ze z\u00e1kazn\u00edk\u016f vyu\u017e\u00edval v\u016fz jako roadtrain na trase Praha \u2013 Prost\u011bjov \u2013 Praha a za srpen s n\u00edm najel 18 188 kilometr\u016f. Efektivitu provozu zv\u00fd\u0161il d\u00edky tomu, \u017ee v\u016fz nab\u00edjel v pr\u016fb\u011bhu nakl\u00e1dky a vykl\u00e1dky. Pr\u016fm\u011brn\u00e1 spot\u0159eba se p\u0159itom dostala na hodnotu 91,4 kWh\/100 km, co\u017e je hodnota, kter\u00e1 odpov\u00edd\u00e1 energetick\u00e9mu obsahu m\u00e9n\u011b ne\u017e 10 litr\u016f nafty,\u201c dopl\u0148uje David Chleboun.<\/p>\n<p><strong>V\u00edce krok\u016f k ekologi\u010dt\u011bj\u0161\u00ed logistice<\/strong><\/p>\n<p>Schenker nasadil Mercedes_Benz eActros poprv\u00e9 v N\u011bmecku v roce 2022, v \u010cesk\u00e9 republice byly tyto vozy n\u011bkolikr\u00e1t na hostov\u00e1n\u00ed a nyn\u00ed ji\u017e budou pevnou sou\u010d\u00e1st\u00ed zdej\u0161\u00ed flotily. Krom\u011b elektromobility se spole\u010dnost dlouhodob\u011b orientuje na vyu\u017e\u00edv\u00e1n\u00ed alternativn\u00edch paliv, jako je HVO100 (Hydrotreated Vegetable Oil), kter\u00e9 m\u00e1 potenci\u00e1l sn\u00ed\u017eit emise CO2 a\u017e o 90 procent. V jej\u00ed \u010desk\u00e9 vnitrost\u00e1tn\u00ed s\u00edti u\u017e v\u00edce ne\u017e polovina ujet\u00fdch kilometr\u016f p\u0159ipad\u00e1 na vozidla vyu\u017e\u00edvaj\u00edc\u00ed udr\u017eiteln\u00e1 biopaliva.<\/p>\n<p>Logistika budoucnosti nen\u00ed jen o ekologick\u00fdch vozidlech. DSV x Schenker investuje do digit\u00e1ln\u00edch \u0159e\u0161en\u00ed a optimalizace p\u0159epravn\u00edch s\u00edt\u00ed, co\u017e pom\u00e1h\u00e1 sni\u017eovat pr\u00e1zdn\u00e9 kilometry a zlep\u0161ovat efektivitu. Inteligentn\u00ed syst\u00e9my pro \u0159\u00edzen\u00ed flotily a optimalizaci tras dok\u00e1\u017eou sn\u00ed\u017eit emise o a\u017e 15 %.<\/p>\n<p><img loading=\"lazy\" decoding=\"async\" class=\"alignnone wp-image-17114\" src=\"http:\/\/www.automakers.cz\/wp-content\/uploads\/2025\/10\/IMG_2722-900x675.jpg\" alt=\"\" width=\"991\" height=\"743\" \/><\/p>\n","protected":false},"excerpt":{"rendered":"<p>Spole\u010dnost Schenker, kter\u00e1 je sou\u010d\u00e1st\u00ed skupiny DSV, p\u0159evzala od \u010desk\u00e9ho Daimleru Truck \u010dty\u0159i elektrick\u00e1 vozidla&#8230;<\/p>\n","protected":false},"author":2,"featured_media":17113,"comment_status":"closed","ping_status":"closed","sticky":false,"template":"","format":"standard","meta":{"footnotes":""},"categories":[9,15,43],"tags":[],"class_list":["post-17108","post","type-post","status-publish","format-standard","has-post-thumbnail","hentry","category-elektromobily","category-fleety","category-logistika"],"_links":{"self":[{"href":"https:\/\/www.automakers.cz\/index.php?rest_route=\/wp\/v2\/posts\/17108","targetHints":{"allow":["GET"]}}],"collection":[{"href":"https:\/\/www.automakers.cz\/index.php?rest_route=\/wp\/v2\/posts"}],"about":[{"href":"https:\/\/www.automakers.cz\/index.php?rest_route=\/wp\/v2\/types\/post"}],"author":[{"embeddable":true,"href":"https:\/\/www.automakers.cz\/index.php?rest_route=\/wp\/v2\/users\/2"}],"replies":[{"embeddable":true,"href":"https:\/\/www.automakers.cz\/index.php?rest_route=%2Fwp%2Fv2%2Fcomments&post=17108"}],"version-history":[{"count":4,"href":"https:\/\/www.automakers.cz\/index.php?rest_route=\/wp\/v2\/posts\/17108\/revisions"}],"predecessor-version":[{"id":17123,"href":"https:\/\/www.automakers.cz\/index.php?rest_route=\/wp\/v2\/posts\/17108\/revisions\/17123"}],"wp:featuredmedia":[{"embeddable":true,"href":"https:\/\/www.automakers.cz\/index.php?rest_route=\/wp\/v2\/media\/17113"}],"wp:attachment":[{"href":"https:\/\/www.automakers.cz\/index.php?rest_route=%2Fwp%2Fv2%2Fmedia&parent=17108"}],"wp:term":[{"taxonomy":"category","embeddable":true,"href":"https:\/\/www.automakers.cz\/index.php?rest_route=%2Fwp%2Fv2%2Fcategories&post=17108"},{"taxonomy":"post_tag","embeddable":true,"href":"https:\/\/www.automakers.cz\/index.php?rest_route=%2Fwp%2Fv2%2Ftags&post=17108"}],"curies":[{"name":"wp","href":"https:\/\/api.w.org\/{rel}","templated":true}]}}