{"id":17148,"date":"2025-10-15T15:22:07","date_gmt":"2025-10-15T15:22:07","guid":{"rendered":"https:\/\/www.automakers.cz\/?p=17148"},"modified":"2025-10-15T19:46:14","modified_gmt":"2025-10-15T19:46:14","slug":"pivovar-branik-hostil-prazskou-noblesu","status":"publish","type":"post","link":"https:\/\/www.automakers.cz\/?p=17148","title":{"rendered":"Pivovar Br\u00e1n\u00edk hostil Pra\u017eskou Noblesu"},"content":{"rendered":"<p><strong>Ji\u017e tradi\u010dn\u011b se lou\u010dili veter\u00e1nist\u00e9 se sez\u00f3nou v prvn\u00ed \u0159\u00edjnovou sobotu na akci, po\u0159\u00e1dan\u00e9 Veteran a Vintage Club Praha. Na leto\u0161n\u00ed 17. ro\u010dn\u00edk Noblesy p\u0159ijelo do are\u00e1lu b\u00fdval\u00e9ho pivovaru Bran\u00edk 117 pos\u00e1dek. A byly zde k vid\u011bn\u00ed op\u011bt n\u011bkter\u00e9 dosud nezn\u00e1m\u00e9 nov\u00e9 p\u0159\u00edr\u016fstky, hodn\u00e9 jm\u00e9na akce.<\/strong><!--more--><\/p>\n<p>Tradic\u00ed u\u017e je p\u0159iv\u00edt\u00e1n\u00ed sn\u00eddan\u00ed, tedy chlebem se \u0161kvarky a cibul\u00ed. D\u00e1my z klubu napekly k\u00a0\u010daji a k\u00e1v\u011b ale i kol\u00e1\u010de, z\u00e1viny a jin\u00e9 sladkosti. P\u0159i odjezdu na start do 1. rozj\u00ed\u017e\u010fky prob\u011bhla zaj\u00edmav\u00fd test inteligence a znalost\u00ed \u0159idi\u010d\u016f &#8211; sout\u011b\u017e odhadu obvodu volantu.<\/p>\n<p>Po projet\u00ed prvn\u00ed rozj\u00ed\u017e\u010fky n\u00e1sledovala spanil\u00e1 j\u00edzda Prahou 4, kon\u010d\u00edc\u00ed v are\u00e1lu pivovaru. Zde byl p\u0159ipraven ob\u011bd, ke kter\u00e9mu hr\u00e1la pro dobrou pohodu jako v minul\u00fdch ro\u010dn\u00edc\u00edch kapela<strong> Swing session.<\/strong><\/p>\n<p><img loading=\"lazy\" decoding=\"async\" class=\"alignnone size-medium wp-image-17163\" src=\"http:\/\/www.automakers.cz\/wp-content\/uploads\/2025\/10\/Prazska-noblesa-zluty-veteran-900x563.jpg\" alt=\"\" width=\"900\" height=\"563\" \/><strong>Odpoledne vyrazily pos\u00e1dky na druhou rozj\u00ed\u017e\u010fku<\/strong> a pokra\u010dovaly d\u00e1le spanilou j\u00edzdou Prahou 4 a Prahou 2 na n\u00e1m\u011bst\u00ed M\u00edru. Tam byla pro p\u0159ipravena prohl\u00eddka baziliky svat\u00e9 Ludmily, veden\u00e1 otcem Jakubem, uzav\u0159en\u00e1 varhan\u00edm koncertem. Vyhl\u00e1\u0161en\u00ed v\u00fdsledk\u016f prob\u011bhlo v N\u00e1rodn\u00edm dom\u011b na Vinohradech.<\/p>\n<p><strong>Miroslav H\u00e1jek, Br\u00e1n\u00edk<\/strong><\/p>\n<p><strong>Pro Pra\u017eskou Noblesu je v\u017edy charakteristick\u00e9 setk\u00e1v\u00e1n\u00ed rozli\u010dn\u00fdch vah; t\u0159eba jako mohutn\u00e9ho Rolls-Royce 25\/30 s\u00a0aerovkou<\/strong><\/p>\n<p><img loading=\"lazy\" decoding=\"async\" class=\"alignnone size-medium wp-image-17150\" src=\"http:\/\/www.automakers.cz\/wp-content\/uploads\/2025\/10\/Noblesa-veteran-Bugatti-900x563.jpg\" alt=\"\" width=\"900\" height=\"563\" \/><strong>A\u010d v\u011bkov\u011b a napohled i rozm\u011brov\u011b t\u00e9m\u011b\u0159 sourozenci, p\u0159eci jen Bugatti 38 a Aero 500 m\u011bly v automobilov\u00e9\u00a0historii odli\u0161n\u00e9 osudy<\/strong><\/p>\n<p><img loading=\"lazy\" decoding=\"async\" class=\"alignnone size-medium wp-image-17151\" src=\"http:\/\/www.automakers.cz\/wp-content\/uploads\/2025\/10\/Prazska-noblesa-Elit-900x563.jpg\" alt=\"\" width=\"900\" height=\"563\" \/><strong>Zd\u00e1nliv\u011b oby\u010dejn\u00e1 \u0160koda 1202, a p\u0159ece s neuv\u011b\u0159itelnou histori\u00ed. D\u016fkazem je seznam osobnost\u00ed, kter\u00e9 vezla na jejich posledn\u00ed cest\u011b<\/strong><\/p>\n<p><img loading=\"lazy\" decoding=\"async\" class=\"alignnone size-medium wp-image-17152\" src=\"http:\/\/www.automakers.cz\/wp-content\/uploads\/2025\/10\/Prazska-noblesa-pohrebni-vuz-900x563.jpg\" alt=\"\" width=\"900\" height=\"563\" \/><\/p>\n","protected":false},"excerpt":{"rendered":"<p>Ji\u017e tradi\u010dn\u011b se lou\u010dili veter\u00e1nist\u00e9 se sez\u00f3nou v prvn\u00ed \u0159\u00edjnovou sobotu na akci, po\u0159\u00e1dan\u00e9 Veteran&#8230;<\/p>\n","protected":false},"author":1,"featured_media":17153,"comment_status":"closed","ping_status":"closed","sticky":false,"template":"","format":"standard","meta":{"footnotes":""},"categories":[26,34,8],"tags":[],"class_list":["post-17148","post","type-post","status-publish","format-standard","has-post-thumbnail","hentry","category-eventy","category-veterani","category-vystavy"],"_links":{"self":[{"href":"https:\/\/www.automakers.cz\/index.php?rest_route=\/wp\/v2\/posts\/17148","targetHints":{"allow":["GET"]}}],"collection":[{"href":"https:\/\/www.automakers.cz\/index.php?rest_route=\/wp\/v2\/posts"}],"about":[{"href":"https:\/\/www.automakers.cz\/index.php?rest_route=\/wp\/v2\/types\/post"}],"author":[{"embeddable":true,"href":"https:\/\/www.automakers.cz\/index.php?rest_route=\/wp\/v2\/users\/1"}],"replies":[{"embeddable":true,"href":"https:\/\/www.automakers.cz\/index.php?rest_route=%2Fwp%2Fv2%2Fcomments&post=17148"}],"version-history":[{"count":6,"href":"https:\/\/www.automakers.cz\/index.php?rest_route=\/wp\/v2\/posts\/17148\/revisions"}],"predecessor-version":[{"id":17165,"href":"https:\/\/www.automakers.cz\/index.php?rest_route=\/wp\/v2\/posts\/17148\/revisions\/17165"}],"wp:featuredmedia":[{"embeddable":true,"href":"https:\/\/www.automakers.cz\/index.php?rest_route=\/wp\/v2\/media\/17153"}],"wp:attachment":[{"href":"https:\/\/www.automakers.cz\/index.php?rest_route=%2Fwp%2Fv2%2Fmedia&parent=17148"}],"wp:term":[{"taxonomy":"category","embeddable":true,"href":"https:\/\/www.automakers.cz\/index.php?rest_route=%2Fwp%2Fv2%2Fcategories&post=17148"},{"taxonomy":"post_tag","embeddable":true,"href":"https:\/\/www.automakers.cz\/index.php?rest_route=%2Fwp%2Fv2%2Ftags&post=17148"}],"curies":[{"name":"wp","href":"https:\/\/api.w.org\/{rel}","templated":true}]}}