{"id":17168,"date":"2025-10-16T06:57:42","date_gmt":"2025-10-16T06:57:42","guid":{"rendered":"https:\/\/www.automakers.cz\/?p=17168"},"modified":"2025-10-16T11:27:02","modified_gmt":"2025-10-16T11:27:02","slug":"limuzina-ds-n8-mela-premieru-v-pragovce","status":"publish","type":"post","link":"https:\/\/www.automakers.cz\/?p=17168","title":{"rendered":"Limuz\u00edna DS N\u00b08 m\u011bla premi\u00e9ru ve vyso\u010dansk\u00e9 Pragovce"},"content":{"rendered":"<p><strong><b>\u0158editelka zna\u010dky DS Automobiles Martina Bedrnov\u00e1 uspo\u0159\u00e1dala premi\u00e9ru vlajkov\u00e9 lodi DS N\u00b08 ve vyso\u010dansk\u00e9 Pragovce. Uk\u00e1zala tak\u00e9 men\u0161\u00ed model DS N\u00b04. Kolik chce letos Martina prodat v tuzemsku aut?<\/b><\/strong><!--more--><\/p>\n<p>DS N\u00b08 m\u00e1 b\u00fdt nej\u010dist\u0161\u00edm vyj\u00e1d\u0159en\u00edm francouzsk\u00e9ho um\u011bn\u00ed elektrick\u00e9ho cestov\u00e1n\u00ed. Je v prodeji od 1 590 000 K\u010d a je k dispozici ve dvou verz\u00edch nebo v kolekci JULES VERNE se dv\u011bma velikostmi bateri\u00ed v kombinaci s p\u0159evodovkou s pohonem 2 nebo 4 kol a s v\u00fdkonem a\u017e 350 kon\u00ed.<\/p>\n<p>Rozm\u011bry (d\u00e9lka 4,82 m, \u0161\u00ed\u0159ka 1,90 m, v\u00fd\u0161ka 1,58 m, rozvor 2,90 m) p\u0159edur\u010duj\u00ed v\u016fz do firemn\u00edch mana\u017eersk\u00fdch flotil.<\/p>\n<p>&#8222;Aktu\u00e1ln\u011b m\u00ed\u0159\u00ed v \u010cesku zna\u010dka DS na celkov\u00fd prodej<strong> 200 voz\u016f ro\u010dn\u011b<\/strong>, s modelem numero 8 c\u00edl\u00edme na mana\u017eery firem a podnikatele,&#8220; uvedla<strong> Martina Bedrnov\u00e1 v rozhovoru pro AUTOmakers.<\/strong><\/p>\n<p><iframe loading=\"lazy\"  id=\"_ytid_92632\"  width=\"640\" height=\"360\"  data-origwidth=\"640\" data-origheight=\"360\" src=\"https:\/\/www.youtube.com\/embed\/qo1z5NMq0E8?enablejsapi=1&#038;autoplay=0&#038;cc_load_policy=0&#038;cc_lang_pref=&#038;iv_load_policy=1&#038;loop=0&#038;modestbranding=0&#038;rel=1&#038;fs=1&#038;playsinline=0&#038;autohide=2&#038;theme=dark&#038;color=red&#038;controls=1&#038;\" class=\"__youtube_prefs__  epyt-is-override  no-lazyload\" title=\"YouTube player\"  allow=\"accelerometer; autoplay; clipboard-write; encrypted-media; gyroscope; picture-in-picture\" allowfullscreen data-no-lazy=\"1\" data-skipgform_ajax_framebjll=\"\"><\/iframe><\/p>\n<p><strong>DS N\u00b08 odhalila v Pragovce interi\u00e9r,<\/strong> v\u0161echny jeho dostupn\u00e9 konfigurace jsou vyrobeny z kvalitn\u00edch materi\u00e1l\u016f, v\u010detn\u011b nov\u00e9ho mramorovan\u00e9ho hlin\u00edku s pozoruhodnou tlou\u0161\u0165kou a povrchovou \u00fapravou, kter\u00fd je zv\u00fdrazn\u011bn na palubn\u00ed desce kolekce Jules Verne. Interi\u00e9r je navr\u017een z materi\u00e1l\u016f jako je k\u016f\u017ee Nappa vy\u010din\u011bn\u00e1 olivov\u00fdmi listy (za pou\u017eit\u00ed tradi\u010dn\u00ed netoxick\u00e9 a zcela biologicky odbourateln\u00e9 metody) a Alcantara\u00ae vyroben\u00e1 z 68 % z recyklovan\u00e9ho materi\u00e1lu.<\/p>\n<p><strong>P\u0159edn\u00ed sedadla jsou vyrobena z p\u011bny s vysokou hustotou.<\/strong> Mohou b\u00fdt mas\u00e1\u017en\u00ed, chlazen\u00e1 a vyh\u0159\u00edvan\u00e1 (jako volant) a mohou nab\u00eddnout i DS NECK WARMER, za\u0159\u00edzen\u00ed, kter\u00e9 fouk\u00e1 tepl\u00fd vzduch na zadn\u00ed \u010d\u00e1st krku. Zadn\u00ed prostor tak\u00e9 poskytuje vysokou \u00farove\u0148 ergonomick\u00e9ho a tepeln\u00e9ho komfortu (mimo jin\u00e9 d\u00edky velk\u00e9 panoramatick\u00e9 prosklen\u00e9 st\u0159e\u0161e): op\u011bradla se sklonem 30\u00b0, prostor nad hlavou 84 cm a rozvor 2,90 m zaji\u0161\u0165uj\u00ed prvot\u0159\u00eddn\u00ed komfort.<\/p>\n<p><strong>DS N\u00b08 je vybavena dv\u011bma obrazovkami<\/strong>, v\u010detn\u011b 12,25palcov\u00e9ho HD p\u0159\u00edstrojov\u00e9ho \u0161t\u00edtu dopln\u011bn\u00e9ho o DS EXTENDED HEAD-UP DISPLAY, head-up displej, kter\u00fd prom\u00edt\u00e1 relevantn\u00ed a neru\u0161iv\u00e9 informace, jako je rychlost nebo mapov\u00e1n\u00ed v\u010detn\u011b trasy, p\u0159es \u010deln\u00ed sklo do zorn\u00e9ho pole \u0159idi\u010de. 16palcov\u00fd centr\u00e1ln\u00ed displej, kter\u00fd lze individu\u00e1ln\u011b p\u0159izp\u016fsobit stejn\u011b jako p\u0159\u00edstrojov\u00fd panel a DS EXTENDED HEAD-UP DISPLAY, je dokonale integrov\u00e1n do palubn\u00ed desky. Poskytuje p\u0159\u00edstup k funkc\u00edm, kter\u00e9 lze ovl\u00e1dat pomoc\u00ed roz\u0161\u00ed\u0159en\u00e9ho rozpozn\u00e1v\u00e1n\u00ed \u0159e\u010di DS IRIS SYSTEM 2.0 a pracuje se stejnou plynulost\u00ed a odezvou jako chytr\u00fd telefon.<\/p>\n<p><img loading=\"lazy\" decoding=\"async\" class=\"alignnone size-medium wp-image-17181\" src=\"http:\/\/www.automakers.cz\/wp-content\/uploads\/2025\/10\/DS-8-celek-900x600.jpg\" alt=\"\" width=\"900\" height=\"600\" \/><strong><b>P\u016fsobiv\u00e1 p\u0159epravn\u00ed kapacita<\/b><\/strong><\/p>\n<p>DS N\u00b08 nab\u00edz\u00ed \u0159adu ergonomick\u00fdch \u00falo\u017en\u00fdch prostor na n\u011bkolika m\u00edstech v kabin\u011b, ale nab\u00edz\u00ed tak\u00e9 velk\u00fd zavazadlov\u00fd prostor &#8211; a\u017e 620 litr\u016f pod v\u00edkem zavazadlov\u00e9ho prostoru.<\/p>\n<p><strong><b>Ozvu\u010den\u00ed ELECTRA\u00ae 3D od spole\u010dnosti FOCAL<\/b><\/strong><\/p>\n<p>DS Automobiles a pr\u00e9miov\u00fd francouzsk\u00fd specialista na audio za\u0159\u00edzen\u00ed FOCAL pokra\u010duj\u00ed ve spolupr\u00e1ci na v\u00fdvoji 3D zvuku s integrac\u00ed 14 reproduktor\u016f v kabin\u011b a 690W zesilova\u010de pro jedine\u010dn\u00fd pohlcuj\u00edc\u00ed z\u00e1\u017eitek. U DS N\u00b08 byly m\u0159\u00ed\u017eky reproduktor\u016f slou\u010deny s hlin\u00edkov\u00fdm oblo\u017een\u00edm dve\u0159n\u00edch panel\u016f. Aby spole\u010dnost DS Automobiles dos\u00e1hla vhodn\u00e9ho pr\u016fniku zvuku a pot\u0159ebn\u00e9 p\u0159esnosti grafiky na hlin\u00edku, pou\u017eila laserovou technologii, kter\u00e1 nem\u00e1 v automobilov\u00e9m sv\u011bt\u011b obdoby. Syst\u00e9m je dopln\u011bn dv\u011bma reproduktory na \u00farovni st\u0159echy, kter\u00e9 p\u0159isp\u00edvaj\u00ed k \u010dist\u00e9mu a pohlcuj\u00edc\u00edmu prostorov\u00e9mu zvuku audiosyst\u00e9mu DS N\u00b08, kter\u00fd je p\u0159en\u00e1\u0161en v r\u016fzn\u00fdch intenzit\u00e1ch (intenzivn\u00ed, pohlcuj\u00edc\u00ed nebo lehk\u00e9).<\/p>\n<p><strong><b>Elektrick\u00fd v\u00fdkon a z\u00e1\u017eitek z j\u00edzdy<\/b><\/strong><\/p>\n<p>DS N\u00b08 nab\u00edz\u00ed t\u0159i 100% elektrick\u00e9 pohonn\u00e9 jednotky vyroben\u00e9 ve Francii (v Tr\u00e9mery, 57) spole\u010dn\u00fdm podnikem, v n\u011bm\u017e je Stellantis akcion\u00e1\u0159em. Jsou vhodn\u00e9 pro v\u0161echna pou\u017eit\u00ed.<\/p>\n<ul>\n<li><b><\/b><strong><b>FWD 230 k,<\/b><\/strong>s bateri\u00ed o kapacit\u011b 73,7 kWh pro dojezd a\u017e 550 km (WLTP),<\/li>\n<li><b><\/b><strong><b>FWD Long Range 245 k,<\/b><\/strong>s bateri\u00ed o kapacit\u011b 97,2 kWh umo\u017e\u0148uj\u00edc\u00ed dojezd a\u017e 750 km (WLTP),<\/li>\n<li><b><\/b><strong><b>AWD Long Range 4&#215;4 o v\u00fdkonu 350 kon\u00ed, <\/b><\/strong>kter\u00fd poskytuje dojezd a\u017e 688 km (WLTP) na jedno dobit\u00ed.<\/li>\n<\/ul>\n<p>V\u0161echny tyto pohonn\u00e9 jednotky jsou vybaveny jednor\u00e1zov\u00fdm zv\u00fd\u0161en\u00edm v\u00fdkonu, kter\u00e9 p\u0159in\u00e1\u0161\u00ed verzi FWD dal\u0161\u00edch 30 kon\u00ed, tj. 260 kon\u00ed; 35 kon\u00ed k verzi FWD LONG RANGE, tj. 280 kon\u00ed; a 25 kon\u00ed k verzi AWD LONG RANGE, tedy 375 kon\u00ed.<\/p>\n<p>Verze FWD zrychl\u00ed z 0 na 100 km\/h za pouh\u00fdch 7,7 sekundy, verze FWD Long Range za 7,8 sekundy, zat\u00edmco DS N\u00b08 AWD Long Range pot\u0159ebuje na stejnou vzd\u00e1lenost pouze 5,4 sekundy. Bez ohledu na pohonn\u00e9 \u00fastroj\u00ed je maxim\u00e1ln\u00ed rychlost vozu DS N\u00b08 omezena na 190 km\/h.<\/p>\n<p>Dob\u00edjen\u00ed baterie Long Range, jej\u00ed\u017e nikl-mangan-kobaltov\u00e9 \u010dl\u00e1nky se vyr\u00e1b\u011bj\u00ed ve Francii (v Billy-Berclau Douvrin, 62), je stejn\u011b rychl\u00e9 jako praktick\u00e9: DS N\u00b08 odeb\u00edr\u00e1 stejnosm\u011brn\u00fd proud a\u017e 160 kW, \u010d\u00edm\u017e obnov\u00ed dojezd 200 km za 10 minut. S ohledem na to se dobit\u00ed z 20 % na 80 % provede za 27 minut. Pro ka\u017edodenn\u00ed pou\u017eit\u00ed umo\u017e\u0148uje palubn\u00ed nab\u00edje\u010dka o v\u00fdkonu 11 kW efektivn\u00ed dob\u00edjen\u00ed doma nebo na ve\u0159ejn\u00fdch dob\u00edjec\u00edch stanic\u00edch.<\/p>\n<p><strong>V Pragovce se uk\u00e1zal i men\u0161\u00ed model DS 4<\/strong><\/p>\n<p><img loading=\"lazy\" decoding=\"async\" class=\"alignnone size-medium wp-image-17176\" src=\"http:\/\/www.automakers.cz\/wp-content\/uploads\/2025\/10\/DS-4-Pragovka-orez-900x522.jpg\" alt=\"\" width=\"900\" height=\"522\" srcset=\"https:\/\/www.automakers.cz\/wp-content\/uploads\/2025\/10\/DS-4-Pragovka-orez-900x522.jpg 900w, https:\/\/www.automakers.cz\/wp-content\/uploads\/2025\/10\/DS-4-Pragovka-orez-1024x594.jpg 1024w, https:\/\/www.automakers.cz\/wp-content\/uploads\/2025\/10\/DS-4-Pragovka-orez-768x446.jpg 768w, https:\/\/www.automakers.cz\/wp-content\/uploads\/2025\/10\/DS-4-Pragovka-orez-1536x892.jpg 1536w, https:\/\/www.automakers.cz\/wp-content\/uploads\/2025\/10\/DS-4-Pragovka-orez.jpg 1771w\" sizes=\"auto, (max-width: 900px) 100vw, 900px\" \/><strong><b>Multimedi\u00e1ln\u00ed a konektivn\u00ed slu\u017eby<\/b><\/strong><\/p>\n<p>DS N\u00b08 zahrnuje n\u011bkolik technologi\u00ed a prvk\u016f ur\u010den\u00fdch k odleh\u010den\u00ed psychick\u00e9 z\u00e1t\u011b\u017ee \u0159idi\u010de. Nap\u0159\u00edklad <strong><b>EV Routing prost\u0159ednictv\u00edm DS IRIS SYSTEM 2.0<\/b><\/strong>\u00a0zjednodu\u0161uje pl\u00e1nov\u00e1n\u00ed cest. EV Routing umo\u017e\u0148uje zobrazovat a pl\u00e1novat trasy s ohledem na pot\u0159ebn\u00e9 dob\u00edjen\u00ed a tak\u00e9 p\u0159edv\u00eddat \u010dasy dob\u00edjen\u00ed a zast\u00e1vky. U del\u0161\u00edch cest p\u0159id\u00e1 funkce EV Routing po\u017eadovan\u00fd stav dobit\u00ed p\u0159i p\u0159\u00edjezdu. EV Routing vyu\u017e\u00edv\u00e1 statick\u00e1 a dynamick\u00e1 data DS N\u00b08 v re\u00e1ln\u00e9m \u010dase, jako je spot\u0159eba baterie a stav dobit\u00ed, k poskytov\u00e1n\u00ed p\u0159esn\u00fdch a aktu\u00e1ln\u00edch informac\u00ed.<\/p>\n<p><strong><b>Pl\u00e1nov\u00e1n\u00ed tras pomoc\u00ed e-Routes<\/b><\/strong>: prost\u0159ednictv\u00edm aplikace MyDS mohou \u0159idi\u010di tak\u00e9 pou\u017e\u00edvat aplikaci e-Routes k pl\u00e1nov\u00e1n\u00ed sv\u00fdch tras a zobrazen\u00ed informac\u00ed na centr\u00e1ln\u00edm displeji N\u00b08 prost\u0159ednictv\u00edm CarPlay nebo Android Auto, op\u011bt s ohledem na zast\u00e1vky na dob\u00edjen\u00ed a skute\u010dnou spot\u0159ebu elektrick\u00e9 energie. Tato funkce je dal\u0161\u00edm zp\u016fsobem, jak pl\u00e1novat a p\u0159edv\u00eddat energetick\u00e9 pot\u0159eby N\u00b08 s naprost\u00fdm klidem.<\/p>\n<p><strong><b>Zjednodu\u0161en\u00e9 dob\u00edjen\u00ed:<\/b><\/strong> DS N\u00b08 nab\u00edz\u00ed rychl\u00e9 \u0159e\u0161en\u00ed dob\u00edjen\u00ed a p\u0159\u00edstup k rozs\u00e1hl\u00e9 s\u00edti dob\u00edjec\u00edch bod\u016f, jako je Free2Move Charge, kter\u00e1 nab\u00edz\u00ed rozs\u00e1hl\u00e9 pokryt\u00ed a pohodln\u00e1 \u0159e\u0161en\u00ed pro u\u017eivatele elektromobil\u016f. Free2Move Charge nab\u00edz\u00ed v\u00edce ne\u017e 800 000 dob\u00edjec\u00edch bod\u016f po cel\u00e9 Evrop\u011b, v\u010detn\u011b v\u00edce ne\u017e 135 000 rychlodob\u00edjec\u00edch bod\u016f. Aplikace Free2Move Charge v\u00e1m umo\u017en\u00ed naj\u00edt dob\u00edjec\u00ed m\u00edsta, zjistit v\u00fdkon a n\u00e1klady na energii, ovl\u00e1dat dob\u00edjen\u00ed a platit p\u0159\u00edmo z aplikace. Free2Move Charge nab\u00edz\u00ed tak\u00e9 \u0159e\u0161en\u00ed pro dom\u00e1c\u00ed dob\u00edjen\u00ed s produkty a slu\u017ebami p\u0159izp\u016fsoben\u00fdmi pro snadn\u00e9 ka\u017edodenn\u00ed dob\u00edjen\u00ed <em><i>(Free to Move Charge nen\u00ed k zat\u00edm k dispozici pro \u010cR).<\/i><\/em><\/p>\n<p><strong><b>Teplotn\u00ed p\u0159\u00edprava akumul\u00e1toru: <\/b><\/strong>v chladn\u00e9m po\u010das\u00ed pom\u00e1h\u00e1 teplotn\u00ed p\u0159\u00edprava akumul\u00e1toru optimalizovat dobu dob\u00edjen\u00ed t\u00edm, \u017ee akumul\u00e1tor p\u0159edeh\u0159eje p\u0159ed zastaven\u00edm na dob\u00edjec\u00edm m\u00edst\u011b. Lze ji aktivovat bu\u010f prost\u0159ednictv\u00edm aplikace MyDS, automaticky (spojenou s aktivac\u00ed EV ROUTING), nebo ru\u010dn\u011b na centr\u00e1ln\u00edm displeji.<\/p>\n<p><strong>DS N\u00b08 lze objedn\u00e1vat za ceny:<\/strong><\/p>\n<p><strong><b>DS N\u00b08 PALLAS FWD 230 k: 1\u00a0590\u00a0000 K\u010d<\/b><\/strong><\/p>\n<p><b><\/b><strong><b>DS N\u00b08 PALLAS FWD LONG RANGE 245 k: 1\u00a0690\u00a0000 K\u010d<\/b><\/strong><\/p>\n<p><b><\/b><strong><b>DS N\u00b08 PALLAS AWD LONG RANGE 350 k: 1\u00a0790 000 K\u010d<\/b><\/strong><\/p>\n<p><strong><b>DS N\u00b08 ETOILE FWD 230 k: 1\u00a0790\u00a0000 K\u010d<\/b><\/strong><\/p>\n<p><b><\/b><strong><b>DS N\u00b08 ETOILE FWD LONG RANGE 245 k: 1\u00a0890 000 K\u010d<\/b><\/strong><\/p>\n<p><b><\/b><strong><b>DS N\u00b08 ETOILE AWD LONG RANGE 350 k: 1\u00a0990 000 K\u010d<\/b><\/strong><\/p>\n<p><strong><b>DS N\u00b08 JULES VERNE FWD LONG RANGE 245 k od 1\u00a0990 000 K\u010d<\/b><\/strong><\/p>\n<p><b><\/b><strong><b>DS N\u00b08 JULES VERNE AWD LONG RANGE 350 k od 2\u00a0090 000 K\u010d<\/b><\/strong><\/p>\n<p><img loading=\"lazy\" decoding=\"async\" class=\"alignnone size-medium wp-image-17178\" src=\"http:\/\/www.automakers.cz\/wp-content\/uploads\/2025\/10\/DS-Pragpvka-prapor-orez-900x537.jpg\" alt=\"\" width=\"900\" height=\"537\" srcset=\"https:\/\/www.automakers.cz\/wp-content\/uploads\/2025\/10\/DS-Pragpvka-prapor-orez-900x537.jpg 900w, https:\/\/www.automakers.cz\/wp-content\/uploads\/2025\/10\/DS-Pragpvka-prapor-orez-1024x612.jpg 1024w, https:\/\/www.automakers.cz\/wp-content\/uploads\/2025\/10\/DS-Pragpvka-prapor-orez-768x459.jpg 768w, https:\/\/www.automakers.cz\/wp-content\/uploads\/2025\/10\/DS-Pragpvka-prapor-orez-1536x917.jpg 1536w, https:\/\/www.automakers.cz\/wp-content\/uploads\/2025\/10\/DS-Pragpvka-prapor-orez.jpg 1929w\" sizes=\"auto, (max-width: 900px) 100vw, 900px\" \/><strong><b>V\u00fdbava a dopl\u0148ky<\/b><\/strong><\/p>\n<p>DS N\u00b08 je k dispozici ve dvou \u00farovn\u00edch v\u00fdbavy, PALLAS a ETOILE, ke kter\u00fdm je p\u0159id\u00e1na kolekce JULES VERNE.<\/p>\n<p>V\u00fdbava PALLAS poskytuje velmi \u0161irokou \u0161k\u00e1lu v\u00fdbavy v\u010detn\u011b syst\u00e9mu DS IRIS v\u010detn\u011b 3D on-line navigace, bezdr\u00e1tov\u00e9ho Android Auto a Apple CarPlay, bezdr\u00e1tov\u00e9 nab\u00edje\u010dky pro chytr\u00e9 telefony, \u010dty\u0159 z\u00e1suvek USB (dv\u011b vp\u0159edu a dv\u011b vzadu), bezkl\u00ed\u010dov\u00e9ho p\u0159\u00edstupu do vozu a startov\u00e1n\u00ed, p\u0159edn\u00edch, bo\u010dn\u00edch a zadn\u00edch parkovac\u00edch senzor\u016f v kombinaci s couvac\u00ed kamerou, \u00a0rekupera\u010dn\u00ed brzd\u011bn\u00ed, kter\u00e9 lze konfigurovat ve 3 stupn\u00edch pomoc\u00ed p\u00e1del na volantu, vrstven\u00e9ho a akustick\u00e9ho skla, dvouz\u00f3nov\u00e9 automatick\u00e9 klimatizace, v\u00edcebarevn\u00e9ho ambientn\u00edho osv\u011btlen\u00ed a tak\u00e9 p\u0159edn\u00edch a zadn\u00edch kobere\u010dk\u016f, prah\u016f dve\u0159\u00ed z nerezov\u00e9 oceli a mnoho dal\u0161\u00edho.<\/p>\n<p>V\u00fdbava ETIOLE vynik\u00e1 m\u0159\u00ed\u017ekou chladi\u010de DS LUMINASCREEN a p\u0159id\u00e1v\u00e1 nap\u0159\u00edklad alarm se super zamyk\u00e1n\u00edm a elektricky ovl\u00e1dan\u00fdmi d\u011btsk\u00fdmi pojistkami, DS DRIVE ASSIST 2.0, DS PIXEL LED VISION, digit\u00e1ln\u00ed vnit\u0159n\u00ed zrc\u00e1tko, 360 Vision, elektricky ovl\u00e1dan\u00e9 v\u00edko zavazadlov\u00e9ho prostoru s hands-free p\u0159\u00edstupem a DS EXTENDED HEAD UP DISPLAY.<\/p>\n<p><img loading=\"lazy\" decoding=\"async\" class=\"alignnone size-medium wp-image-17045\" src=\"http:\/\/www.automakers.cz\/wp-content\/uploads\/2025\/10\/DS-TK-Pragovka-Bedrnova-orez-900x513.jpg\" alt=\"\" width=\"900\" height=\"513\" srcset=\"https:\/\/www.automakers.cz\/wp-content\/uploads\/2025\/10\/DS-TK-Pragovka-Bedrnova-orez-900x513.jpg 900w, https:\/\/www.automakers.cz\/wp-content\/uploads\/2025\/10\/DS-TK-Pragovka-Bedrnova-orez-1024x583.jpg 1024w, https:\/\/www.automakers.cz\/wp-content\/uploads\/2025\/10\/DS-TK-Pragovka-Bedrnova-orez-768x437.jpg 768w, https:\/\/www.automakers.cz\/wp-content\/uploads\/2025\/10\/DS-TK-Pragovka-Bedrnova-orez-1536x875.jpg 1536w, https:\/\/www.automakers.cz\/wp-content\/uploads\/2025\/10\/DS-TK-Pragovka-Bedrnova-orez.jpg 1740w\" sizes=\"auto, (max-width: 900px) 100vw, 900px\" \/><strong>Krom\u011b t\u00e9to standardn\u00ed v\u00fdbavy nab\u00edz\u00ed DS Automobiles ke ka\u017ed\u00e9 specifikaci dva bal\u00ed\u010dky:<\/strong><\/p>\n<ul>\n<li>Pro vylep\u0161en\u00ed high-tech v\u00fdbavy ka\u017ed\u00e9 v\u00fdbavy jsou k dispozici pakety Tech Pack a Absolute Tech Pack pro v\u00fdbavy PALLAS a ETOILE.<\/li>\n<li>Pro je\u0161t\u011b v\u011bt\u0161\u00ed t\u011blesn\u00fd, tepeln\u00fd a praktick\u00fd komfort jsou na p\u0159\u00e1n\u00ed k dispozici pakety Comfort Pack (u verze PALLAS) a Absolute Comfort Pack (u verze ETOILE).<\/li>\n<\/ul>\n<p><strong>Erich Handl, Vyso\u010dany, Video: Lud\u011bk Kortus, Foto: DS a autor<\/strong><\/p>\n<p><img loading=\"lazy\" decoding=\"async\" class=\"alignnone size-medium wp-image-17174\" src=\"http:\/\/www.automakers.cz\/wp-content\/uploads\/2025\/10\/DS-Pragovka-Handl-orez-900x573.jpg\" alt=\"\" width=\"900\" height=\"573\" srcset=\"https:\/\/www.automakers.cz\/wp-content\/uploads\/2025\/10\/DS-Pragovka-Handl-orez-900x573.jpg 900w, https:\/\/www.automakers.cz\/wp-content\/uploads\/2025\/10\/DS-Pragovka-Handl-orez-1024x652.jpg 1024w, https:\/\/www.automakers.cz\/wp-content\/uploads\/2025\/10\/DS-Pragovka-Handl-orez-768x489.jpg 768w, https:\/\/www.automakers.cz\/wp-content\/uploads\/2025\/10\/DS-Pragovka-Handl-orez-1536x978.jpg 1536w, https:\/\/www.automakers.cz\/wp-content\/uploads\/2025\/10\/DS-Pragovka-Handl-orez.jpg 1809w\" sizes=\"auto, (max-width: 900px) 100vw, 900px\" \/><\/p>\n<p>&nbsp;<\/p>\n","protected":false},"excerpt":{"rendered":"<p>\u0158editelka zna\u010dky DS Automobiles Martina Bedrnov\u00e1 uspo\u0159\u00e1dala premi\u00e9ru vlajkov\u00e9 lodi DS N\u00b08 ve vyso\u010dansk\u00e9 Pragovce&#8230;.<\/p>\n","protected":false},"author":1,"featured_media":16988,"comment_status":"closed","ping_status":"closed","sticky":false,"template":"","format":"standard","meta":{"footnotes":""},"categories":[59,37,12,66],"tags":[],"class_list":["post-17168","post","type-post","status-publish","format-standard","has-post-thumbnail","hentry","category-automakers-tv","category-ceny-novinek","category-premiery","category-video"],"_links":{"self":[{"href":"https:\/\/www.automakers.cz\/index.php?rest_route=\/wp\/v2\/posts\/17168","targetHints":{"allow":["GET"]}}],"collection":[{"href":"https:\/\/www.automakers.cz\/index.php?rest_route=\/wp\/v2\/posts"}],"about":[{"href":"https:\/\/www.automakers.cz\/index.php?rest_route=\/wp\/v2\/types\/post"}],"author":[{"embeddable":true,"href":"https:\/\/www.automakers.cz\/index.php?rest_route=\/wp\/v2\/users\/1"}],"replies":[{"embeddable":true,"href":"https:\/\/www.automakers.cz\/index.php?rest_route=%2Fwp%2Fv2%2Fcomments&post=17168"}],"version-history":[{"count":15,"href":"https:\/\/www.automakers.cz\/index.php?rest_route=\/wp\/v2\/posts\/17168\/revisions"}],"predecessor-version":[{"id":17182,"href":"https:\/\/www.automakers.cz\/index.php?rest_route=\/wp\/v2\/posts\/17168\/revisions\/17182"}],"wp:featuredmedia":[{"embeddable":true,"href":"https:\/\/www.automakers.cz\/index.php?rest_route=\/wp\/v2\/media\/16988"}],"wp:attachment":[{"href":"https:\/\/www.automakers.cz\/index.php?rest_route=%2Fwp%2Fv2%2Fmedia&parent=17168"}],"wp:term":[{"taxonomy":"category","embeddable":true,"href":"https:\/\/www.automakers.cz\/index.php?rest_route=%2Fwp%2Fv2%2Fcategories&post=17168"},{"taxonomy":"post_tag","embeddable":true,"href":"https:\/\/www.automakers.cz\/index.php?rest_route=%2Fwp%2Fv2%2Ftags&post=17168"}],"curies":[{"name":"wp","href":"https:\/\/api.w.org\/{rel}","templated":true}]}}