{"id":1717,"date":"2024-01-25T16:45:36","date_gmt":"2024-01-25T16:45:36","guid":{"rendered":"https:\/\/www.automakers.cz\/?p=1717"},"modified":"2024-01-26T10:42:51","modified_gmt":"2024-01-26T10:42:51","slug":"vitesco-otevre-v-cr-zavod-za-47-miliardy","status":"publish","type":"post","link":"https:\/\/www.automakers.cz\/?p=1717","title":{"rendered":"Vitesco otev\u0159e v \u010cR z\u00e1vod za 4,7 miliardy"},"content":{"rendered":"<p><strong><b>Vitesco Technologies, v\u00fdrobce pohonn\u00fdch technologi\u00ed a \u0159e\u0161en\u00ed pro elektrifikaci, spust\u00ed provoz nov\u00e9ho v\u00fdrobn\u00edho z\u00e1vodu s pln\u011b automatizovan\u00fdm logistick\u00fdm centrem v Ostrav\u011b-Hru\u0161ov\u011b na konci tohoto roku.<\/b><\/strong><!--more--><\/p>\n<p>V prvn\u00ed f\u00e1zi bude z\u00e1vod obsluhovat 150 zam\u011bstnanc\u016f, jejich\u017e po\u010det bude pr\u016fb\u011b\u017en\u011b r\u016fst a\u017e do pln\u00e9 kapacity p\u0159es 1000 lid\u00ed v roce 2027.<\/p>\n<p>Nov\u00e1 investice v\u00a0podob\u011b v\u00fdrobn\u00edho z\u00e1vodu v\u0161ak sv\u00fdm v\u00fdznamem p\u0159esahuje hranice kraje, co\u017e sv\u00fdmi slovy potvrzuje ministr pr\u016fmyslu a obchodu \u010cR, Jozef S\u00edkela:<\/p>\n<p>\u201eM\u00fdm dlouhodob\u00fdm c\u00edlem je p\u0159isp\u00edvat k adaptaci \u010desk\u00e9ho hospod\u00e1\u0159stv\u00ed na prob\u00edhaj\u00edc\u00ed ekonomickou transformaci. Proto je pot\u0159eba podporovat investice do technologicky vysp\u011bl\u00fdch projekt\u016f s vysokou p\u0159idanou hodnotou, kter\u00e9 n\u00e1m s t\u00edm pomohou. V\u011b\u0159\u00edm, \u017ee roz\u0161\u00ed\u0159en\u00ed produkce hi-tech komponent\u016f do automobil\u016f ve Vitesco Technologies k tomu p\u0159isp\u011bje. V\u00edt\u00e1m jejich \u00fazkou spolupr\u00e1ci s \u0159adou vysok\u00fdch technick\u00fdch \u0161kol a s v\u00fdzkumn\u00fdmi institucemi, kter\u00e1 p\u0159isp\u00edv\u00e1 k rozvoji modern\u00edch technologi\u00ed a technick\u00e9ho vzd\u011bl\u00e1v\u00e1n\u00ed na\u0161ich student\u016f, a tak\u00e9 to, \u017ee jsou v\u00fdznamnou sou\u010d\u00e1st\u00ed dodavatelsk\u00e9ho \u0159et\u011bzce \u010dipov\u00fdch technologi\u00ed vyr\u00e1b\u011bn\u00fdch na na\u0161em \u00fazem\u00ed.\u201c<\/p>\n<p>Nov\u00fd z\u00e1vod Vitesco Technologies zapoj\u00ed dal\u0161\u00ed m\u00edstn\u00ed podniky v r\u00e1mci dodavatelsk\u00e9ho \u0159et\u011bzce. Nap\u0159\u00edklad polovodi\u010de na b\u00e1zi karbidu k\u0159em\u00edku dod\u00e1 firma onsemi Ro\u017enov pod Radho\u0161t\u011bm. Ob\u011b spole\u010dnosti ji\u017e d\u0159\u00edve ozn\u00e1mily celosv\u011btovou spolupr\u00e1ci v hodnot\u011b 1,75 miliardy eur.<\/p>\n<p><strong>Orientace na elektromobily<\/strong><\/p>\n<p>Hlavn\u00edmi produkty nov\u00e9ho z\u00e1vodu budou nov\u00e9, unik\u00e1tn\u00ed d\u00edly pro elektromobily dal\u0161\u00ed generace, je\u017e budou odeb\u00edrat p\u0159edn\u00ed evrop\u0161t\u00ed v\u00fdrobci automobil\u016f. Vitesco Technologies pro n\u011b bude p\u0159ipravovat high-tech vysokonap\u011b\u0165ov\u00e9 elektronick\u00e9 v\u00fdrobky pro \u010dist\u011b bateriov\u00e1 elektrick\u00e1 vozidla. Nejnov\u011bj\u0161\u00ed technologie bude vyu\u017e\u00edvat i samotn\u00fd z\u00e1vod, kter\u00fd se bude moci pochlubit vysokou m\u00edrou robotizace a automatizace proces\u016f.<\/p>\n<p>\u201eTento unik\u00e1tn\u00ed a technologicky velmi komplexn\u00ed syst\u00e9m v\u00fdkonov\u00e9 elektroniky, integruj\u00edc\u00ed m\u011bni\u010d nap\u011bt\u00ed, palubn\u00ed nab\u00edje\u010dku, modul pro rychl\u00e9 nab\u00edjen\u00ed a jednotku pro rozvod energie na jednom m\u00edst\u011b, je perfektn\u00ed uk\u00e1zkou prom\u011bny architektury voz\u016f sm\u011brem od spalovac\u00edch syst\u00e9m\u016f. Jedn\u00e1 se o \u00fapln\u011b nov\u00fd prvek vyvinut\u00fd a navr\u017een\u00fd v\u00fdhradn\u011b pro elektromobily,&#8220; popisuje produktov\u00e9 portfolio nov\u00e9ho z\u00e1vodu Luk\u00e1\u0161 Ros\u016flek, Head of Country Vitesco Technologies<\/p>\n<p>Z\u00e1vod p\u0159edstavuje pro Vitesco Technologies dal\u0161\u00ed kl\u00ed\u010dovou investici na \u00fazem\u00ed \u010cesk\u00e9 republiky, co\u017e potvrzuje v\u00fdhledov\u00fd pl\u00e1n investic spole\u010dnosti do rozvoje elektromobility a elektrifikace v\u00a0\u010cR, jejich\u017e celkov\u00e1 v\u00fd\u0161e bude \u010dinit 14,4 miliard korun do roku 2027.<\/p>\n<p><strong>Zdroj: AMI, Libor Rajsk\u00fd<\/strong><\/p>\n<p>&nbsp;<\/p>\n","protected":false},"excerpt":{"rendered":"<p>Vitesco Technologies, v\u00fdrobce pohonn\u00fdch technologi\u00ed a \u0159e\u0161en\u00ed pro elektrifikaci, spust\u00ed provoz nov\u00e9ho v\u00fdrobn\u00edho z\u00e1vodu s&#8230;<\/p>\n","protected":false},"author":1,"featured_media":1719,"comment_status":"open","ping_status":"open","sticky":false,"template":"","format":"standard","meta":{"footnotes":""},"categories":[23,3],"tags":[],"class_list":["post-1717","post","type-post","status-publish","format-standard","has-post-thumbnail","hentry","category-dodavatele","category-investice"],"_links":{"self":[{"href":"https:\/\/www.automakers.cz\/index.php?rest_route=\/wp\/v2\/posts\/1717","targetHints":{"allow":["GET"]}}],"collection":[{"href":"https:\/\/www.automakers.cz\/index.php?rest_route=\/wp\/v2\/posts"}],"about":[{"href":"https:\/\/www.automakers.cz\/index.php?rest_route=\/wp\/v2\/types\/post"}],"author":[{"embeddable":true,"href":"https:\/\/www.automakers.cz\/index.php?rest_route=\/wp\/v2\/users\/1"}],"replies":[{"embeddable":true,"href":"https:\/\/www.automakers.cz\/index.php?rest_route=%2Fwp%2Fv2%2Fcomments&post=1717"}],"version-history":[{"count":5,"href":"https:\/\/www.automakers.cz\/index.php?rest_route=\/wp\/v2\/posts\/1717\/revisions"}],"predecessor-version":[{"id":1723,"href":"https:\/\/www.automakers.cz\/index.php?rest_route=\/wp\/v2\/posts\/1717\/revisions\/1723"}],"wp:featuredmedia":[{"embeddable":true,"href":"https:\/\/www.automakers.cz\/index.php?rest_route=\/wp\/v2\/media\/1719"}],"wp:attachment":[{"href":"https:\/\/www.automakers.cz\/index.php?rest_route=%2Fwp%2Fv2%2Fmedia&parent=1717"}],"wp:term":[{"taxonomy":"category","embeddable":true,"href":"https:\/\/www.automakers.cz\/index.php?rest_route=%2Fwp%2Fv2%2Fcategories&post=1717"},{"taxonomy":"post_tag","embeddable":true,"href":"https:\/\/www.automakers.cz\/index.php?rest_route=%2Fwp%2Fv2%2Ftags&post=1717"}],"curies":[{"name":"wp","href":"https:\/\/api.w.org\/{rel}","templated":true}]}}