{"id":17201,"date":"2025-10-17T08:24:35","date_gmt":"2025-10-17T08:24:35","guid":{"rendered":"https:\/\/www.automakers.cz\/?p=17201"},"modified":"2025-10-20T07:36:16","modified_gmt":"2025-10-20T07:36:16","slug":"mercedes-benz-na-signal-festivalu","status":"publish","type":"post","link":"https:\/\/www.automakers.cz\/?p=17201","title":{"rendered":"Mercedes-Benz CLA na Signal Festivalu"},"content":{"rendered":"<p><strong>Mercedes-Benz \u010cesk\u00e1 republika p\u0159edstavil model CLA Shooting Brake s technologi\u00ed EQ b\u011bhem Signal Festivalu (16. a\u017e 19. \u0159\u00edjna v centru Prahy). Automobilka byla hlavn\u00edm partnerem t\u00e9to akce.<\/strong><!--more--><\/p>\n<p>&#8222;V\u00fdrazn\u00e9 prvky vozu CLA Shooting Brake vyu\u017e\u00edvaj\u00ed v rozs\u00e1hl\u00e9 m\u00ed\u0159e pokro\u010dil\u00e9 osv\u011btlen\u00ed zcela nov\u00fdm zp\u016fsobem, spojen\u00ed s festivalem Signal n\u00e1m tak d\u00e1val smysl,&#8220; \u0159ekl na\u0161emu \u010dasopisu mluv\u010d\u00ed zna\u010dky <strong>Josef Hl\u00e1vka<\/strong>.<\/p>\n<p><strong>Maska vozu obsahuje 142 hv\u011bzd z LED v\u010detn\u011b animac\u00ed,<\/strong> nechyb\u00ed voliteln\u00e9 osv\u011btlen\u00ed LED MULTIBEAM a sv\u011bteln\u00fd p\u00e1s vp\u0159edu i vzadu. Skute\u010dn\u00fdm vrcholem je p\u0159\u00edplatkov\u00e1 panoramatick\u00e1 st\u0159echa se sklem s prom\u011bnlivou pr\u016fhlednost\u00ed, poprv\u00e9 propojen\u00fdm s ambientn\u00edm osv\u011btlen\u00edm na zp\u016fsob hv\u011bzdn\u00e9 oblohy. Sou\u010d\u00e1st\u00ed panoramatick\u00e9 st\u0159echy se SKY CONTROL je 158 hv\u011bzd z LED modul\u016f.<\/p>\n<p><strong>Festival digit\u00e1ln\u00ed a kreativn\u00ed kultury<\/strong> spojil sou\u010dasn\u00e9 vizu\u00e1ln\u00ed um\u011bn\u00ed, m\u011bstsk\u00fd prostor a modern\u00ed technologie \u2013 se sv\u011bteln\u00fdmi a digit\u00e1ln\u00edmi instalacemi je tak ide\u00e1ln\u00edm m\u00edstem pro exkluzivn\u00ed premi\u00e9ru zcela nov\u00e9ho Mercedes-Benz CLA Shooting Brake, kter\u00fd bude na \u010desk\u00fd trh uveden za\u010d\u00e1tkem roku 2026.<\/p>\n<p><strong>Erich Handl, Signal Festival<\/strong><\/p>\n<p><img loading=\"lazy\" decoding=\"async\" class=\"alignnone size-medium wp-image-17210\" src=\"http:\/\/www.automakers.cz\/wp-content\/uploads\/2025\/10\/Signal-Festival-kostel-600x900.jpg\" alt=\"\" width=\"600\" height=\"900\" \/><\/p>\n<p>&nbsp;<\/p>\n","protected":false},"excerpt":{"rendered":"<p>Mercedes-Benz \u010cesk\u00e1 republika p\u0159edstavil model CLA Shooting Brake s technologi\u00ed EQ b\u011bhem Signal Festivalu (16&#8230;.<\/p>\n","protected":false},"author":1,"featured_media":17212,"comment_status":"closed","ping_status":"closed","sticky":false,"template":"","format":"standard","meta":{"footnotes":""},"categories":[9,8],"tags":[],"class_list":["post-17201","post","type-post","status-publish","format-standard","has-post-thumbnail","hentry","category-elektromobily","category-vystavy"],"_links":{"self":[{"href":"https:\/\/www.automakers.cz\/index.php?rest_route=\/wp\/v2\/posts\/17201","targetHints":{"allow":["GET"]}}],"collection":[{"href":"https:\/\/www.automakers.cz\/index.php?rest_route=\/wp\/v2\/posts"}],"about":[{"href":"https:\/\/www.automakers.cz\/index.php?rest_route=\/wp\/v2\/types\/post"}],"author":[{"embeddable":true,"href":"https:\/\/www.automakers.cz\/index.php?rest_route=\/wp\/v2\/users\/1"}],"replies":[{"embeddable":true,"href":"https:\/\/www.automakers.cz\/index.php?rest_route=%2Fwp%2Fv2%2Fcomments&post=17201"}],"version-history":[{"count":8,"href":"https:\/\/www.automakers.cz\/index.php?rest_route=\/wp\/v2\/posts\/17201\/revisions"}],"predecessor-version":[{"id":17257,"href":"https:\/\/www.automakers.cz\/index.php?rest_route=\/wp\/v2\/posts\/17201\/revisions\/17257"}],"wp:featuredmedia":[{"embeddable":true,"href":"https:\/\/www.automakers.cz\/index.php?rest_route=\/wp\/v2\/media\/17212"}],"wp:attachment":[{"href":"https:\/\/www.automakers.cz\/index.php?rest_route=%2Fwp%2Fv2%2Fmedia&parent=17201"}],"wp:term":[{"taxonomy":"category","embeddable":true,"href":"https:\/\/www.automakers.cz\/index.php?rest_route=%2Fwp%2Fv2%2Fcategories&post=17201"},{"taxonomy":"post_tag","embeddable":true,"href":"https:\/\/www.automakers.cz\/index.php?rest_route=%2Fwp%2Fv2%2Ftags&post=17201"}],"curies":[{"name":"wp","href":"https:\/\/api.w.org\/{rel}","templated":true}]}}