{"id":1724,"date":"2024-01-26T10:15:51","date_gmt":"2024-01-26T10:15:51","guid":{"rendered":"https:\/\/www.automakers.cz\/?p=1724"},"modified":"2024-01-26T10:16:27","modified_gmt":"2024-01-26T10:16:27","slug":"vodikovi-experti-se-setkaji-v-praze","status":"publish","type":"post","link":"https:\/\/www.automakers.cz\/?p=1724","title":{"rendered":"Vod\u00edkov\u00ed experti se setkaj\u00ed v Praze"},"content":{"rendered":"<p><strong>Experti z cel\u00e9ho sv\u011bta, kte\u0159\u00ed se zab\u00fdvaj\u00ed vod\u00edkov\u00fdmi technologiemi, m\u00ed\u0159\u00ed do Prahy. Ve dnech 20.\u201322. b\u0159ezna 2024 se v\u00a0\u010desk\u00e9 metropoli uskute\u010dn\u00ed ji\u017e 14. ro\u010dn\u00edk tradi\u010dn\u00ed evropsk\u00e9 odborn\u00e9 konference s n\u00e1zvem Hydrogen Days 2024. Konference vedle v\u00fdzkumn\u00fdch a strategick\u00fdch p\u0159edn\u00e1\u0161ek nab\u00eddne tak\u00e9 \u0159adu vzd\u011bl\u00e1vac\u00edch semin\u00e1\u0159\u016f.<\/strong><!--more--><\/p>\n<p>\u201e<em>Konference je ur\u010dena prim\u00e1rn\u011b pro odborn\u00edky z komer\u010dn\u00edch, v\u00fdzkumn\u00fdch a vzd\u011bl\u00e1vac\u00edch instituc\u00ed, p\u016fsob\u00edc\u00edch v oblasti pokro\u010dil\u00fdch vod\u00edkov\u00fdch a souvisej\u00edc\u00edch technologi\u00ed. Stejn\u011b tak ale c\u00edl\u00ed i na investory, z\u00e1stupce firem, st\u00e1tn\u00edch instituc\u00ed \u010di samospr\u00e1v, zaj\u00edmaj\u00edc\u00ed se o rozvoj vod\u00edkov\u00e9ho hospod\u00e1\u0159stv\u00ed<\/em>,\u201c vysv\u011btluje za po\u0159adatele Veronika Vohl\u00eddkov\u00e1, v\u00fdkonn\u00e1 \u0159editelka a \u010dlenka p\u0159edstavenstva \u010cesk\u00e9 vod\u00edkov\u00e9 technologick\u00e9 platformy (HYTEP).<\/p>\n<p><strong>Vod\u00edk od v\u00fdvoje technologi\u00ed p\u0159es v\u00fdrobu a dopravu a\u017e po legislativu <\/strong><\/p>\n<p>Konference Hydrogen Days 2024 je vynikaj\u00edc\u00edm r\u00e1mcem pro sd\u00edlen\u00ed aktu\u00e1ln\u00edch informac\u00ed o vod\u00edkov\u00fdch politik\u00e1ch a strategi\u00edch, stejn\u011b jako o vod\u00edkov\u00fdch technologi\u00edch a technologi\u00edch palivov\u00fdch \u010dl\u00e1nk\u016f. Z\u00e1rove\u0148 p\u0159edstavuje to nejlep\u0161\u00ed prost\u0159ed\u00ed pro uk\u00e1zku nejnov\u011bj\u0161\u00edch pokrok\u016f ve v\u00fdzkumu, projektech a produktech v \u010cesk\u00e9 republice, visegr\u00e1dsk\u00fdch regionech a st\u0159edn\u00ed Evrop\u011b.<\/p>\n<p>Program t\u0159\u00eddenn\u00ed akce bude rozd\u011blen na n\u011bkolik z\u00e1kladn\u00edch p\u0159edn\u00e1\u0161kov\u00fdch okruh\u016f a panelov\u00fdch diskus\u00ed. Prvn\u00edm tematick\u00fdm okruhem bude v\u00fdvoj a nasazen\u00ed vod\u00edku v energetice. \u0158e\u010dn\u00edci se zam\u011b\u0159\u00ed zejm\u00e9na na v\u00fdrobu a skladov\u00e1n\u00ed vod\u00edku a energie, na souvisej\u00edc\u00ed infrastrukturu, kogenera\u010dn\u00ed syst\u00e9my nebo palivov\u00e9 \u010dl\u00e1nky.<\/p>\n<p>Druh\u00fdm tematick\u00fdm okruhem bude v\u00fdvoj a nasazen\u00ed vod\u00edku v doprav\u011b. P\u0159edstaveny budou nap\u0159\u00edklad palivov\u00e9 \u010dl\u00e1nky pro v\u00fdrobu energie v mobiln\u00edch aplikac\u00edch, pohonn\u00e9 jednotky zalo\u017een\u00e9 na spalov\u00e1n\u00ed vod\u00edku nebo kombinovan\u00e9 syst\u00e9my. Poslucha\u010di se d\u00e1le dozv\u00ed o praktick\u00e9m pou\u017eit\u00ed vod\u00edkov\u00fdch pohon\u016f nap\u0159\u00edklad v n\u00e1kladn\u00ed doprav\u011b, autobusech, lod\u00edch v osobn\u00edch automobilech \u010di vlac\u00edch.<\/p>\n<p><img loading=\"lazy\" decoding=\"async\" class=\"alignnone size-medium wp-image-1728\" src=\"http:\/\/www.automakers.cz\/wp-content\/uploads\/2024\/01\/Hydrogen_days_2023_foto_HYTEP_3-3-900x600.jpg\" alt=\"\" width=\"900\" height=\"600\" srcset=\"https:\/\/www.automakers.cz\/wp-content\/uploads\/2024\/01\/Hydrogen_days_2023_foto_HYTEP_3-3-900x600.jpg 900w, https:\/\/www.automakers.cz\/wp-content\/uploads\/2024\/01\/Hydrogen_days_2023_foto_HYTEP_3-3-1024x683.jpg 1024w, https:\/\/www.automakers.cz\/wp-content\/uploads\/2024\/01\/Hydrogen_days_2023_foto_HYTEP_3-3-768x512.jpg 768w, https:\/\/www.automakers.cz\/wp-content\/uploads\/2024\/01\/Hydrogen_days_2023_foto_HYTEP_3-3-1536x1024.jpg 1536w, https:\/\/www.automakers.cz\/wp-content\/uploads\/2024\/01\/Hydrogen_days_2023_foto_HYTEP_3-3-2048x1365.jpg 2048w\" sizes=\"auto, (max-width: 900px) 100vw, 900px\" \/><\/p>\n<p>T\u0159et\u00ed tematick\u00fd okruh bude v\u011bnov\u00e1n pr\u016f\u0159ezov\u00fdm a zast\u0159e\u0161uj\u00edc\u00edm t\u00e9mat\u016fm, jak\u00fdmi jsou vzd\u011bl\u00e1v\u00e1n\u00ed, legislativa a bezpe\u010dnost, certifikace obnoviteln\u00e9ho vod\u00edku \u010di integrace elektriza\u010dn\u00ed a plyn\u00e1rensk\u00e9 soustavy. P\u0159edstaveny budou tak\u00e9 mo\u017enosti spolupr\u00e1ce, evropsk\u00e9 politiky i n\u00e1rodn\u00ed strategie, vod\u00edkov\u00e1 \u00fadol\u00ed nebo \u00fasp\u011b\u0161n\u00e9 projekty, stejn\u011b jako dekarboniza\u010dn\u00ed potenci\u00e1l vod\u00edku.<\/p>\n<p>V pr\u016fb\u011bhu cel\u00e9 konference Hydrogen Days 2024 se v prostor\u00e1ch Cubex Centre Praha uskute\u010dn\u00ed i doprovodn\u00e1 v\u00fdstava, kde budou \u00fa\u010dastn\u00edk\u016fm konference p\u0159edstaveny uk\u00e1zky vod\u00edkov\u00fdch technologi\u00ed a produkt\u016f.<\/p>\n<p>Posledn\u00ed den konference bude rovn\u011b\u017e prob\u00edhat matchmaking B\u011bhem n\u011bj budou \u00fa\u010dastn\u00edci konference moci p\u0159edstavit sv\u00e9 spole\u010dnosti, v\u011bdeck\u00e9 \u00fastavy, projekty \u010di produkty a z\u00edskat tak kontakty na potenci\u00e1ln\u00ed profesn\u00ed partnery.<\/p>\n<p><strong>Celodenn\u00ed s\u00e9rie vzd\u011bl\u00e1vac\u00edch semin\u00e1\u0159\u016f op\u011bt i pro \u010desk\u00e9 publikum<\/strong><\/p>\n<p>Po lo\u0148sk\u00e9 \u00fasp\u011b\u0161n\u00e9 premi\u00e9\u0159e se i letos, konkr\u00e9tn\u011b ve \u010dtvrtek 21. b\u0159ezna 2024, uskute\u010dn\u00ed celodenn\u00ed s\u00e9rie vzd\u011bl\u00e1vac\u00edch semin\u00e1\u0159\u016f, zam\u011b\u0159en\u00e1 \u010dist\u011b na \u010desk\u00e9 publikum.<\/p>\n<p>\u201e<em>P\u016fjde o jedinou \u010d\u00e1st konference, kter\u00e1 bude v\u00a0\u010de\u0161tin\u011b a kter\u00e1 bude na m\u00edru \u0161it\u00e1 \u010desk\u00e9mu publiku. Nab\u00eddne nap\u0159\u00edklad aktuality ze sv\u011bta evropsk\u00e9 i n\u00e1rodn\u00ed legislativy nebo sd\u00edlen\u00ed zku\u0161enost\u00ed s\u00a0konkr\u00e9tn\u00edm \u010desk\u00fdm vod\u00edkov\u00fdm projektem. Na poslucha\u010de \u010dek\u00e1 i blok zam\u011b\u0159en\u00fd na v\u00fdrobu vod\u00edku pomoc\u00ed elektrol\u00fdzy, a to v\u010detn\u011b p\u0159edn\u00e1\u0161ky na t\u00e9ma optimalizace v\u00fdroby vod\u00edku z\u00a0obnoviteln\u00fdch zdroj\u016f pro malou plnic\u00ed stanici. P\u0159ipraveny jsou i p\u0159edn\u00e1\u0161ky na problematiku konverze p\u0159epravn\u00ed infrastruktury na vod\u00edk nebo nefosiln\u00edch plyn\u016f v\u00a0distribuci<\/em>,\u201c upozor\u0148uje Vohl\u00eddkov\u00e1.<\/p>\n<p><strong>\u0160pi\u010dkov\u00ed \u0159e\u010dn\u00edci i \u0161irok\u00e1 nab\u00eddka spolupr\u00e1ce <\/strong><\/p>\n<p>\u010ctrn\u00e1ct\u00fd ro\u010dn\u00edk konference Hydrogen Days 2024 v\u00a0Cubex Centru Praha i letos p\u0159iv\u00edt\u00e1 \u0161pi\u010dkov\u00e9 \u0159e\u010dn\u00edky nejen z\u00a0\u010cesk\u00e9 republiky, ale i ze zahrani\u010d\u00ed. \u201e<em>Mezi tuzemsk\u00fdmi \u0159e\u010dn\u00edky bude p\u0159\u00edtomen Jozef S\u00edkela, ministr pr\u016fmyslu a obchodu \u010cR, Daniel Mina\u0159\u00edk, p\u0159edseda p\u0159edstavenstva Moravskoslezsk\u00e9ho vod\u00edkov\u00e9ho klastru, Petr Mervart, zmocn\u011bnec ministra pr\u016fmyslu a obchodu \u010cR pro vod\u00edkov\u00e9 strategie nebo Karel Bouzek, prod\u011bkan Fakulty chemick\u00e9 technologie V\u0160CHT. Ze zahrani\u010dn\u00edch \u0159e\u010dn\u00edk\u016f vystoup\u00ed nap\u0159\u00edklad Daan Huisinga, velvyslanec Nizozemsk\u00e9ho kr\u00e1lovstv\u00ed v \u010cesk\u00e9 republice, Frederik Wewetzer ze Saxon Hydrogen Competence Centre \u010di Deborah Goeree, projektov\u00e1 mana\u017eerka New Energy Coalition<\/em>,\u201c vypo\u010d\u00edt\u00e1v\u00e1 Vohl\u00eddkov\u00e1 s\u00a0t\u00edm, \u017ee zaj\u00edmav\u00fdch \u0159e\u010dn\u00edk\u016f je cel\u00e1 \u0159ada a organiz\u00e1to\u0159i je budou postupn\u011b p\u0159edstavovat na webu konference nebo na <a href=\"https:\/\/www.linkedin.com\/company\/czech-hydrogen-technology-platform-hytep-\/?originalSubdomain=cz\">soci\u00e1ln\u00edch s\u00edt\u00edch<\/a> \u010cesk\u00e9 vod\u00edkov\u00e9 technologick\u00e9 platformy HYTEP.<\/p>\n<p><strong>Zv\u00fdhodn\u011bn\u00e1 registrace do 9. \u00fanora 2024<\/strong><\/p>\n<p>Registrace na konferenci Hydrogen Days 2024 je st\u00e1le otev\u0159en\u00e1, do p\u00e1tku 9. \u00fanora 2024 je nav\u00edc mo\u017en\u00e9 p\u0159ihl\u00e1sit se za zv\u00fdhodn\u011bnou cenu. Z\u00e1jemci se mohou registrovat pomoc\u00ed formul\u00e1\u0159e <a href=\"https:\/\/www.hydrogendays2024.cz\/registration\/\">zde<\/a>.<\/p>\n<p>Konference Hydrogen Days 2024 se kon\u00e1 pod z\u00e1\u0161titou Ministerstva \u017eivotn\u00edho prost\u0159ed\u00ed \u010cesk\u00e9 republiky, Ministerstva pr\u016fmyslu a obchodu \u010cesk\u00e9 republiky, Ministerstva zahrani\u010dn\u00edch v\u011bc\u00ed \u010cR a Hlavn\u00edho m\u011bsta Prahy.<\/p>\n<p><strong>Podrobn\u00fd program a v\u00edce informac\u00ed o konferenci na<\/strong> <a href=\"http:\/\/www.HydrogenDays2024.cz\">www.HydrogenDays2024.cz<\/a><\/p>\n<p><img loading=\"lazy\" decoding=\"async\" class=\"alignnone size-medium wp-image-1727\" src=\"http:\/\/www.automakers.cz\/wp-content\/uploads\/2024\/01\/Hydrogen_days_2023_foto_HYTEP_6-2-900x600.jpg\" alt=\"\" width=\"900\" height=\"600\" srcset=\"https:\/\/www.automakers.cz\/wp-content\/uploads\/2024\/01\/Hydrogen_days_2023_foto_HYTEP_6-2-900x600.jpg 900w, https:\/\/www.automakers.cz\/wp-content\/uploads\/2024\/01\/Hydrogen_days_2023_foto_HYTEP_6-2-1024x683.jpg 1024w, https:\/\/www.automakers.cz\/wp-content\/uploads\/2024\/01\/Hydrogen_days_2023_foto_HYTEP_6-2-768x512.jpg 768w, https:\/\/www.automakers.cz\/wp-content\/uploads\/2024\/01\/Hydrogen_days_2023_foto_HYTEP_6-2-1536x1024.jpg 1536w, https:\/\/www.automakers.cz\/wp-content\/uploads\/2024\/01\/Hydrogen_days_2023_foto_HYTEP_6-2-2048x1365.jpg 2048w\" sizes=\"auto, (max-width: 900px) 100vw, 900px\" \/><\/p>\n<p>&nbsp;<\/p>\n","protected":false},"excerpt":{"rendered":"<p>Experti z cel\u00e9ho sv\u011bta, kte\u0159\u00ed se zab\u00fdvaj\u00ed vod\u00edkov\u00fdmi technologiemi, m\u00ed\u0159\u00ed do Prahy. Ve dnech 20.\u201322&#8230;.<\/p>\n","protected":false},"author":1,"featured_media":1726,"comment_status":"open","ping_status":"open","sticky":false,"template":"","format":"standard","meta":{"footnotes":""},"categories":[22,39],"tags":[],"class_list":["post-1724","post","type-post","status-publish","format-standard","has-post-thumbnail","hentry","category-konference","category-vodik"],"_links":{"self":[{"href":"https:\/\/www.automakers.cz\/index.php?rest_route=\/wp\/v2\/posts\/1724","targetHints":{"allow":["GET"]}}],"collection":[{"href":"https:\/\/www.automakers.cz\/index.php?rest_route=\/wp\/v2\/posts"}],"about":[{"href":"https:\/\/www.automakers.cz\/index.php?rest_route=\/wp\/v2\/types\/post"}],"author":[{"embeddable":true,"href":"https:\/\/www.automakers.cz\/index.php?rest_route=\/wp\/v2\/users\/1"}],"replies":[{"embeddable":true,"href":"https:\/\/www.automakers.cz\/index.php?rest_route=%2Fwp%2Fv2%2Fcomments&post=1724"}],"version-history":[{"count":4,"href":"https:\/\/www.automakers.cz\/index.php?rest_route=\/wp\/v2\/posts\/1724\/revisions"}],"predecessor-version":[{"id":1731,"href":"https:\/\/www.automakers.cz\/index.php?rest_route=\/wp\/v2\/posts\/1724\/revisions\/1731"}],"wp:featuredmedia":[{"embeddable":true,"href":"https:\/\/www.automakers.cz\/index.php?rest_route=\/wp\/v2\/media\/1726"}],"wp:attachment":[{"href":"https:\/\/www.automakers.cz\/index.php?rest_route=%2Fwp%2Fv2%2Fmedia&parent=1724"}],"wp:term":[{"taxonomy":"category","embeddable":true,"href":"https:\/\/www.automakers.cz\/index.php?rest_route=%2Fwp%2Fv2%2Fcategories&post=1724"},{"taxonomy":"post_tag","embeddable":true,"href":"https:\/\/www.automakers.cz\/index.php?rest_route=%2Fwp%2Fv2%2Ftags&post=1724"}],"curies":[{"name":"wp","href":"https:\/\/api.w.org\/{rel}","templated":true}]}}