{"id":17249,"date":"2025-10-20T07:38:19","date_gmt":"2025-10-20T07:38:19","guid":{"rendered":"https:\/\/www.automakers.cz\/?p=17249"},"modified":"2025-10-20T07:38:19","modified_gmt":"2025-10-20T07:38:19","slug":"skoda-partnerem-mistrovstvi-sveta-v-gravelu","status":"publish","type":"post","link":"https:\/\/www.automakers.cz\/?p=17249","title":{"rendered":"\u0160koda partnerem Mistrovstv\u00ed sv\u011bta v gravelu"},"content":{"rendered":"<div class=\"entry-summary\">\n<p><strong>\u0160koda Auto se letos poprv\u00e9 stala ofici\u00e1ln\u00edm partnerem Bolero Mistrovstv\u00ed sv\u011bta UCI v gravelu. Sv\u011btov\u00fd \u0161ampion\u00e1t prob\u00edh\u00e1 po\u010dtvrt\u00e9 a z\u00e1vodn\u00edci pom\u011b\u0159\u00ed s\u00edly v nizozemsk\u00e9 provincii Limburg. <\/strong><\/p>\n<\/div>\n<p><!--more--><\/p>\n<p>L\u00e1kadlem akce je spojen\u00ed mu\u017esk\u00e9 a \u017eensk\u00e9 profesion\u00e1ln\u00ed \u0161pi\u010dky s nad\u0161enci z \u0159ad amat\u00e9rsk\u00fdch jezdc\u016f, kte\u0159\u00ed po z\u00e1vodn\u00edc\u00edch vyraz\u00ed na stejnou tra\u0165. \u0160koda Auto dod\u00e1 pro pot\u0159eby organiz\u00e1tor\u016f sedm elektrifikovan\u00fdch voz\u016f \u0160koda, z toho p\u011bt pln\u011b elektrick\u00fdch model\u016f Enyaq. P\u0159\u00edmo u trati bude vystaveno i elektrick\u00e9 SUV Elroq. Automobilka p\u0159ipravila pro n\u00e1v\u0161t\u011bvn\u00edky doprovodn\u00fd program v\u010detn\u011b poj\u00edzdn\u00e9 kav\u00e1rny ve voze Elroq.<\/p>\n<p>Partnerstv\u00ed zna\u010dky \u0160koda a UCI je v souladu s dlouhodobou podporou cyklistiky a posiluje z\u00e1m\u011br \u010desk\u00e9 automobilky st\u00e1t se \u0161pi\u010dkovou volbou pro aktivn\u00ed a prakticky orientovan\u00e9 z\u00e1kazn\u00edky, jak na dom\u00e1c\u00ed, evropsk\u00e9 p\u016fd\u011b, tak na nejrychleji rostouc\u00edch zahrani\u010dn\u00edch trz\u00edch.<\/p>\n<p><em>\u201eCyklistika st\u00e1la u zrodu spole\u010dnosti \u0160koda Auto p\u0159ed 130 lety. Automobilka za tu dobu urazila dlouhou cestu plnou inovac\u00ed a prom\u011bn \u2013 a to sam\u00e9 plat\u00ed pro cyklistiku. Nejlep\u0161\u00edm d\u016fkazem je pr\u00e1v\u011b rozmach gravelu, spojuj\u00edc\u00edho silni\u010dn\u00ed cyklistiku s j\u00edzdou v p\u0159\u00edrod\u011b. Jsme hrd\u00ed, \u017ee m\u016f\u017eeme podporovat tuto atraktivn\u00ed discipl\u00ednu a potvrdit na\u0161e zam\u011b\u0159en\u00ed na udr\u017eitelnou mobilitu t\u00edm, \u017ee zaji\u0161\u0165ujeme elektrifikovanou flotilu voz\u016f pro organiz\u00e1tory. Toto partnerstv\u00ed n\u00e1m umo\u017e\u0148uje je\u0161t\u011b hlub\u0161\u00ed propojen\u00ed s ka\u017edodenn\u00edmi objeviteli, kte\u0159\u00ed r\u00e1di zkou\u0161ej\u00ed n\u011bco nov\u00e9ho a vyzn\u00e1vaj\u00ed aktivn\u00ed \u017eivotn\u00ed styl,\u201c \u0159\u00edk\u00e1 <\/em><strong>Martin Jahn, \u010dlen p\u0159edstavenstva spole\u010dnosti \u0160koda Auto pro Prodej a marketing<\/strong>.<\/p>\n<div class=\"entry-content\">\n<p><strong>Bolero Mistrovstv\u00ed sv\u011bta UCI v gravelu 2025 pro profesion\u00e1ly i\u00a0amat\u00e9ry<\/strong><\/p>\n<p>Gravel je jednou z\u00a0nejrychleji rostouc\u00edch cyklistick\u00fdch discipl\u00edn a\u00a0kombinuje prvky silni\u010dn\u00ed i\u00a0horsk\u00e9 cyklistiky. Mistrovstv\u00ed sv\u011bta se kon\u00e1 po \u010dtvrt\u00e9 a\u00a0\u0161pi\u010dkov\u00ed jezdci a\u00a0jezdkyn\u011b se utkaj\u00ed na n\u00e1ro\u010dn\u00e9m okruhu v\u00a0nizozemsk\u00e9 provincii Limburg v\u00a0okol\u00ed m\u011bst Beek a\u00a0Maastricht. L\u00e1kadlem je vedle zaj\u00edmav\u00e9 trati v\u00a0p\u0159\u00edrodn\u00edch podm\u00ednk\u00e1ch tak\u00e9 spojen\u00ed mu\u017esk\u00e9 a\u00a0\u017eensk\u00e9 profesion\u00e1ln\u00ed \u0161pi\u010dky s\u00a0nad\u0161enci z\u00a0\u0159ad amat\u00e9rsk\u00fdch jezdc\u016f, kte\u0159\u00ed kr\u00e1tce po z\u00e1vodn\u00edc\u00edch vyraz\u00ed na stejnou tra\u0165 v\u00a0r\u00e1mci sv\u00fdch v\u011bkov\u00fdch skupin.<\/p>\n<p><img loading=\"lazy\" decoding=\"async\" class=\"alignnone wp-image-17251\" src=\"http:\/\/www.automakers.cz\/wp-content\/uploads\/2025\/10\/251010_Skoda-Auto-becomes-an-official-partner-of-the-Bolero-UCI-1_18cb63a5-900x600.jpg\" alt=\"\" width=\"1001\" height=\"667\" \/><strong>N\u00e1ro\u010dn\u00e1 tra\u0165 prov\u011b\u0159\u00ed techniku i\u00a0jezdce<\/strong><\/p>\n<p>Organiz\u00e1to\u0159i p\u0159ipravili \u010dlenitou tra\u0165, na kter\u00e9 v sobotu \u017eensk\u00e9 z\u00e1vodnice najedou 131\u00a0km a\u00a0v\u00a0ned\u011bli mu\u017ei zdolaj\u00ed 180\u00a0km. Trasa zahrnuje \u010dty\u0159i stoup\u00e1n\u00ed o\u00a0d\u00e9lce od 500 do\u00a01\u00a0500\u00a0metr\u016f s\u00a0n\u011bkolika strm\u00fdmi \u00faseky. Nejt\u011b\u017e\u0161\u00ed pas\u00e1\u017e se nach\u00e1z\u00ed v\u00a0z\u00e1v\u011bru, kde sportovce \u010dek\u00e1 v\u00edce ne\u017e jeden kilometr s\u00a0pr\u016fm\u011brn\u00fdm sklonem 8\u00a0%, v\u011bt\u0161inou po \u0161t\u011brku. \u00da\u0159aduj\u00edc\u00edmi mistry sv\u011bta UCI v\u00a0gravelu jsou Mathieu Van der Poel (NED) a\u00a0jeho krajanka Marianne Vos (NED).<\/p>\n<p><strong>\u0160koda bude na o\u010d\u00edch n\u00e1v\u0161t\u011bvn\u00edk\u016fm i div\u00e1k\u016fm u obrazovek<\/strong><\/p>\n<p>\u0160koda Auto dod\u00e1 pro pot\u0159eby organiz\u00e1tor\u016f sedm elektrifikovan\u00fdch voz\u016f \u0160koda, z toho p\u011bt pln\u011b elektrick\u00fdch model\u016f Enyaq. Na m\u00edst\u011b p\u0159\u00edmo u trati bude vystaveno i pln\u011b elektrick\u00e9 SUV Elroq. Pro n\u00e1v\u0161t\u011bvn\u00edky p\u0159ipravila automobilka doprovodn\u00fd program a suven\u00fdry ve dvou st\u00e1nc\u00edch na startu a v c\u00edli. Chyb\u011bt nebudou sout\u011b\u017ee a hry ani poj\u00edzdn\u00e1 <a href=\"https:\/\/www.skoda-storyboard.com\/cs\/e-mobilita-cs\/kavarna-na-elektropohon-elroq-a-enyaq-serviruji-kavu\/#?s_state=NEW&amp;s_aid=d8a76hev-f0oc-6iza-b3c4-ldfi6u0kl8cy\" target=\"_blank\" rel=\"noopener\">kav\u00e1rna ve voze Elroq<\/a>, kter\u00e1 nab\u00edz\u00ed vlastn\u00ed udr\u017eitelnou k\u00e1vu\u00a0<a href=\"https:\/\/www.skoda-storyboard.com\/cs\/tiskove-zpravy-archiv\/uzavreni-smycky-s-kazdym-salkem-skoda-auto-zavadi-do-ceskych-provozu-udrzitelnou-kavu-curiosity-fuel\/\" target=\"_blank\" rel=\"noopener\">\u0160koda Curiosity Fuel<\/a>. O\u010dek\u00e1v\u00e1 se \u00fa\u010dast tis\u00edc\u016f fanou\u0161k\u016f a\u00a0dal\u0161\u00ed miliony div\u00e1k\u016f budou z\u00e1vody sledovat prost\u0159ednictv\u00edm \u017eiv\u00e9ho vys\u00edl\u00e1n\u00ed.<\/p>\n<p><strong>\u0160koda Auto podporuje cyklistiku dlouhodob\u011b<\/strong><\/p>\n<p>Letos na ja\u0159e \u0160koda ozn\u00e1mila, \u017ee se pro p\u0159\u00ed\u0161t\u00ed dv\u011b sezony st\u00e1v\u00e1 partnerem\u00a0<a href=\"https:\/\/www.skoda-storyboard.com\/cs\/tiskove-zpravy-archiv\/skoda-auto-partnerem-mezinarodni-cyklisticke-federace-pro-dve-vrcholne-akce-mistrovstvi-sveta-horskych-kol-i-mistrovstvi-sveta-v-gravelu\/\" target=\"_blank\" rel=\"noopener\">dvou vrcholn\u00fdch akc\u00ed Mezin\u00e1rodn\u00ed cyklistick\u00e9 unie (UCI)<\/a>: Mistrovstv\u00ed sv\u011bta horsk\u00fdch kol a\u00a0Bolero Mistrovstv\u00ed sv\u011bta v\u00a0gravelu. \u010cesk\u00e1 automobilka tak roz\u0161\u00ed\u0159ila svoji u\u017e tak rozs\u00e1hlou podporu cyklistiky, kter\u00e1 vych\u00e1z\u00ed z\u00a0jej\u00ed bohat\u00e9 historie.<\/p>\n<p>Zakladatel\u00e9 firmy, V\u00e1clav Laurin a\u00a0V\u00e1clav Klement, zah\u00e1jili v\u00fdrobu j\u00edzdn\u00edch kol v\u00a0Mlad\u00e9 Boleslavi v\u00a0roce 1895. Cyklistika je jedn\u00edm z\u00a0hlavn\u00edch pil\u00ed\u0159\u016f sponzorsk\u00fdch aktivit spole\u010dnosti \u0160koda Auto, v\u010detn\u011b sv\u011btov\u011b proslul\u00fdch sout\u011b\u017e\u00ed. Mezi t\u011bmi nejv\u00fdznamn\u011bj\u0161\u00edmi jsou etapov\u00e9 z\u00e1vody Tour de France a\u00a0Vuelta a\u00a0Espa\u00f1a. Automobilka nav\u00edc vloni\u00a0<a href=\"https:\/\/www.skoda-storyboard.com\/cs\/tiskove-zpravy-archiv\/skoda-auto-prodluzuje-partnerstvi-s-tour-de-france-a-tour-de-france-femmes-avec-zwift-do-roku-2028\/\" target=\"_blank\" rel=\"noopener\">prodlou\u017eila partnerstv\u00ed s\u00a0po\u0159adatelskou agenturou A.S.O.<\/a>\u00a0do roku 2028.<\/p>\n<p><img loading=\"lazy\" decoding=\"async\" class=\"alignnone wp-image-6263\" src=\"http:\/\/www.automakers.cz\/wp-content\/uploads\/2024\/08\/skoda-logo-900x506.png\" alt=\"\" width=\"987\" height=\"555\" \/><\/p>\n<\/div>\n","protected":false},"excerpt":{"rendered":"<p>\u0160koda Auto se letos poprv\u00e9 stala ofici\u00e1ln\u00edm partnerem Bolero Mistrovstv\u00ed sv\u011bta UCI v gravelu. Sv\u011btov\u00fd&#8230;<\/p>\n","protected":false},"author":2,"featured_media":17250,"comment_status":"closed","ping_status":"closed","sticky":false,"template":"","format":"standard","meta":{"footnotes":""},"categories":[102,29,70],"tags":[],"class_list":["post-17249","post","type-post","status-publish","format-standard","has-post-thumbnail","hentry","category-cyklistika","category-sponzoring","category-sport"],"_links":{"self":[{"href":"https:\/\/www.automakers.cz\/index.php?rest_route=\/wp\/v2\/posts\/17249","targetHints":{"allow":["GET"]}}],"collection":[{"href":"https:\/\/www.automakers.cz\/index.php?rest_route=\/wp\/v2\/posts"}],"about":[{"href":"https:\/\/www.automakers.cz\/index.php?rest_route=\/wp\/v2\/types\/post"}],"author":[{"embeddable":true,"href":"https:\/\/www.automakers.cz\/index.php?rest_route=\/wp\/v2\/users\/2"}],"replies":[{"embeddable":true,"href":"https:\/\/www.automakers.cz\/index.php?rest_route=%2Fwp%2Fv2%2Fcomments&post=17249"}],"version-history":[{"count":4,"href":"https:\/\/www.automakers.cz\/index.php?rest_route=\/wp\/v2\/posts\/17249\/revisions"}],"predecessor-version":[{"id":17258,"href":"https:\/\/www.automakers.cz\/index.php?rest_route=\/wp\/v2\/posts\/17249\/revisions\/17258"}],"wp:featuredmedia":[{"embeddable":true,"href":"https:\/\/www.automakers.cz\/index.php?rest_route=\/wp\/v2\/media\/17250"}],"wp:attachment":[{"href":"https:\/\/www.automakers.cz\/index.php?rest_route=%2Fwp%2Fv2%2Fmedia&parent=17249"}],"wp:term":[{"taxonomy":"category","embeddable":true,"href":"https:\/\/www.automakers.cz\/index.php?rest_route=%2Fwp%2Fv2%2Fcategories&post=17249"},{"taxonomy":"post_tag","embeddable":true,"href":"https:\/\/www.automakers.cz\/index.php?rest_route=%2Fwp%2Fv2%2Ftags&post=17249"}],"curies":[{"name":"wp","href":"https:\/\/api.w.org\/{rel}","templated":true}]}}