{"id":17306,"date":"2025-10-22T12:01:17","date_gmt":"2025-10-22T12:01:17","guid":{"rendered":"https:\/\/www.automakers.cz\/?p=17306"},"modified":"2025-10-23T07:33:48","modified_gmt":"2025-10-23T07:33:48","slug":"kia-predvedla-model-ev4-v-kralovicich","status":"publish","type":"post","link":"https:\/\/www.automakers.cz\/?p=17306","title":{"rendered":"Kia p\u0159edvedla elektromobil EV4 v pra\u017esk\u00fdch Kr\u00e1lovic\u00edch"},"content":{"rendered":"<p><strong>\u010cesk\u00e1 Kia uspo\u0159\u00e1dala n\u00e1rodn\u00ed prezentaci modelu EV4 v restauraci Mark\u00e9ta v pra\u017esk\u00fdch Kr\u00e1lovic\u00edch. Novin\u00e1\u0159i m\u011bli mo\u017enost otestovat novinku p\u0159i dynamick\u00e9 prezentaci, v\u00fdrobu prvn\u00edho evropsk\u00e9ho elektromobilu zna\u010dky popsal mana\u017eer z\u00e1vodu Kia Slovakia Tom\u00e1\u0161 Poto\u010dek.<\/strong><!--more--><\/p>\n<p>Hatchback je elektrickou alternativou k modelu Ceed a vyr\u00e1b\u00ed se v <strong>\u017dilin\u011b na Slovensku<\/strong>. Verze Fastback sj\u00ed\u017ed\u00ed z v\u00fdrobn\u00ed linky v prvn\u00ed korejsk\u00e9 tov\u00e1rn\u011b na v\u00fdrobu pln\u011b elektrick\u00fdch vozidel v <strong>Gwangmyeongu.<\/strong><\/p>\n<figure id=\"attachment_17161\" aria-describedby=\"caption-attachment-17161\" style=\"width: 900px\" class=\"wp-caption alignnone\"><img loading=\"lazy\" decoding=\"async\" class=\"size-medium wp-image-17161\" src=\"http:\/\/www.automakers.cz\/wp-content\/uploads\/2025\/10\/Kia-EV4-Kralovice-prapor-orez-900x529.jpg\" alt=\"\" width=\"900\" height=\"529\" srcset=\"https:\/\/www.automakers.cz\/wp-content\/uploads\/2025\/10\/Kia-EV4-Kralovice-prapor-orez-900x529.jpg 900w, https:\/\/www.automakers.cz\/wp-content\/uploads\/2025\/10\/Kia-EV4-Kralovice-prapor-orez-1024x602.jpg 1024w, https:\/\/www.automakers.cz\/wp-content\/uploads\/2025\/10\/Kia-EV4-Kralovice-prapor-orez-768x451.jpg 768w, https:\/\/www.automakers.cz\/wp-content\/uploads\/2025\/10\/Kia-EV4-Kralovice-prapor-orez-1536x903.jpg 1536w, https:\/\/www.automakers.cz\/wp-content\/uploads\/2025\/10\/Kia-EV4-Kralovice-prapor-orez.jpg 1785w\" sizes=\"auto, (max-width: 900px) 100vw, 900px\" \/><figcaption id=\"caption-attachment-17161\" class=\"wp-caption-text\">Premi\u00e9ru hostila restaurace Mark\u00e9ta; Foto: Erich Handl<\/figcaption><\/figure>\n<p><strong>Slovenskou produkci probral v rozhovoru s \u0159editelkou komunikace \u010desk\u00e9ho importu Kate\u0159inou Va\u0148kovou Jougl\u00ed\u010dkovou Tom\u00e1\u0161 Poto\u010dek, \u0161\u00e9f komunikace v\u00fdrobn\u00edho z\u00e1vodu Kia Slovakia.<\/strong><\/p>\n<p><iframe loading=\"lazy\"  id=\"_ytid_43456\"  width=\"640\" height=\"360\"  data-origwidth=\"640\" data-origheight=\"360\" src=\"https:\/\/www.youtube.com\/embed\/g1bzL7oZPxQ?enablejsapi=1&#038;autoplay=0&#038;cc_load_policy=0&#038;cc_lang_pref=&#038;iv_load_policy=1&#038;loop=0&#038;modestbranding=0&#038;rel=1&#038;fs=1&#038;playsinline=0&#038;autohide=2&#038;theme=dark&#038;color=red&#038;controls=1&#038;\" class=\"__youtube_prefs__  epyt-is-override  no-lazyload\" title=\"YouTube player\"  allow=\"accelerometer; autoplay; clipboard-write; encrypted-media; gyroscope; picture-in-picture\" allowfullscreen data-no-lazy=\"1\" data-skipgform_ajax_framebjll=\"\"><\/iframe><\/p>\n<p><strong>Dojezd elektromobilu \u010din\u00ed a\u017e 625 kilometr\u016f<\/strong> (Fastback: 633 km, oba modely se 17palcov\u00fdmi koly).<\/p>\n<p><strong>EV4 se nab\u00edz\u00ed se dv\u011bma akumul\u00e1tory<\/strong> (58,3 a 81,4 kWh), kter\u00e9 lze dob\u00edt z 10 na 80 procent za p\u0159ibli\u017en\u011b 30 minut, a je k dispozici v postupn\u00fdch verz\u00edch: Air, Earth a GT-Line, p\u0159i\u010dem\u017e Fastback je nab\u00edzen se dv\u011bma v\u00fdbavov\u00fdmi stupni Earth a GT-Line.<\/p>\n<p><img loading=\"lazy\" decoding=\"async\" class=\"alignnone size-medium wp-image-17350\" src=\"http:\/\/www.automakers.cz\/wp-content\/uploads\/2025\/10\/kia-ev4-base-line-blue-flame-dynamic-digital-1920x1080-002-900x506.jpg\" alt=\"\" width=\"900\" height=\"506\" \/><strong>Standardn\u00ed v\u00fdbava zahrnuje<\/strong> nov\u00fd infotainment syst\u00e9m Kia ccNC (Connected Car Navigation Cockpit),\u00a0 panoramatick\u00fd displej s digit\u00e1ln\u00edm p\u0159\u00edstrojov\u00fdm \u0161t\u00edtem, naviga\u010dn\u00ed obrazovku a dotykovou obrazovku pro ovl\u00e1d\u00e1n\u00ed klimatizace; chytr\u00fd kl\u00ed\u010d; LED sv\u011btlomety; dvouz\u00f3novou automatickou klimatizaci a \u0161k\u00e1lu asisten\u010dn\u00edch syst\u00e9m\u016f.<\/p>\n<p><img loading=\"lazy\" decoding=\"async\" class=\"alignnone size-medium wp-image-17310\" src=\"http:\/\/www.automakers.cz\/wp-content\/uploads\/2025\/10\/Kia-Kralovice-rada-aut-orez-900x516.jpg\" alt=\"\" width=\"900\" height=\"516\" srcset=\"https:\/\/www.automakers.cz\/wp-content\/uploads\/2025\/10\/Kia-Kralovice-rada-aut-orez-900x516.jpg 900w, https:\/\/www.automakers.cz\/wp-content\/uploads\/2025\/10\/Kia-Kralovice-rada-aut-orez-1024x587.jpg 1024w, https:\/\/www.automakers.cz\/wp-content\/uploads\/2025\/10\/Kia-Kralovice-rada-aut-orez-768x440.jpg 768w, https:\/\/www.automakers.cz\/wp-content\/uploads\/2025\/10\/Kia-Kralovice-rada-aut-orez-1536x880.jpg 1536w, https:\/\/www.automakers.cz\/wp-content\/uploads\/2025\/10\/Kia-Kralovice-rada-aut-orez.jpg 1887w\" sizes=\"auto, (max-width: 900px) 100vw, 900px\" \/>Ceny za\u010d\u00ednaj\u00ed na <strong><b>939 980 korun\u00e1ch<\/b><\/strong>\u00a0pro EV4 Air se standardn\u00ed bateri\u00ed a <strong><b>1\u00a0074\u00a0980 korun\u00e1ch<\/b><\/strong>\u00a0pro z\u00e1kladn\u00ed verzi s bateri\u00ed s dlouh\u00fdm dojezdem. EV4 Fastback, kter\u00fd je k dispozici tak\u00e9 se dv\u011bma bateriemi, je dostupn\u00fd od <strong><b>1\u00a0054\u00a0980 korun<\/b><\/strong>\u00a0se standardn\u00ed bateri\u00ed a <strong><b>1\u00a0189\u00a0980 korun\u00e1ch<\/b><\/strong>\u00a0s\u00a0bateri\u00ed s\u00a0dlouh\u00fdm dojezdem.<\/p>\n<p><strong>V cen\u011b je standardn\u00ed 7let\u00e1 z\u00e1ruka<\/strong> v\u00fdrobce Kia a osmilet\u00e1 z\u00e1ruka na akumul\u00e1tor (nebo 160 000 km). Dod\u00e1vky voz\u016f dealer\u016fm do \u010cesk\u00e9 republiky za\u010daly od \u0159\u00edjna 2025.<\/p>\n<p><strong>Kia EV4 byla p\u0159edstavene ve dvou variant\u00e1ch &#8211; hatchback a fastback:<\/strong><\/p>\n<ul>\n<li><strong>prvn\u00ed pln\u011b elektrick\u00fd v\u016fz Kia vyr\u00e1b\u011bn\u00fd v Evrop\u011b ve slovensk\u00e9 \u017dilin\u011b<\/strong><\/li>\n<li><strong>elektrick\u00fd dojezd a\u017e 625 km (WLTP)<\/strong><\/li>\n<li><strong>rychl\u00e9 dob\u00edjen\u00ed \u2013 z\u202f10 na 80\u202f% za pouh\u00fdch 29 minut<\/strong><\/li>\n<li><strong>interi\u00e9r s relaxa\u010dn\u00edmi sedadly<\/strong><\/li>\n<li><strong>asistent s um\u011blou inteligenc\u00ed<\/strong><\/li>\n<li><strong>a\u017e 490\u202fl zavazadlov\u00e9ho prostoru<\/strong><\/li>\n<li><strong>30&#8243; \u0161iroko\u00fahl\u00fd displej<\/strong><\/li>\n<li><strong>Digit\u00e1ln\u00ed kl\u00ed\u010d Kia 2.0<\/strong><\/li>\n<\/ul>\n<p><strong>Erich Handl, Kr\u00e1lovice, Video: Lud\u011bk Kortus<\/strong><\/p>\n<p><img loading=\"lazy\" decoding=\"async\" class=\"alignnone size-medium wp-image-17309\" src=\"http:\/\/www.automakers.cz\/wp-content\/uploads\/2025\/10\/Kia-Kralovice-tvrz-vez-orez-900x525.jpg\" alt=\"\" width=\"900\" height=\"525\" srcset=\"https:\/\/www.automakers.cz\/wp-content\/uploads\/2025\/10\/Kia-Kralovice-tvrz-vez-orez-900x525.jpg 900w, https:\/\/www.automakers.cz\/wp-content\/uploads\/2025\/10\/Kia-Kralovice-tvrz-vez-orez-1024x597.jpg 1024w, https:\/\/www.automakers.cz\/wp-content\/uploads\/2025\/10\/Kia-Kralovice-tvrz-vez-orez-768x448.jpg 768w, https:\/\/www.automakers.cz\/wp-content\/uploads\/2025\/10\/Kia-Kralovice-tvrz-vez-orez-1536x896.jpg 1536w, https:\/\/www.automakers.cz\/wp-content\/uploads\/2025\/10\/Kia-Kralovice-tvrz-vez-orez.jpg 1632w\" sizes=\"auto, (max-width: 900px) 100vw, 900px\" \/><\/p>\n","protected":false},"excerpt":{"rendered":"<p>\u010cesk\u00e1 Kia uspo\u0159\u00e1dala n\u00e1rodn\u00ed prezentaci modelu EV4 v restauraci Mark\u00e9ta v pra\u017esk\u00fdch Kr\u00e1lovic\u00edch. Novin\u00e1\u0159i m\u011bli&#8230;<\/p>\n","protected":false},"author":1,"featured_media":17340,"comment_status":"closed","ping_status":"closed","sticky":false,"template":"","format":"standard","meta":{"footnotes":""},"categories":[59,37,9,71,12,66],"tags":[],"class_list":["post-17306","post","type-post","status-publish","format-standard","has-post-thumbnail","hentry","category-automakers-tv","category-ceny-novinek","category-elektromobily","category-interview","category-premiery","category-video"],"_links":{"self":[{"href":"https:\/\/www.automakers.cz\/index.php?rest_route=\/wp\/v2\/posts\/17306","targetHints":{"allow":["GET"]}}],"collection":[{"href":"https:\/\/www.automakers.cz\/index.php?rest_route=\/wp\/v2\/posts"}],"about":[{"href":"https:\/\/www.automakers.cz\/index.php?rest_route=\/wp\/v2\/types\/post"}],"author":[{"embeddable":true,"href":"https:\/\/www.automakers.cz\/index.php?rest_route=\/wp\/v2\/users\/1"}],"replies":[{"embeddable":true,"href":"https:\/\/www.automakers.cz\/index.php?rest_route=%2Fwp%2Fv2%2Fcomments&post=17306"}],"version-history":[{"count":17,"href":"https:\/\/www.automakers.cz\/index.php?rest_route=\/wp\/v2\/posts\/17306\/revisions"}],"predecessor-version":[{"id":17341,"href":"https:\/\/www.automakers.cz\/index.php?rest_route=\/wp\/v2\/posts\/17306\/revisions\/17341"}],"wp:featuredmedia":[{"embeddable":true,"href":"https:\/\/www.automakers.cz\/index.php?rest_route=\/wp\/v2\/media\/17340"}],"wp:attachment":[{"href":"https:\/\/www.automakers.cz\/index.php?rest_route=%2Fwp%2Fv2%2Fmedia&parent=17306"}],"wp:term":[{"taxonomy":"category","embeddable":true,"href":"https:\/\/www.automakers.cz\/index.php?rest_route=%2Fwp%2Fv2%2Fcategories&post=17306"},{"taxonomy":"post_tag","embeddable":true,"href":"https:\/\/www.automakers.cz\/index.php?rest_route=%2Fwp%2Fv2%2Ftags&post=17306"}],"curies":[{"name":"wp","href":"https:\/\/api.w.org\/{rel}","templated":true}]}}