{"id":17316,"date":"2025-10-22T12:00:47","date_gmt":"2025-10-22T12:00:47","guid":{"rendered":"https:\/\/www.automakers.cz\/?p=17316"},"modified":"2025-10-22T12:00:47","modified_gmt":"2025-10-22T12:00:47","slug":"tesla-dohodla-s-eve-energy-dodavku-bateriovych-clanku","status":"publish","type":"post","link":"https:\/\/www.automakers.cz\/?p=17316","title":{"rendered":"Tesla dohodla s EVE Energy dod\u00e1vku bateriov\u00fdch \u010dl\u00e1nk\u016f"},"content":{"rendered":"<p><strong>Tesla Energy Group a \u010d\u00ednsk\u00e1 EVE Energy podepsaly dohodu o spolupr\u00e1ci na dod\u00e1vce \u010dl\u00e1nk\u016f a syst\u00e9m\u016f o kapacit\u011b 1 GWh, kter\u00fd v p\u0159\u00ed\u0161t\u00edch p\u011bti letech pokryje des\u00edtky energetick\u00fdch projekt\u016f ve st\u0159edn\u00ed a v\u00fdchodn\u00ed Evrop\u011b v\u010detn\u011b \u010cesk\u00e9 republiky.<\/strong><!--more--><\/p>\n<p>Smlouva mezi spole\u010dnost\u00ed Tesla Energy Group a \u010d\u00ednskou EVE Energy, jedn\u00edm z nejv\u011bt\u0161\u00edch v\u00fdrobc\u016f bateri\u00ed na sv\u011bt\u011b, je prvn\u00edm partnerstv\u00edm tohoto rozsahu ve st\u0159edn\u00ed a v\u00fdchodn\u00ed Evrop\u011b. Tesla Energy Group se d\u00edky n\u011bmu st\u00e1v\u00e1 hlavn\u00edm region\u00e1ln\u00edm odb\u011bratelem bateriov\u00fdch \u010dl\u00e1nk\u016f a syst\u00e9m\u016f EVE Energy, kter\u00e9 vyu\u017eije p\u0159i v\u00fdstavb\u011b velkokapacitn\u00edch bateriov\u00fdch \u00falo\u017ei\u0161\u0165 (BESS).<\/p>\n<p>\u201ePodepsali jsme smlouvu o strategick\u00e9m partnerstv\u00ed s v\u00fdhledem spolupr\u00e1ce na projektech v letech 2026 &#8211; 2030,\u201d uvedl Peter Stan\u010d\u00edk, obchodn\u00ed \u0159editel Tesla Energy Group. Tesla od EVE Energy b\u011bhem p\u011bti let odebere baterie s celkovou kapacitou 1 GWh. Celkov\u00e1 kapacita v\u0161ech zrealizovan\u00fdch bateriov\u00fdch syst\u00e9m\u016f v \u010cesku se p\u0159itom podle Asociace pro akumulaci energie AKU-BAT pohybuje kolem 2 GWh.<\/p>\n<p>\u201eEVE Energy je dynamick\u00e1 a flexibiln\u00ed firma, kter\u00e1 chce b\u00fdt bl\u00ed\u017e sv\u00fdm z\u00e1kazn\u00edk\u016fm. Na stejn\u00fdch hodnot\u00e1ch stoj\u00ed i Tesla Energy Group. EVE Energy n\u00e1m nav\u00edc nab\u00eddla spolehlivost, kter\u00e1 je v na\u0161em oboru rozhoduj\u00edc\u00ed. Je to partner, jeho\u017e v\u00fdrobn\u00ed kapacita n\u00e1m zaru\u010duje bezprobl\u00e9movou a v\u010dasnou realizaci jak\u00e9hokoliv bateriov\u00e9ho \u00falo\u017ei\u0161t\u011b,\u201c \u0159ekl Peter Stan\u010d\u00edk.<\/p>\n<p><strong>Pro EVE Energy je spolupr\u00e1ce s Tesla Energy Group strategick\u00fdm krokem v rozvoji evropsk\u00e9ho trhu.<\/strong> \u201eVelmi si cen\u00edme spolupr\u00e1ce se spole\u010dnost\u00ed Tesla, kter\u00e1 n\u00e1m umo\u017en\u00ed uv\u00e1d\u011bt pokro\u010dil\u00e9 technologie velkokapacitn\u00ed akumulace energie ve st\u0159edn\u00ed a v\u00fdchodn\u00ed Evrop\u011b. Tento krok posiluje na\u0161e strategick\u00e9 partnerstv\u00ed a potvrzuje n\u00e1\u0161 spole\u010dn\u00fd z\u00e1vazek k udr\u017eiteln\u00e9 energetick\u00e9 budoucnosti,\u201c uvedl Oscar Chan, viceprezident EVE Energy.<\/p>\n<p>Celkov\u011b m\u00e1 Tesla Energy Group za sebou p\u0159ibli\u017en\u011b 30 projekt\u016f st\u0159edn\u00ed a v\u011bt\u0161\u00ed velikosti, co\u017e je n\u00e1sobn\u011b v\u00edce ne\u017e v\u011bt\u0161ina konkurent\u016f v regionu. Pr\u00e1v\u011b z toho d\u016fvodu je v o\u010d\u00edch zahrani\u010dn\u00edch investor\u016f a dodavatel\u016f v\u00fdznamn\u00fdm strategick\u00fdm partnerem.<\/p>\n<p>Na z\u00e1klad\u011b smlouvy bude EVE Energy s Teslou v obdob\u00ed let 2026 &#8211; 2030 spolupracovat na dod\u00e1vk\u00e1ch BESS a bateriov\u00fdch pack\u016f s kapacitou zhruba 200 MWh ro\u010dn\u011b. \u201ePokud to ale trh umo\u017en\u00ed a po \u00falo\u017ei\u0161t\u00edch bude popt\u00e1vka, m\u016f\u017eeme cel\u00fd objem 1 GWh odebrat d\u0159\u00edve \u2013 b\u011bhem dvou a\u017e t\u0159\u00ed let,\u201d doplnil Peter Stan\u010d\u00edk. Takov\u00fd objem bateri\u00ed je mo\u017en\u00e9 pou\u017e\u00edt k v\u00fdstavb\u011b BESS za p\u0159ibli\u017en\u011b \u010dty\u0159i miliardy korun.<\/p>\n<p>EVE Energy bude v r\u00e1mci spolupr\u00e1ce s Teslou dod\u00e1vat \u0161pi\u010dkov\u00e9 technologie v\u010detn\u011b ultra-vysokokapacitn\u00edch \u010dl\u00e1nk\u016f 628 Ah \u201eMr.Big\u201c a syst\u00e9m\u016f \u201eMr.Giant\u201c o kapacit\u011b 5 MWh. \u201eSpole\u010dnost z\u00e1rove\u0148 investuje do v\u00fdvoje sod\u00edkov\u00fdch \u010dl\u00e1nk\u016f, kter\u00e9 mohou v budoucnu znamenat z\u00e1sadn\u00ed pr\u016flom. Jejich provoz je toti\u017e m\u00e9n\u011b z\u00e1visl\u00fd na na teplotn\u00edch podm\u00ednk\u00e1ch a zvy\u0161uje bezpe\u010dnost provozu BESS,\u201d upozornil Peter Stan\u010d\u00edk.<\/p>\n<p><strong>Prvn\u00edm projektem, kde Tesla Energy Group baterie od EVE Energy vyu\u017eije<\/strong>, bude p\u0159ipravovan\u00e9 bateriov\u00e9 \u00falo\u017ei\u0161t\u011b v \u010cesk\u00e9 republice s kapacitou 26 MWh. V pl\u00e1nu je v\u0161ak jejich vyu\u017eit\u00ed na cel\u00e9 \u0159ad\u011b dal\u0161\u00edch projekt\u016f v r\u00e1mci st\u0159edn\u00ed a v\u00fdchodn\u00ed Evropy. \u201eV sou\u010dasn\u00e9 dob\u011b se n\u00e1m da\u0159\u00ed expandovat do zem\u00ed jako je Slovensko, Polsko, Ma\u010farsko nebo Chorvatsko. I v t\u011bchto regionech budeme pro realizaci na\u0161ich \u00falo\u017ei\u0161\u0165 pracovat s bateriemi dodan\u00fdmi spole\u010dnost\u00ed EVE Energy,\u201d uzav\u0159el Peter Stan\u010d\u00edk.<\/p>\n","protected":false},"excerpt":{"rendered":"<p>Tesla Energy Group a \u010d\u00ednsk\u00e1 EVE Energy podepsaly dohodu o spolupr\u00e1ci na dod\u00e1vce \u010dl\u00e1nk\u016f a&#8230;<\/p>\n","protected":false},"author":2,"featured_media":9469,"comment_status":"closed","ping_status":"closed","sticky":false,"template":"","format":"standard","meta":{"footnotes":""},"categories":[65,23,40],"tags":[],"class_list":["post-17316","post","type-post","status-publish","format-standard","has-post-thumbnail","hentry","category-baterie","category-dodavatele","category-technologie"],"_links":{"self":[{"href":"https:\/\/www.automakers.cz\/index.php?rest_route=\/wp\/v2\/posts\/17316","targetHints":{"allow":["GET"]}}],"collection":[{"href":"https:\/\/www.automakers.cz\/index.php?rest_route=\/wp\/v2\/posts"}],"about":[{"href":"https:\/\/www.automakers.cz\/index.php?rest_route=\/wp\/v2\/types\/post"}],"author":[{"embeddable":true,"href":"https:\/\/www.automakers.cz\/index.php?rest_route=\/wp\/v2\/users\/2"}],"replies":[{"embeddable":true,"href":"https:\/\/www.automakers.cz\/index.php?rest_route=%2Fwp%2Fv2%2Fcomments&post=17316"}],"version-history":[{"count":3,"href":"https:\/\/www.automakers.cz\/index.php?rest_route=\/wp\/v2\/posts\/17316\/revisions"}],"predecessor-version":[{"id":17337,"href":"https:\/\/www.automakers.cz\/index.php?rest_route=\/wp\/v2\/posts\/17316\/revisions\/17337"}],"wp:featuredmedia":[{"embeddable":true,"href":"https:\/\/www.automakers.cz\/index.php?rest_route=\/wp\/v2\/media\/9469"}],"wp:attachment":[{"href":"https:\/\/www.automakers.cz\/index.php?rest_route=%2Fwp%2Fv2%2Fmedia&parent=17316"}],"wp:term":[{"taxonomy":"category","embeddable":true,"href":"https:\/\/www.automakers.cz\/index.php?rest_route=%2Fwp%2Fv2%2Fcategories&post=17316"},{"taxonomy":"post_tag","embeddable":true,"href":"https:\/\/www.automakers.cz\/index.php?rest_route=%2Fwp%2Fv2%2Ftags&post=17316"}],"curies":[{"name":"wp","href":"https:\/\/api.w.org\/{rel}","templated":true}]}}